{"id":334368,"date":"2026-08-26T21:01:09","date_gmt":"2026-08-26T21:01:09","guid":{"rendered":"https:\/\/www.europesays.com\/fi\/334368\/"},"modified":"2026-08-26T21:01:09","modified_gmt":"2026-08-26T21:01:09","slug":"nuoret-ranska-kieltaa-puhelimet-lukiolaisilta-syksylla-hs-fi","status":"publish","type":"post","link":"https:\/\/www.europesays.com\/fi\/334368\/","title":{"rendered":"Nuoret | Ranska kielt\u00e4\u00e4 puhelimet lukiolaisilta syksyll\u00e4 &#8211; HS.fi"},"content":{"rendered":"<ol>\n<li><a href=\"https:\/\/news.google.com\/rss\/articles\/CBMiXEFVX3lxTE9ZMFJlN2hNNmluMmo5OWJWN0ptNnRINHRBRGs5R1Q4YVlQNHN6WWlQN1A5TzhNQXNWUVJhejNrSGVFb2pmMXVUa3g4MURXTjlYU3BjbHpVTDJKN0Q3?oc=5\" target=\"_blank\" rel=\"nofollow noopener\">Nuoret | Ranska kielt\u00e4\u00e4 puhelimet lukiolaisilta syksyll\u00e4<\/a>&nbsp;&nbsp;HS.fi<\/li>\n<li><a href=\"https:\/\/news.google.com\/rss\/articles\/CBMiQkFVX3lxTE9IdWdXRHpTOFpTTUdoT2NuLVdqUDlGdHVSTUFlei1ieDI5LWF2dUl6TlN0Q1JUdExOb2p3MC12bURUUQ?oc=5\" target=\"_blank\" rel=\"nofollow noopener\">Ranska kielt\u00e4\u00e4 matkapuhelimet lukioissa ensi kuusta l\u00e4htien<\/a>&nbsp;&nbsp;Yle<\/li>\n<li><a href=\"https:\/\/news.google.com\/rss\/articles\/CBMipAFBVV95cUxOd21qTmxrcnRETjFjaDFTTS04SWd4SE1DWlE3d3NOTjdIMkt6VC02MGF6SW01dlBhN21vWDdMNXVVOHllU0UxZW4xN3JibmZZS1pNeDRMVTY1am5xV1hhQWdaZlc5YktnNHNVUThMR1ktbXJrYmQwNDdlWWwtQmdCWk52LW0wcVF5ZEhsXzdSSWVyRDl3WjFIclZURXhfU2x4dy12Vw?oc=5\" target=\"_blank\" rel=\"nofollow noopener\">Euroopan maa kielt\u00e4\u00e4 puhelimet lukioissa \u2013 koulut varoittavat ongelmista<\/a>&nbsp;&nbsp;Verkkouutiset<\/li>\n<li><a href=\"https:\/\/news.google.com\/rss\/articles\/CBMixwFBVV95cUxQS0xLMnFNbTlGWjE5QVNPTGc0NXRjaDhxS1VWWUpxZ0FrR1M4RGJITzRpd3V1Y2N2YXBuUlhQWjVBZnc5ZkdNWDV5X0pid1k5S3JOVmMweTFwUlpUbks1Nll4S19rb0hoY0NmS296OGU4TUhFRmdYRzhjZGFXdkcyVm9UWDFfVmdCUUtjN1JYeHVVSWFkRjFJTlpjQVZuU25qX2NnN21zNGY5NUZ3X3Q4eG93VTlhbzlRQmp6RzA5eXdaLXNHdTRB?oc=5\" target=\"_blank\" rel=\"nofollow noopener\">K\u00e4nnyk\u00f6iden kielt\u00e4minen jo lukuvuoden alusta?<\/a>&nbsp;&nbsp;Sortir \u00e0 Paris<\/li>\n<li><a href=\"https:\/\/news.google.com\/rss\/articles\/CBMigwFBVV95cUxQU2tLbmhkajdyQ3otc0NlWE44QW90U0dkWlJrVVpRbXBEakN4VnVERWpNM0xLckxzd04wQ0Q5dGZObi1SS0pjenRVaXZ5aXJTcUFaUUozcEItUlFYU2dlQnBLeUpkR2NRcjhIR2lVRVhCS3JuOFBYVjJ1WGNfZlpmcHV2QQ?oc=5\" target=\"_blank\" rel=\"nofollow noopener\">Ranska kielt\u00e4\u00e4 k\u00e4nnyk\u00e4t lukioissa<\/a>&nbsp;&nbsp;mtvuutiset.fi<\/li>\n<\/ol>\n","protected":false},"excerpt":{"rendered":"Nuoret | Ranska kielt\u00e4\u00e4 puhelimet lukiolaisilta syksyll\u00e4&nbsp;&nbsp;HS.fi Ranska kielt\u00e4\u00e4 matkapuhelimet lukioissa ensi kuusta l\u00e4htien&nbsp;&nbsp;Yle Euroopan maa kielt\u00e4\u00e4 puhelimet&hellip;\n","protected":false},"author":2,"featured_media":334369,"comment_status":"","ping_status":"","sticky":false,"template":"","format":"standard","meta":{"footnotes":"","_share_on_mastodon":"0"},"categories":[85],"tags":[33,31,30,46,419,418,32,91,92],"class_list":["post-334368","post","type-post","status-publish","format-standard","has-post-thumbnail","category-mobiili","tag-fi","tag-finland","tag-finnish","tag-helsingin-sanomat","tag-mobiili","tag-mobile","tag-suomi","tag-technology","tag-teknologia"],"share_on_mastodon":{"url":"https:\/\/pubeurope.com\/@fi\/117163831337964177","error":""},"_links":{"self":[{"href":"https:\/\/www.europesays.com\/fi\/wp-json\/wp\/v2\/posts\/334368","targetHints":{"allow":["GET"]}}],"collection":[{"href":"https:\/\/www.europesays.com\/fi\/wp-json\/wp\/v2\/posts"}],"about":[{"href":"https:\/\/www.europesays.com\/fi\/wp-json\/wp\/v2\/types\/post"}],"author":[{"embeddable":true,"href":"https:\/\/www.europesays.com\/fi\/wp-json\/wp\/v2\/users\/2"}],"replies":[{"embeddable":true,"href":"https:\/\/www.europesays.com\/fi\/wp-json\/wp\/v2\/comments?post=334368"}],"version-history":[{"count":0,"href":"https:\/\/www.europesays.com\/fi\/wp-json\/wp\/v2\/posts\/334368\/revisions"}],"wp:featuredmedia":[{"embeddable":true,"href":"https:\/\/www.europesays.com\/fi\/wp-json\/wp\/v2\/media\/334369"}],"wp:attachment":[{"href":"https:\/\/www.europesays.com\/fi\/wp-json\/wp\/v2\/media?parent=334368"}],"wp:term":[{"taxonomy":"category","embeddable":true,"href":"https:\/\/www.europesays.com\/fi\/wp-json\/wp\/v2\/categories?post=334368"},{"taxonomy":"post_tag","embeddable":true,"href":"https:\/\/www.europesays.com\/fi\/wp-json\/wp\/v2\/tags?post=334368"}],"curies":[{"name":"wp","href":"https:\/\/api.w.org\/{rel}","templated":true}]}}