{"id":334372,"date":"2026-08-26T21:05:13","date_gmt":"2026-08-26T21:05:13","guid":{"rendered":"https:\/\/www.europesays.com\/fi\/334372\/"},"modified":"2026-08-26T21:05:13","modified_gmt":"2026-08-26T21:05:13","slug":"tanssii-tahtien-kanssa-2026-johanna-puhakka-ja-yksityinen-tanssiopettaja","status":"publish","type":"post","link":"https:\/\/www.europesays.com\/fi\/334372\/","title":{"rendered":"Tanssii t\u00e4htien kanssa 2026: Johanna Puhakka ja yksityinen tanssiopettaja"},"content":{"rendered":"<p>\n            20260806 HELSINKI. TANSSII T\u00c4HTIEN KANSSA, TANSSIPARIEN JULKISTUSTILAISUUS. Johanna Puhakka. KUVA: ATTE KAJOVA<br \/>\n            Atte Kajova\n        <\/p>\n<p class=\"subtitle \">N\u00e4yttelij\u00e4 Johanna Puhakka opettelee t\u00e4ytt\u00e4 h\u00e4k\u00e4\u00e4 tanssiaskelia tulevaa Tanssii t\u00e4htien kanssa -ohjelman kautta varten.<\/p>\n<p class=\"article-content article-content-width !bg-background\">Sunnuntaina 30.8. koittaa tv-kansan odottama hetki, kun Tanssii t\u00e4htien kanssa -ohjelma k\u00e4ynnistyy MTV3-kanavalla. Viimein my\u00f6s salaisuuden verho aukeaa, kun esittelyjaksossa selvi\u00e4\u00e4, kuka astuu juontaja  saappaisiin.<\/p>\n<p class=\"font-weight-bold m-font-weight-bold article-content article-content-width !bg-background\">Video: Mik\u00e4 on t\u00e4htioppilaiden tuleva bravuuritanssi?<\/p>\n<p class=\"article-content article-content-width !bg-background\">Kauden t\u00e4hdet opettelevat jo t\u00e4ytt\u00e4 h\u00e4k\u00e4\u00e4 tanssiaskeleita tulevaa varten. Ensimm\u00e4inen livel\u00e4hetys ja tanssinpy\u00f6rteet n\u00e4hd\u00e4\u00e4n sunnuntaina 6.9.\u00a0<\/p>\n<p class=\"article-content article-content-width !bg-background\">Salatut el\u00e4m\u00e4t -sarjasta tuttu n\u00e4yttelij\u00e4  harjoittelee tanssiaskeleita paitsi tanssisalissa\u00a0\u00a0 kanssa, my\u00f6s kotona.<\/p>\n<p>        <a itemprop=\"url\" href=\"https:\/\/www.seiska.fi\/katso\/ttk-johanna-puhakalla-salainen-ase-opettaja-jurza-ei-innostu\/2229164\" rel=\"nofollow noopener\" target=\"_blank\"><\/p>\n<p>\nTTK:ssa kisaava Johanna Puhakka\n<\/p>\n<p class=\"section-date\">\n        <strong class=\"article-section\" data-section=\"katso\"><br \/>\n            katso<br \/>\n        <\/strong><br \/>\n        14.8. 05:15\n    <\/p>\n<p>TTK: Johanna Puhakalla salainen ase \u2013 opettaja-Jurza ei innostu\n    <\/p>\n<p itemprop=\"description\" class=\"subtitle \">\n    Johannalta l\u00f6ytyy hieman tanssitaustaa.\n<\/p>\n<p>        <\/a><\/p>\n<p>Tuuraaja<\/p>\n<p class=\"article-content article-content-width !bg-background\"><a href=\"https:\/\/www.instagram.com\/johannapuhakka\/\" target=\"_blank\" rel=\"nofollow noopener\">Johanna julkaisi Instagram-tililleen videon<\/a>, jossa harjoittelee tanssiaskeleita Rantabaari-sarjasta tutun n\u00e4yttelij\u00e4puolisonsa  kanssa.\u00a0<\/p>\n<p class=\"article-content article-content-width !bg-background\">Taivutukset ja muut liikkeet eiv\u00e4t onnistu yht\u00e4 jouhevasti kuin tanssiopettajan tahdissa.<\/p>\n<p class=\"article-content article-content-width !bg-background\">\u2013\tSamuel p\u00e4\u00e4see my\u00f6s uuden harrastuksen pariin. Ope ei tosin muista omia kuin viej\u00e4nk\u00e4\u00e4n askelia, Johanna kirjoittaa nauruhymi\u00f6iden kera.<\/p>\n<p class=\"article-content article-content-width !bg-background\">Samuel on kirjoittanut kommenttikentt\u00e4\u00e4n Jurzalle terveiset.<\/p>\n<p class=\"article-content article-content-width !bg-background\">\u2013\tN\u00e4ill\u00e4 puheilla voin tuurata sitten joku sunnuntai, Samuel kirjoittaa merkiten Jurzan kommenttiin.<\/p>\n<p class=\"article-content article-content-width !bg-background\">\u2013\tT\u00e4m\u00e4 on siis sovittu, Jurza vastaa.<\/p>\n<p class=\"article-content article-content-width !bg-background\"><a href=\"https:\/\/www.seiska.fi\/katso\/ttk-johanna-puhakalla-salainen-ase-opettaja-jurza-ei-innostu\/2229164\" target=\"_blank\" rel=\"nofollow noopener\">Johanna kertoi Katsolle TTK:n pressin yhteydess\u00e4<\/a>, ett\u00e4 aloitti tanssitreenit kotioloissa ja ennen varsinaisten treenien alkua.<\/p>\n<p class=\"article-content article-content-width !bg-background\">Tsempparina on toiminut h\u00e4nen puolisonsa Samuel. Pariskunta on katsonut tanssin askelia muun muassa Youtubesta.<\/p>\n<p class=\"article-content article-content-width !bg-background\">Jurza ei torpannut oitis t\u00e4htioppilaansa oppimismetodeja, vaikkakin hieman kyseenalaisti niit\u00e4.<\/p>\n<p class=\"article-content article-content-width !bg-background\">H\u00e4nen mukaansa on hyv\u00e4 tutustua tanssin eri muotoihin, siihen liittyy tosin pieni mutta:<\/p>\n<p class=\"article-content article-content-width !bg-background\">\u2013 Mutta tietenk\u00e4\u00e4n Youtubesta ei voi oikeasti opetella mit\u00e4\u00e4n, vaan t\u00e4ytyy salilla kokeilla, miten homma toimii, Jurza totesi.<\/p>\n<p>        <a itemprop=\"url\" href=\"https:\/\/www.seiska.fi\/katso\/ttk-paljastuivatko-ohjelman-huimat-yllatykset-jo-nyt\/2231344\" rel=\"nofollow noopener\" target=\"_blank\"><\/p>\n<p>\nTTK\n<\/p>\n<p class=\"section-date\">\n        <strong class=\"article-section\" data-section=\"katso\"><br \/>\n            katso<br \/>\n        <\/strong><br \/>\n        11.8. 05:15\n    <\/p>\n<p>TTK: Paljastuivatko ohjelman huimat yll\u00e4tykset jo nyt?\n    <\/p>\n<p itemprop=\"description\" class=\"subtitle \">\n    Tanssii t\u00e4htien kanssa on tarjoillut mennein\u00e4 vuosina monenlaista j\u00e4nnityst\u00e4. N\u00e4in uudet kilpailijat ovat valmiita yll\u00e4tt\u00e4m\u00e4\u00e4n.\n<\/p>\n<p>        <\/a><\/p>\n<p>Tuplavuoro<\/p>\n<p class=\"article-content article-content-width !bg-background\">Johannalla ja Samuelilla on vuonna 2024 syntyneet kaksospojat. Arki on kiireist\u00e4, sill\u00e4 ruuhkavuosien lis\u00e4ksi Johanna n\u00e4yttelee Salkkareissa sek\u00e4 treenaa t\u00e4ytt\u00e4 h\u00e4k\u00e4\u00e4 TTK:ta varten.<\/p>\n<p class=\"article-content article-content-width !bg-background\"><a href=\"https:\/\/www.instagram.com\/stories\/johannapuhakka\/\" target=\"_blank\" rel=\"nofollow noopener\">Johanna kertoo Instagramin tarinoissa<\/a>, ett\u00e4 jotkut p\u00e4iv\u00e4t venyv\u00e4t sangen pitkiksi. Julkaisut s\u00e4ilyv\u00e4t tilill\u00e4 24 tuntia sen julkaisusta.\u00a0<\/p>\n<p class=\"article-content article-content-width !bg-background\">\u2013 T\u00e4n\u00e4\u00e4n taas tuplavuoro, kohta tanssimaan ja illaksi Salkkareihin, Johanna kirjoitti tiistaina 25.8.<\/p>\n<p>                <img decoding=\"async\" src=\"https:\/\/www.europesays.com\/fi\/wp-content\/uploads\/2026\/08\/2229214.webp\" width=\"576\" height=\"418\" alt=\"Johanna Puhakka opettelee t\u00e4ytt\u00e4 h\u00e4k\u00e4\u00e4 tanssiaskeleita TTK:ta varten. H\u00e4nen tanssiopettajanaan toimii Jurijs 'Jurza' Trosenko.\" loading=\"lazy\" \/>            <\/p>\n<p>\n            Johanna Puhakka opettelee t\u00e4ytt\u00e4 h\u00e4k\u00e4\u00e4 tanssiaskeleita TTK:ta varten. H\u00e4nen tanssiopettajanaan toimii Jurijs &#8221;Jurza&#8221; Trosenko.<br \/>\n            Atte Kajova\n        <\/p>\n<p class=\"article-content article-content-width !bg-background\">Johanna on ottanut tosissaan TTK:n. Niin tosissaan, ett\u00e4 tanssiaskeleet tulevat uniin.<\/p>\n<p class=\"article-content article-content-width !bg-background\">\u2013 Menin eilen 21:30 nukkumaan ja nelj\u00e4n aikaan her\u00e4sin miettim\u00e4\u00e4n k\u00e4si\u00e4, time steppej\u00e4, lukkoja ja swiveleit\u00e4, Johanna kirjoittaa.<\/p>\n<p class=\"italic m-italic article-content article-content-width !bg-background\">Tanssii t\u00e4htien kanssa 30.8. alkaen MTV3-kanavalla ja MTV Katsomossa.\u00a0<\/p>\n<p>        <a itemprop=\"url\" href=\"https:\/\/www.seiska.fi\/kotimaa\/johanna-puhakka-avoimena-perhetilanteestaanehka-olen-hullu\/2229441\" rel=\"nofollow noopener\" target=\"_blank\"><\/p>\n<p>\nJohanna Puhakka\n<\/p>\n<p class=\"section-date\">\n        <strong class=\"article-section\" data-section=\"kotimaa\"><br \/>\n            kotimaa<br \/>\n        <\/strong><br \/>\n        9.8. 19:00\n    <\/p>\n<p>Johanna Puhakka avoimena perhetilanteestaan:&#8221;Ehk\u00e4 olen hullu&#8221;\n    <\/p>\n<p itemprop=\"description\" class=\"subtitle \">\n    Johannan ja Samuel-puolison lapset t\u00e4yttiv\u00e4t hiljattain 2 vuotta.\n<\/p>\n<p>        <\/a><\/p>\n<p><script async src=\"\/\/www.instagram.com\/embed.js\"><\/script><\/p>\n","protected":false},"excerpt":{"rendered":"20260806 HELSINKI. TANSSII T\u00c4HTIEN KANSSA, TANSSIPARIEN JULKISTUSTILAISUUS. Johanna Puhakka. KUVA: ATTE KAJOVA Atte Kajova N\u00e4yttelij\u00e4 Johanna Puhakka opettelee&hellip;\n","protected":false},"author":2,"featured_media":334373,"comment_status":"","ping_status":"","sticky":false,"template":"","format":"standard","meta":{"footnotes":"","_share_on_mastodon":"0"},"categories":[133],"tags":[137,33,31,30,13720,41560,905,6568,32,903,206,3099,156,109],"class_list":["post-334372","post","type-post","status-publish","format-standard","has-post-thumbnail","category-televisiot","tag-entertainment","tag-fi","tag-finland","tag-finnish","tag-johanna-puhakka","tag-jurijs-trosenko","tag-mtv3","tag-samuel-glassar","tag-suomi","tag-tanssii-tahtien-kanssa","tag-televisiot","tag-ttk","tag-tv","tag-viihde"],"share_on_mastodon":{"url":"https:\/\/pubeurope.com\/@fi\/117163847534649898","error":""},"_links":{"self":[{"href":"https:\/\/www.europesays.com\/fi\/wp-json\/wp\/v2\/posts\/334372","targetHints":{"allow":["GET"]}}],"collection":[{"href":"https:\/\/www.europesays.com\/fi\/wp-json\/wp\/v2\/posts"}],"about":[{"href":"https:\/\/www.europesays.com\/fi\/wp-json\/wp\/v2\/types\/post"}],"author":[{"embeddable":true,"href":"https:\/\/www.europesays.com\/fi\/wp-json\/wp\/v2\/users\/2"}],"replies":[{"embeddable":true,"href":"https:\/\/www.europesays.com\/fi\/wp-json\/wp\/v2\/comments?post=334372"}],"version-history":[{"count":0,"href":"https:\/\/www.europesays.com\/fi\/wp-json\/wp\/v2\/posts\/334372\/revisions"}],"wp:featuredmedia":[{"embeddable":true,"href":"https:\/\/www.europesays.com\/fi\/wp-json\/wp\/v2\/media\/334373"}],"wp:attachment":[{"href":"https:\/\/www.europesays.com\/fi\/wp-json\/wp\/v2\/media?parent=334372"}],"wp:term":[{"taxonomy":"category","embeddable":true,"href":"https:\/\/www.europesays.com\/fi\/wp-json\/wp\/v2\/categories?post=334372"},{"taxonomy":"post_tag","embeddable":true,"href":"https:\/\/www.europesays.com\/fi\/wp-json\/wp\/v2\/tags?post=334372"}],"curies":[{"name":"wp","href":"https:\/\/api.w.org\/{rel}","templated":true}]}}