{"id":334440,"date":"2026-08-26T22:37:36","date_gmt":"2026-08-26T22:37:36","guid":{"rendered":"https:\/\/www.europesays.com\/fi\/334440\/"},"modified":"2026-08-26T22:37:36","modified_gmt":"2026-08-26T22:37:36","slug":"antti-asikainen-on-suomen-viidenneksi-paras-nuori-fysiikan-opiskelija-israelissa-jarjestettavat-kansainvaliset-fysiikkaolympialaiset-kutsuvat-heinakuussa-paikalliset","status":"publish","type":"post","link":"https:\/\/www.europesays.com\/fi\/334440\/","title":{"rendered":"Antti Asikainen on Suomen viidenneksi paras nuori fysiikan opiskelija \u2014 Israelissa j\u00e4rjestett\u00e4v\u00e4t kansainv\u00e4liset fysiikkaolympialaiset kutsuvat hein\u00e4kuussa | Paikalliset"},"content":{"rendered":"<p>Mikkelin lukiossa opiskeleva Antti Asikainen on yksi Suomen lahjakkaimmista alle 20-vuotiaista fysiikan opiskelijoista. P\u00e4\u00e4sy olympialaisiin varmistui viime viikolla.<\/p>\n<p>Lukion toisella luokalla oleva <strong>Antti Asikainen<\/strong> l\u00e4htee hein\u00e4kuussa Israeliin, eik\u00e4 suinkaan vain lomareissulle. H\u00e4n on yksi viidest\u00e4 suomalaisesta nuoresta, jotka matkustavat kansainv\u00e4lisiin fysiikkaolympialaisiin.<\/p>\n","protected":false},"excerpt":{"rendered":"Mikkelin lukiossa opiskeleva Antti Asikainen on yksi Suomen lahjakkaimmista alle 20-vuotiaista fysiikan opiskelijoista. P\u00e4\u00e4sy olympialaisiin varmistui viime viikolla.&hellip;\n","protected":false},"author":2,"featured_media":334441,"comment_status":"","ping_status":"","sticky":false,"template":"","format":"standard","meta":{"footnotes":"","_share_on_mastodon":"0"},"categories":[115],"tags":[33,31,30,455,41564,454,118,32,119],"class_list":["post-334440","post","type-post","status-publish","format-standard","has-post-thumbnail","category-fysiikka","tag-fi","tag-finland","tag-finnish","tag-fysiikka","tag-fysiikkaolympialaiset","tag-physics","tag-science","tag-suomi","tag-tiede"],"share_on_mastodon":{"url":"https:\/\/pubeurope.com\/@fi\/117164208725550970","error":""},"_links":{"self":[{"href":"https:\/\/www.europesays.com\/fi\/wp-json\/wp\/v2\/posts\/334440","targetHints":{"allow":["GET"]}}],"collection":[{"href":"https:\/\/www.europesays.com\/fi\/wp-json\/wp\/v2\/posts"}],"about":[{"href":"https:\/\/www.europesays.com\/fi\/wp-json\/wp\/v2\/types\/post"}],"author":[{"embeddable":true,"href":"https:\/\/www.europesays.com\/fi\/wp-json\/wp\/v2\/users\/2"}],"replies":[{"embeddable":true,"href":"https:\/\/www.europesays.com\/fi\/wp-json\/wp\/v2\/comments?post=334440"}],"version-history":[{"count":0,"href":"https:\/\/www.europesays.com\/fi\/wp-json\/wp\/v2\/posts\/334440\/revisions"}],"wp:featuredmedia":[{"embeddable":true,"href":"https:\/\/www.europesays.com\/fi\/wp-json\/wp\/v2\/media\/334441"}],"wp:attachment":[{"href":"https:\/\/www.europesays.com\/fi\/wp-json\/wp\/v2\/media?parent=334440"}],"wp:term":[{"taxonomy":"category","embeddable":true,"href":"https:\/\/www.europesays.com\/fi\/wp-json\/wp\/v2\/categories?post=334440"},{"taxonomy":"post_tag","embeddable":true,"href":"https:\/\/www.europesays.com\/fi\/wp-json\/wp\/v2\/tags?post=334440"}],"curies":[{"name":"wp","href":"https:\/\/api.w.org\/{rel}","templated":true}]}}