{"id":334468,"date":"2026-08-26T23:26:08","date_gmt":"2026-08-26T23:26:08","guid":{"rendered":"https:\/\/www.europesays.com\/fi\/334468\/"},"modified":"2026-08-26T23:26:08","modified_gmt":"2026-08-26T23:26:08","slug":"belgialaiset-ranskalaiset-ovat-vaarassa-perunat-hadin-tuskin-pingispallon-kokoisia-uutissuomalainen","status":"publish","type":"post","link":"https:\/\/www.europesays.com\/fi\/334468\/","title":{"rendered":"Belgialaiset ranskalaiset ovat vaarassa, perunat h\u00e4din tuskin pingispallon kokoisia | Uutissuomalainen"},"content":{"rendered":"<p>Perinteiset belgialaiset ranskalaiset ovat vaarassa, uutisoi <a href=\"https:\/\/www.euronews.com\/my-europe\/2026\/08\/26\/belgian-fries-under-threat-as-potatoes-shrink-in-heat\" rel=\"nofollow noopener\" target=\"_blank\">Euronews<\/a>.<\/p>\n<p>Belgialaiset perunanviljelij\u00e4t ovat kertoneet, ett\u00e4 t\u00e4m\u00e4n vuoden perunasato on poikkeuksellisen pieni \u00e4\u00e4rimm\u00e4isten s\u00e4\u00e4olosuhteiden takia. T\u00e4m\u00e4 her\u00e4tt\u00e4\u00e4 huolta tarjonnan v\u00e4henemisest\u00e4 ja hintojen noususta maailman suurimman pakasteranskalaisten viej\u00e4maan osalta.<\/p>\n<p>L\u00e4hell\u00e4 it\u00e4ist\u00e4 Li\u00e8gen kaupunkia maata viljelev\u00e4 <strong>Mathieu Comijn<\/strong> nosti maasta h\u00e4din tuskin pingispallon kokoisia perunoita.<\/p>\n<p>\u2013\u2009N\u00e4kee selv\u00e4sti, ett\u00e4 maa on \u00e4\u00e4rimm\u00e4isen kuivaa. Normaalisti niiden pit\u00e4isi olla v\u00e4hint\u00e4\u00e4n nelj\u00e4 kertaa t\u00e4t\u00e4 suurempia. T\u00e4ll\u00e4 hetkell\u00e4 n\u00e4ist\u00e4 perunoista ei voi tehd\u00e4 ranskalaisia, Comijn sanoi Euronewsille.<\/p>\n<p>Belgiassa oli ensin kev\u00e4\u00e4ll\u00e4 rankkasateita ja myrskyj\u00e4, ja ne heikensiv\u00e4t maaper\u00e4\u00e4. Sen j\u00e4lkeen poikkeuksellisen kuuma ja kuiva kes\u00e4s\u00e4\u00e4 esti perunoita kehittym\u00e4st\u00e4 normaalisti.<\/p>\n<p><strong class=\"diks-storyline__impact\">Brysseliss\u00e4 sijaitsevan tunnetun<\/strong> Maison Antoine -perunakioskin omistaja <strong>Pascal Willaert <\/strong>kertoo Euronewsille, ett\u00e4 suuret ja pitk\u00e4nomaiset perunat ovat ihanteellisia ranskanperunoiden valmistukseen.<\/p>\n<p>\u2013\u2009Mutta juuri nyt, kun s\u00e4\u00e4olosuhteet vaihtelevat niin rajusti, on vaikea l\u00f6yt\u00e4\u00e4 t\u00e4ydellist\u00e4 perunaa ranskanperunoita varten.<\/p>\n<p>Belgia on maailman suurin pakasteperunoiden viej\u00e4. Noin 90 prosenttia maan tuottamista pakasteperunoista vied\u00e4\u00e4n yli 120 eri markkina-alueelle. Perunapula saattaa lopulta heijastua my\u00f6s kuluttajahintoihin.<\/p>\n","protected":false},"excerpt":{"rendered":"Perinteiset belgialaiset ranskalaiset ovat vaarassa, uutisoi Euronews. Belgialaiset perunanviljelij\u00e4t ovat kertoneet, ett\u00e4 t\u00e4m\u00e4n vuoden perunasato on poikkeuksellisen pieni&hellip;\n","protected":false},"author":2,"featured_media":334469,"comment_status":"","ping_status":"","sticky":false,"template":"","format":"standard","meta":{"footnotes":"","_share_on_mastodon":"0"},"categories":[5],"tags":[22,23,2110,26,27,33,31,30,17,706,24,25,28,29,3381,15,18,21,900,2331,710,32,19,20,16],"class_list":["post-334468","post","type-post","status-publish","format-standard","has-post-thumbnail","category-otsikot","tag-breaking-news","tag-breakingnews","tag-elamantapa-ja-vapaa-aika","tag-featured-news","tag-featurednews","tag-fi","tag-finland","tag-finnish","tag-headlines","tag-kesa","tag-latest-news","tag-latestnews","tag-main-news","tag-mainnews","tag-myrskyt","tag-news","tag-otsikot","tag-paauutiset","tag-ruoka","tag-ruoka-ja-juoma","tag-saa","tag-suomi","tag-top-stories","tag-topstories","tag-uutiset"],"share_on_mastodon":{"url":"https:\/\/pubeurope.com\/@fi\/117164401268657827","error":""},"_links":{"self":[{"href":"https:\/\/www.europesays.com\/fi\/wp-json\/wp\/v2\/posts\/334468","targetHints":{"allow":["GET"]}}],"collection":[{"href":"https:\/\/www.europesays.com\/fi\/wp-json\/wp\/v2\/posts"}],"about":[{"href":"https:\/\/www.europesays.com\/fi\/wp-json\/wp\/v2\/types\/post"}],"author":[{"embeddable":true,"href":"https:\/\/www.europesays.com\/fi\/wp-json\/wp\/v2\/users\/2"}],"replies":[{"embeddable":true,"href":"https:\/\/www.europesays.com\/fi\/wp-json\/wp\/v2\/comments?post=334468"}],"version-history":[{"count":0,"href":"https:\/\/www.europesays.com\/fi\/wp-json\/wp\/v2\/posts\/334468\/revisions"}],"wp:featuredmedia":[{"embeddable":true,"href":"https:\/\/www.europesays.com\/fi\/wp-json\/wp\/v2\/media\/334469"}],"wp:attachment":[{"href":"https:\/\/www.europesays.com\/fi\/wp-json\/wp\/v2\/media?parent=334468"}],"wp:term":[{"taxonomy":"category","embeddable":true,"href":"https:\/\/www.europesays.com\/fi\/wp-json\/wp\/v2\/categories?post=334468"},{"taxonomy":"post_tag","embeddable":true,"href":"https:\/\/www.europesays.com\/fi\/wp-json\/wp\/v2\/tags?post=334468"}],"curies":[{"name":"wp","href":"https:\/\/api.w.org\/{rel}","templated":true}]}}