{"id":334564,"date":"2026-08-27T02:48:27","date_gmt":"2026-08-27T02:48:27","guid":{"rendered":"https:\/\/www.europesays.com\/fi\/334564\/"},"modified":"2026-08-27T02:48:27","modified_gmt":"2026-08-27T02:48:27","slug":"seura-kari-heiskanen-kertoo-avoimesti-tyttarensa-downin-syndroomasta","status":"publish","type":"post","link":"https:\/\/www.europesays.com\/fi\/334564\/","title":{"rendered":"Seura: Kari Heiskanen kertoo avoimesti tytt\u00e4rens\u00e4 Downin syndroomasta"},"content":{"rendered":"<p>            Timo Korhonen\n        <\/p>\n<p class=\"subtitle \">Kari Heiskanen on viiden lapsen is\u00e4. Vanhin lapsista on jo yli nelj\u00e4kymment\u00e4, kun taas kuopus on ala-asteik\u00e4inen.<\/p>\n<p class=\"article-content article-content-width !bg-background\">N\u00e4yttelij\u00e4 , 71, on ehtinyt el\u00e4m\u00e4ss\u00e4\u00e4n paljon.\u00a0<\/p>\n<p class=\"font-weight-bold m-font-weight-bold article-content article-content-width !bg-background\">Videolla Saija Varjus kertoo terveydest\u00e4\u00e4n:<\/p>\n<p class=\"article-content article-content-width !bg-background\">Katsojat voivat muistaa h\u00e4net muun muassa kasarikomediasta Veli Puolikuu. Onpa Kari toiminut ohjaajanakin esimerkiksi Turun kaupunginteatterin Macbeth-n\u00e4ytelm\u00e4ss\u00e4. Karin ansioihin lukeutuu my\u00f6s Pro Finlandia -mitali vuodelta 2008.<\/p>\n<p class=\"article-content article-content-width !bg-background\">N\u00e4ytt\u00e4v\u00e4n uran ohella Kari on ehtinyt el\u00e4m\u00e4\u00e4n my\u00f6s perhe-el\u00e4m\u00e4\u00e4. Ex-vaimonsa  kanssa h\u00e4nell\u00e4 on kolme jo aikuista lasta: ,  ja . Nykyisen puolisonsa  kanssa Kari on saanut kaksi tyt\u00e4rt\u00e4, jotka ovat 11- ja 7-vuotiaat.\u00a0<\/p>\n<p>        <a itemprop=\"url\" href=\"https:\/\/www.seiska.fi\/kotimaa\/me-naiset-kari-heiskanen-71-avoimena-pienten-lasten-isyydesta\/2242833\" rel=\"nofollow noopener\" target=\"_blank\"><\/p>\n<p>\nKari Heiskanen, 71, Me Naisille\n<\/p>\n<p class=\"section-date\">\n        <strong class=\"article-section\" data-section=\"kotimaa\"><br \/>\n            kotimaa<br \/>\n        <\/strong><br \/>\n        24.8. 19:00\n    <\/p>\n<p>Me Naiset: Kari Heiskanen, 71, avoimena pienten lasten isyydest\u00e4\n    <\/p>\n<p itemprop=\"description\" class=\"subtitle \">\n    Kari Heiskanen ja Anna-Maija Tuokko ovat olleet yhdess\u00e4 yli vuosikymmenen.\n<\/p>\n<p>        <\/a><\/p>\n<p>                <img decoding=\"async\" src=\"https:\/\/www.europesays.com\/fi\/wp-content\/uploads\/2026\/08\/2245506.webp\" width=\"576\" height=\"720\" alt=\"Kari Heiskanen kuvattuna vuonna 2024.\" loading=\"lazy\" \/>            <\/p>\n<p>\n            Kari Heiskanen kuvattuna vuonna 2024.<br \/>\n            Timo Korhonen\n        <\/p>\n<p>Pelot osoittautuivat turhiksi<\/p>\n<p class=\"article-content article-content-width !bg-background\">Karin ensiaskeleet isyydess\u00e4 eiv\u00e4t olleet perinteisimm\u00e4t: esikoislapsen kehitysvamma selvisi Karille ja Saralle vasta syntym\u00e4n j\u00e4lkeen. N\u00e4yttelij\u00e4 kertoo Saimi-tytt\u00e4rens\u00e4 Downin oireyhtym\u00e4st\u00e4 avoimesti <a href=\"https:\/\/seura.fi\/\" target=\"_blank\" rel=\"nofollow noopener\">Seura<\/a>-lehden haastattelussa.\u00a0<\/p>\n<p class=\"article-content article-content-width !bg-background\">Kuten useilla Downin syndroomaa potevilla, Saimilla oli syntyess\u00e4\u00e4n syd\u00e4nvika. Kari muistelee lehdess\u00e4 tytt\u00e4rens\u00e4 lapsena l\u00e4pik\u00e4ymi\u00e4 leikkauksia. H\u00e4n kuvailee niiden lujittaneen Saimin aseman el\u00e4m\u00e4ss\u00e4\u00e4n.\u00a0<\/p>\n<p class=\"article-content article-content-width !bg-background\">\u2013 Suurin pelkoni oli, ett\u00e4 vammainen tyt\u00e4r v\u00e4rj\u00e4\u00e4 kaiken sen, mit\u00e4 meid\u00e4n el\u00e4m\u00e4ss\u00e4mme tapahtuu. Siin\u00e4 ei k\u00e4ynyt alkuunkaan niin, Kari toteaa Seurassa.\u00a0<\/p>\n<p>        <a itemprop=\"url\" href=\"https:\/\/www.seiska.fi\/katso\/anna-maija-tuokko-paljastus-perheen-raha-asioista\/2130642\" rel=\"nofollow noopener\" target=\"_blank\"><\/p>\n<p>\nAnna-Maija Tuokko\n<\/p>\n<p class=\"section-date\">\n        <strong class=\"article-section\" data-section=\"katso\"><br \/>\n            katso<br \/>\n        <\/strong><br \/>\n        20.4. 06:15\n    <\/p>\n<p>Anna-Maija Tuokko: Paljastus perheen raha-asioista\n    <\/p>\n<p itemprop=\"description\" class=\"subtitle \">\n    N\u00e4yttelij\u00e4pari Anna-Maija Tuokon ja Kari Heiskasen m\u00f6kkipiha remontoidaan tv:ss\u00e4.\n<\/p>\n<p>        <\/a><\/p>\n<p class=\"article-content article-content-width !bg-background\">Toisella tapaa lapsen kehitysvamma on kuitenkin Karin el\u00e4m\u00e4\u00e4n vaikuttanut. Se sai h\u00e4net p\u00e4\u00e4tt\u00e4m\u00e4\u00e4n, ett\u00e4 h\u00e4n tulee aina pit\u00e4m\u00e4\u00e4n huolta, ett\u00e4 Saimilla on asiat hyvin. Is\u00e4ll\u00e4 ja tytt\u00e4rell\u00e4 onkin l\u00e4heiset v\u00e4lit.\u00a0<\/p>\n<p class=\"article-content article-content-width !bg-background\">\u2013 Olen \u00e4\u00e4rimm\u00e4isen ylpe\u00e4, kun kuljemme yhdess\u00e4 kaupungilla. Ajattelen, ett\u00e4 t\u00e4ss\u00e4 t\u00e4m\u00e4 makea mimmi kulkee minun vierell\u00e4ni. Tied\u00e4n, ett\u00e4 h\u00e4n p\u00e4rj\u00e4\u00e4 el\u00e4m\u00e4ss\u00e4, Kari hehkuttaa lehdess\u00e4.<\/p>\n","protected":false},"excerpt":{"rendered":"Timo Korhonen Kari Heiskanen on viiden lapsen is\u00e4. Vanhin lapsista on jo yli nelj\u00e4kymment\u00e4, kun taas kuopus on&hellip;\n","protected":false},"author":2,"featured_media":334565,"comment_status":"","ping_status":"","sticky":false,"template":"","format":"standard","meta":{"footnotes":"","_share_on_mastodon":"0"},"categories":[130],"tags":[19707,32673,137,33,31,30,39574,98,41569,32,3489,109],"class_list":["post-334564","post","type-post","status-publish","format-standard","has-post-thumbnail","category-viihde","tag-anna-maija-tuokko","tag-downin-syndrooma","tag-entertainment","tag-fi","tag-finland","tag-finnish","tag-kari-heiskanen","tag-perhe","tag-sara-paavolainen","tag-suomi","tag-tytar","tag-viihde"],"share_on_mastodon":{"url":"https:\/\/pubeurope.com\/@fi\/117165196138475706","error":""},"_links":{"self":[{"href":"https:\/\/www.europesays.com\/fi\/wp-json\/wp\/v2\/posts\/334564","targetHints":{"allow":["GET"]}}],"collection":[{"href":"https:\/\/www.europesays.com\/fi\/wp-json\/wp\/v2\/posts"}],"about":[{"href":"https:\/\/www.europesays.com\/fi\/wp-json\/wp\/v2\/types\/post"}],"author":[{"embeddable":true,"href":"https:\/\/www.europesays.com\/fi\/wp-json\/wp\/v2\/users\/2"}],"replies":[{"embeddable":true,"href":"https:\/\/www.europesays.com\/fi\/wp-json\/wp\/v2\/comments?post=334564"}],"version-history":[{"count":0,"href":"https:\/\/www.europesays.com\/fi\/wp-json\/wp\/v2\/posts\/334564\/revisions"}],"wp:featuredmedia":[{"embeddable":true,"href":"https:\/\/www.europesays.com\/fi\/wp-json\/wp\/v2\/media\/334565"}],"wp:attachment":[{"href":"https:\/\/www.europesays.com\/fi\/wp-json\/wp\/v2\/media?parent=334564"}],"wp:term":[{"taxonomy":"category","embeddable":true,"href":"https:\/\/www.europesays.com\/fi\/wp-json\/wp\/v2\/categories?post=334564"},{"taxonomy":"post_tag","embeddable":true,"href":"https:\/\/www.europesays.com\/fi\/wp-json\/wp\/v2\/tags?post=334564"}],"curies":[{"name":"wp","href":"https:\/\/api.w.org\/{rel}","templated":true}]}}