{"id":334568,"date":"2026-08-27T02:52:14","date_gmt":"2026-08-27T02:52:14","guid":{"rendered":"https:\/\/www.europesays.com\/fi\/334568\/"},"modified":"2026-08-27T02:52:14","modified_gmt":"2026-08-27T02:52:14","slug":"ranskassa-ainakin-yksi-ihminen-on-saanut-surmansa-auton-tormattya-vakijoukkoon-uutisia-lyhyesti","status":"publish","type":"post","link":"https:\/\/www.europesays.com\/fi\/334568\/","title":{"rendered":"Ranskassa ainakin yksi ihminen on saanut surmansa auton t\u00f6rm\u00e4tty\u00e4 v\u00e4kijoukkoon | Uutisia lyhyesti"},"content":{"rendered":"<p class=\"aw__sc-1qwuw0s-0 aw__sc-1vg2sqm-0 epAWpq ecELkD yle__article__paragraph\">Caenin syytt\u00e4j\u00e4 arvioi paikalliselle medialle, ett\u00e4 ensitietojen perusteella kyseess\u00e4 ei ole terroriteko.<\/p>\n<p><img decoding=\"async\" alt=\"Poliisi on erist\u00e4nyt onnettomuuspaikan raitiovaunupys\u00e4kill\u00e4 Caenissa.\" src=\"https:\/\/www.europesays.com\/fi\/wp-content\/uploads\/2026\/08\/1787790747.jpeg\" class=\"aw__sc-dklauk-0 LPzKX\"\/><\/p>\n<p>Avaa kuvien katselu<\/p>\n<p>Poliisi tutki tapahtumapaikkaa torstain vastaisena y\u00f6n\u00e4 Caenissa. Kuva: Matthieu Clavel \/ AFP<\/p>\n<p class=\"aw__sc-1qwuw0s-0 aw__sc-ngllmo-0 epAWpq fzYpjk yle__article__paragraph\">Ranskassa ainakin yksi ihminen on saanut surmansa auton t\u00f6rm\u00e4tty\u00e4 v\u00e4kijoukkoon maan luoteisosassa Caenin kaupungissa, kertoivat paikalliset viranomaiset. Lis\u00e4ksi turmassa loukkaantui kymmenkunta ihmist\u00e4, joista useampi vakavasti.<\/p>\n<p class=\"aw__sc-1qwuw0s-0 aw__sc-ngllmo-0 epAWpq fzYpjk yle__article__paragraph\">Paikallisen Ici-radiokanavan mukaan auto ajoi tarkoituksella p\u00e4in raitiovaunua odottaneita ihmisi\u00e4 Caenin rautatieaseman l\u00e4hell\u00e4 keskiviikkoiltana. Caenin syytt\u00e4j\u00e4 arvioi kanavalle, ett\u00e4 ensitietojen perusteella kyseess\u00e4 ei ole terroriteko.<\/p>\n<p class=\"aw__sc-1qwuw0s-0 aw__sc-ngllmo-0 epAWpq fzYpjk yle__article__paragraph\">Ranskalaiskanava BFMTV:n mukaan tapauksen taustalla olisi l\u00e4heisess\u00e4 baarissa keskiviikkoiltana syttynyt riita. Medialle puhuneen l\u00e4hteen mukaan yksi riidan osapuolista olisi ollut v\u00e4kijoukkoon autolla t\u00f6rm\u00e4nnyt ihminen.<\/p>\n<p class=\"aw__sc-1qwuw0s-0 aw__sc-ngllmo-0 epAWpq fzYpjk yle__article__paragraph\">Uutistoimisto AFP:lle puhuneen poliisil\u00e4hteen mukaan tapahtumapaikalta paennut autoilija otettiin my\u00f6hemmin kiinni noin 20 kilometrin p\u00e4\u00e4ss\u00e4 tapahtumapaikalta. Calvadosin prefekti <strong class=\"aw__sc-ngllmo-2 gdRrun yle__article__strong\">David Clavi\u00e8re<\/strong> kertoi Ici-radiokanavan mukaan, ett\u00e4 kiinni otettu 26-vuotias kuljettaja on ven\u00e4l\u00e4istaustainen. H\u00e4nell\u00e4 oli ennest\u00e4\u00e4n tilill\u00e4\u00e4n vain liikennerikkomuksia.<\/p>\n<p class=\"aw__sc-1qwuw0s-0 aw__sc-ngllmo-0 epAWpq fzYpjk yle__article__paragraph\">Caenin kaupunki on Calvadosin departementin hallinnollinen keskus.<\/p>\n","protected":false},"excerpt":{"rendered":"Caenin syytt\u00e4j\u00e4 arvioi paikalliselle medialle, ett\u00e4 ensitietojen perusteella kyseess\u00e4 ei ole terroriteko. Avaa kuvien katselu Poliisi tutki tapahtumapaikkaa&hellip;\n","protected":false},"author":2,"featured_media":334569,"comment_status":"","ping_status":"","sticky":false,"template":"","format":"standard","meta":{"footnotes":"","_share_on_mastodon":"0"},"categories":[14],"tags":[22,23,41571,26,27,33,31,30,17,2455,683,24,25,4499,28,29,15,837,18,21,1422,32,19,20,56,16,59,60,61],"class_list":["post-334568","post","type-post","status-publish","format-standard","has-post-thumbnail","category-ulkomaat","tag-breaking-news","tag-breakingnews","tag-calvados","tag-featured-news","tag-featurednews","tag-fi","tag-finland","tag-finnish","tag-headlines","tag-hengenvaara-ja-loukkaantuminen","tag-kuolema","tag-latest-news","tag-latestnews","tag-liikennerikkomukset","tag-main-news","tag-mainnews","tag-news","tag-onnettomuudet","tag-otsikot","tag-paauutiset","tag-ranska","tag-suomi","tag-top-stories","tag-topstories","tag-ulkomaat","tag-uutiset","tag-world","tag-world-news","tag-worldnews"],"share_on_mastodon":{"url":"https:\/\/pubeurope.com\/@fi\/117165211845923290","error":""},"_links":{"self":[{"href":"https:\/\/www.europesays.com\/fi\/wp-json\/wp\/v2\/posts\/334568","targetHints":{"allow":["GET"]}}],"collection":[{"href":"https:\/\/www.europesays.com\/fi\/wp-json\/wp\/v2\/posts"}],"about":[{"href":"https:\/\/www.europesays.com\/fi\/wp-json\/wp\/v2\/types\/post"}],"author":[{"embeddable":true,"href":"https:\/\/www.europesays.com\/fi\/wp-json\/wp\/v2\/users\/2"}],"replies":[{"embeddable":true,"href":"https:\/\/www.europesays.com\/fi\/wp-json\/wp\/v2\/comments?post=334568"}],"version-history":[{"count":0,"href":"https:\/\/www.europesays.com\/fi\/wp-json\/wp\/v2\/posts\/334568\/revisions"}],"wp:featuredmedia":[{"embeddable":true,"href":"https:\/\/www.europesays.com\/fi\/wp-json\/wp\/v2\/media\/334569"}],"wp:attachment":[{"href":"https:\/\/www.europesays.com\/fi\/wp-json\/wp\/v2\/media?parent=334568"}],"wp:term":[{"taxonomy":"category","embeddable":true,"href":"https:\/\/www.europesays.com\/fi\/wp-json\/wp\/v2\/categories?post=334568"},{"taxonomy":"post_tag","embeddable":true,"href":"https:\/\/www.europesays.com\/fi\/wp-json\/wp\/v2\/tags?post=334568"}],"curies":[{"name":"wp","href":"https:\/\/api.w.org\/{rel}","templated":true}]}}