{"id":334582,"date":"2026-08-27T03:19:14","date_gmt":"2026-08-27T03:19:14","guid":{"rendered":"https:\/\/www.europesays.com\/fi\/334582\/"},"modified":"2026-08-27T03:19:14","modified_gmt":"2026-08-27T03:19:14","slug":"is-vantaalla-tiistaina-vakivallan-kohteeksi-joutunut-oli-alaikainen-nuori-paikalliset","status":"publish","type":"post","link":"https:\/\/www.europesays.com\/fi\/334582\/","title":{"rendered":"IS: Vantaalla tiistaina v\u00e4kivallan kohteeksi joutunut oli alaik\u00e4inen nuori | Paikalliset"},"content":{"rendered":"<p>Poliisi kertoi tiistaina iltap\u00e4iv\u00e4ll\u00e4 Vantaan Koivukyl\u00e4n juna-asemalla tapahtuneesta v\u00e4kivaltatilanteesta. Tiedotteen mukaan asemalla oli tapahtunut ep\u00e4ilty puukotus. Viiden j\u00e4lkeen viranomaiset kertoivat saaneensa ep\u00e4illyn kiinnni.<\/p>\n<p><a href=\"https:\/\/www.is.fi\/kotimaa\/art-2000012232836.html\" rel=\"nofollow noopener\" target=\"_blank\">Ilta-Sanomien mukaan <\/a>puukotuksen uhri on alaik\u00e4inen nuori. Asian vahvisti lehdelle tutkinnanjohtaja, rikoskomisario <strong>Sanna Rentola<\/strong> It\u00e4-Uudenmaan poliisista.<\/p>\n<p>Poliisi on aloittanut kuulustelut, lehti kertoo.<\/p>\n","protected":false},"excerpt":{"rendered":"Poliisi kertoi tiistaina iltap\u00e4iv\u00e4ll\u00e4 Vantaan Koivukyl\u00e4n juna-asemalla tapahtuneesta v\u00e4kivaltatilanteesta. Tiedotteen mukaan asemalla oli tapahtunut ep\u00e4ilty puukotus. Viiden j\u00e4lkeen&hellip;\n","protected":false},"author":2,"featured_media":334583,"comment_status":"","ping_status":"","sticky":false,"template":"","format":"standard","meta":{"footnotes":"","_share_on_mastodon":"0"},"categories":[12],"tags":[22,23,26,27,33,31,30,17,55,24,25,28,29,15,18,21,122,54,52,3522,32,19,20,546,16,2359],"class_list":["post-334582","post","type-post","status-publish","format-standard","has-post-thumbnail","category-suomi","tag-breaking-news","tag-breakingnews","tag-featured-news","tag-featurednews","tag-fi","tag-finland","tag-finnish","tag-headlines","tag-lainvalvonta","tag-latest-news","tag-latestnews","tag-main-news","tag-mainnews","tag-news","tag-otsikot","tag-paauutiset","tag-pelastaminen","tag-pelastuspalvelut","tag-poliisi","tag-poliisin-toimenpiteet","tag-suomi","tag-top-stories","tag-topstories","tag-turvallisuus","tag-uutiset","tag-vantaa"],"share_on_mastodon":{"url":"https:\/\/pubeurope.com\/@fi\/117165317696024868","error":""},"_links":{"self":[{"href":"https:\/\/www.europesays.com\/fi\/wp-json\/wp\/v2\/posts\/334582","targetHints":{"allow":["GET"]}}],"collection":[{"href":"https:\/\/www.europesays.com\/fi\/wp-json\/wp\/v2\/posts"}],"about":[{"href":"https:\/\/www.europesays.com\/fi\/wp-json\/wp\/v2\/types\/post"}],"author":[{"embeddable":true,"href":"https:\/\/www.europesays.com\/fi\/wp-json\/wp\/v2\/users\/2"}],"replies":[{"embeddable":true,"href":"https:\/\/www.europesays.com\/fi\/wp-json\/wp\/v2\/comments?post=334582"}],"version-history":[{"count":0,"href":"https:\/\/www.europesays.com\/fi\/wp-json\/wp\/v2\/posts\/334582\/revisions"}],"wp:featuredmedia":[{"embeddable":true,"href":"https:\/\/www.europesays.com\/fi\/wp-json\/wp\/v2\/media\/334583"}],"wp:attachment":[{"href":"https:\/\/www.europesays.com\/fi\/wp-json\/wp\/v2\/media?parent=334582"}],"wp:term":[{"taxonomy":"category","embeddable":true,"href":"https:\/\/www.europesays.com\/fi\/wp-json\/wp\/v2\/categories?post=334582"},{"taxonomy":"post_tag","embeddable":true,"href":"https:\/\/www.europesays.com\/fi\/wp-json\/wp\/v2\/tags?post=334582"}],"curies":[{"name":"wp","href":"https:\/\/api.w.org\/{rel}","templated":true}]}}