{"id":334600,"date":"2026-08-27T04:05:08","date_gmt":"2026-08-27T04:05:08","guid":{"rendered":"https:\/\/www.europesays.com\/fi\/334600\/"},"modified":"2026-08-27T04:05:08","modified_gmt":"2026-08-27T04:05:08","slug":"tuhkarokko-voi-levita-jos-rokotuskattavuus-on-matala-alajarvi-on-yksi-etela-pohjanmaan-riskikunnista-etela-pohjanmaa","status":"publish","type":"post","link":"https:\/\/www.europesays.com\/fi\/334600\/","title":{"rendered":"Tuhkarokko voi levit\u00e4, jos rokotuskattavuus on matala \u2013 Alaj\u00e4rvi on yksi Etel\u00e4-Pohjanmaan riskikunnista | Etel\u00e4-Pohjanmaa"},"content":{"rendered":"<p class=\"aw__sc-1qwuw0s-0 aw__sc-1vg2sqm-0 epAWpq ecELkD yle__article__paragraph\">Etel\u00e4-Pohjanmaallakin ollaan varuillaan tuhkarokon levi\u00e4misen suhteen. Rokotuskattavuus ei ole kaikissa kunnissa riitt\u00e4v\u00e4n hyv\u00e4.<\/p>\n<p><img decoding=\"async\" alt=\"Avaamaton MPR-rokote l\u00e4hikuvassa, tuhkarokko-, sikotauti- ja vihurirokkorokote, 3.12.2018.\" src=\"https:\/\/www.europesays.com\/fi\/wp-content\/uploads\/2026\/08\/1549432592.jpeg\" class=\"aw__sc-dklauk-0 LPzKX\"\/><\/p>\n<p>Avaa kuvien katselu<\/p>\n<p>MPR-rokote sis\u00e4lt\u00e4\u00e4 tuhkarokko-, sikotauti- ja vihurirokkorokotteet. Kuva: Jari Kovalainen \/ Yle<\/p>\n<p class=\"aw__sc-1qwuw0s-0 aw__sc-ngllmo-0 epAWpq fzYpjk yle__article__paragraph\">Etel\u00e4-Pohjanmaan hyvinvointialueella seurataan tarkasti tuhkarokon mahdollista levi\u00e4mist\u00e4 Suomeen.<\/p>\n<p class=\"aw__sc-1qwuw0s-0 aw__sc-ngllmo-0 epAWpq fzYpjk yle__article__paragraph\">Hyvinvointialue on p\u00e4ivitt\u00e4nyt tuhkarokkoon liittyv\u00e4n toimintasuunnitelman jo kes\u00e4ll\u00e4, kertoo keskussairaalan infektioylil\u00e4\u00e4k\u00e4ri <strong class=\"aw__sc-ngllmo-2 gdRrun yle__article__strong\">Elina K\u00e4rn\u00e4<\/strong>.<\/p>\n<p class=\"aw__sc-1qwuw0s-0 aw__sc-ngllmo-0 epAWpq fzYpjk yle__article__paragraph\">Ruotsissa Vaasan korkeudella on todettu viime viikkoina yli 30 tuhkarokkotapausta. Tauti l\u00e4hti levi\u00e4m\u00e4\u00e4n Sollefte\u00e5n kunnassa j\u00e4rjestetyn musiikkifestivaalin j\u00e4lkeen.<\/p>\n<p class=\"aw__sc-1qwuw0s-0 aw__sc-ngllmo-0 epAWpq fzYpjk yle__article__paragraph\">Suurin osa tartunnan saaneista on rokottamattomia lapsia ja nuoria aikuisia.<\/p>\n<p class=\"aw__sc-1qwuw0s-0 aw__sc-ngllmo-0 epAWpq fzYpjk yle__article__paragraph\">Suomessa tuhkarokkoa, sikotautia ja vihurirokkoa vastaan annettava MPR-rokote kuuluu kansalliseen rokotusohjelmaan. Se annetaan lapsille 1- ja 6-vuotiaana.<\/p>\n<p>Alaj\u00e4rvell\u00e4 matalin kattavuus<\/p>\n<p class=\"aw__sc-1qwuw0s-0 aw__sc-ngllmo-0 epAWpq fzYpjk yle__article__paragraph\">Etel\u00e4-Pohjanmaalla rokotuskattavuus on ollut laskussa. K\u00e4rn\u00e4 kertoo, ett\u00e4 vuonna 2020 syntyneiden MPR-rokotteen ensimm\u00e4isen annoksen rokotuskattavuus oli yli 96 %, mutta vuonna 2023 syntyneiden rokotuskattavuus oli alle 94 %.<\/p>\n<p class=\"aw__sc-1qwuw0s-0 aw__sc-ngllmo-0 epAWpq fzYpjk yle__article__paragraph\">Matalin rokotuskattavuus on Alaj\u00e4rvell\u00e4, jossa 2023 syntyneist\u00e4 84 % on saanut rokotteen. My\u00f6s Kauhavalla rokotuskattavuus on j\u00e4\u00e4nyt alle 90%.<\/p>\n<p class=\"aw__sc-1qwuw0s-0 aw__sc-ngllmo-0 epAWpq fzYpjk yle__article__paragraph\">\u2013 Alle 95 prosentin rokotuskattavuus voi jo mahdollistaa tuhkarokon levi\u00e4misen, sanoo K\u00e4rn\u00e4.<\/p>\n<p class=\"aw__sc-1qwuw0s-0 aw__sc-ngllmo-0 epAWpq fzYpjk yle__article__paragraph\">Kattavuuden lasku voi liitty\u00e4 yleiseen rokotekriittisyyteen.<\/p>\n<p class=\"aw__sc-1qwuw0s-0 aw__sc-ngllmo-0 epAWpq fzYpjk yle__article__paragraph\">\u2013 Rokotuskattavuuden lasku n\u00e4kyy useissa rokotteissa, mik\u00e4 viittaa laajempaan ilmi\u00f6\u00f6n kuin pelkk\u00e4\u00e4n MPR-rokotteeseen, toteaa K\u00e4rn\u00e4.<\/p>\n<p>Kyse on vakavasta taudista<\/p>\n<p class=\"aw__sc-1qwuw0s-0 aw__sc-ngllmo-0 epAWpq fzYpjk yle__article__paragraph\">Etel\u00e4-Pohjanmaalla on ollut yksitt\u00e4isi\u00e4 tuhkarokkoep\u00e4ilyj\u00e4 kes\u00e4n\u00e4 aikana. Kansalaiset ovat my\u00f6s kyselleet tuhkarokosta.<\/p>\n<p class=\"aw__sc-1qwuw0s-0 aw__sc-ngllmo-0 epAWpq fzYpjk yle__article__paragraph\">K\u00e4rn\u00e4 muistuttaa, ett\u00e4 kyse on vakavasta taudista, vaikka moni mielt\u00e4\u00e4 sen vain lapsuuden ihottumataudiksi.<\/p>\n<p class=\"aw__sc-1qwuw0s-0 aw__sc-ngllmo-0 epAWpq fzYpjk yle__article__paragraph\">\u2013 Se on yksi tarttuvimmista tunnetuista virusinfektioista, ja erityisesti rokottamattomille henkil\u00f6ille se voi aiheuttaa hengenvaarallisia komplikaatioita, K\u00e4rn\u00e4 sanoo.<\/p>\n","protected":false},"excerpt":{"rendered":"Etel\u00e4-Pohjanmaallakin ollaan varuillaan tuhkarokon levi\u00e4misen suhteen. Rokotuskattavuus ei ole kaikissa kunnissa riitt\u00e4v\u00e4n hyv\u00e4. Avaa kuvien katselu MPR-rokote sis\u00e4lt\u00e4\u00e4&hellip;\n","protected":false},"author":2,"featured_media":334601,"comment_status":"","ping_status":"","sticky":false,"template":"","format":"standard","meta":{"footnotes":"","_share_on_mastodon":"0"},"categories":[165],"tags":[11083,1377,12234,33,31,30,166,1672,768,680,32,767,167,27856],"class_list":["post-334600","post","type-post","status-publish","format-standard","has-post-thumbnail","category-terveys","tag-alajarvi","tag-etela-pohjanmaa","tag-etela-pohjanmaan-hyvinvointialue","tag-fi","tag-finland","tag-finnish","tag-health","tag-kauhava","tag-rokotteet","tag-seinajoki","tag-suomi","tag-tartuntataudit","tag-terveys","tag-tuhkarokko"],"share_on_mastodon":{"url":"https:\/\/pubeurope.com\/@fi\/117165499015900018","error":""},"_links":{"self":[{"href":"https:\/\/www.europesays.com\/fi\/wp-json\/wp\/v2\/posts\/334600","targetHints":{"allow":["GET"]}}],"collection":[{"href":"https:\/\/www.europesays.com\/fi\/wp-json\/wp\/v2\/posts"}],"about":[{"href":"https:\/\/www.europesays.com\/fi\/wp-json\/wp\/v2\/types\/post"}],"author":[{"embeddable":true,"href":"https:\/\/www.europesays.com\/fi\/wp-json\/wp\/v2\/users\/2"}],"replies":[{"embeddable":true,"href":"https:\/\/www.europesays.com\/fi\/wp-json\/wp\/v2\/comments?post=334600"}],"version-history":[{"count":0,"href":"https:\/\/www.europesays.com\/fi\/wp-json\/wp\/v2\/posts\/334600\/revisions"}],"wp:featuredmedia":[{"embeddable":true,"href":"https:\/\/www.europesays.com\/fi\/wp-json\/wp\/v2\/media\/334601"}],"wp:attachment":[{"href":"https:\/\/www.europesays.com\/fi\/wp-json\/wp\/v2\/media?parent=334600"}],"wp:term":[{"taxonomy":"category","embeddable":true,"href":"https:\/\/www.europesays.com\/fi\/wp-json\/wp\/v2\/categories?post=334600"},{"taxonomy":"post_tag","embeddable":true,"href":"https:\/\/www.europesays.com\/fi\/wp-json\/wp\/v2\/tags?post=334600"}],"curies":[{"name":"wp","href":"https:\/\/api.w.org\/{rel}","templated":true}]}}