{"id":334626,"date":"2026-08-27T04:38:11","date_gmt":"2026-08-27T04:38:11","guid":{"rendered":"https:\/\/www.europesays.com\/fi\/334626\/"},"modified":"2026-08-27T04:38:11","modified_gmt":"2026-08-27T04:38:11","slug":"paakirjoitus-stubb-ohjaa-suomea-uusiin-rooleihin-paakirjoitus-mielipide","status":"publish","type":"post","link":"https:\/\/www.europesays.com\/fi\/334626\/","title":{"rendered":"P\u00e4\u00e4kirjoitus | Stubb ohjaa Suomea uusiin rooleihin | P\u00e4\u00e4kirjoitus &#038; mielipide"},"content":{"rendered":"<p>Syksyll\u00e4 1961 presidentti Urho Kekkonen piti YK:n yleiskokouksessa puheen, jossa h\u00e4n m\u00e4\u00e4ritteli Suomen aseman kansainv\u00e4lisill\u00e4 areenoilla kuuluisiksi tullein sanoin: &#8221;n\u00e4emme itsemme pikemminkin l\u00e4\u00e4k\u00e4rin kuin tuomarin osassa.&#8221; Sanonnan kehitt\u00e4nyt diplomaatti ja Kekkosen luotettu Ralph Enckell my\u00f6hemmin tarkensi, ett\u00e4 l\u00e4\u00e4k\u00e4ri etsii syit\u00e4, ei syyllisi\u00e4.<\/p>\n<p>L\u00e4\u00e4k\u00e4rin aika oli ja meni, kun nelj\u00e4 ja puoli vuotta sitten Suomesta tuli tuomari. Silloin presidentti Sauli Niinist\u00f6 tuomitsi selke\u00e4sanaisesti Ven\u00e4j\u00e4n hy\u00f6kk\u00e4yksen Ukrainaan kuten kuuluikin tehd\u00e4 ja johdatti yhdess\u00e4 p\u00e4\u00e4ministeri Sanna Marinin (sd.) kanssa Suomen Naton j\u00e4seneksi.<\/p>\n<blockquote class=\"voice-no-read rs_skip diks-blockquote\">\n<p class=\"diks-blockquote__text\">Suomen yksi rooli muistuttaa filosofoivaa rauhanlobbaria.<\/p>\n<\/blockquote>\n<p>Tasavallan presidentti Aleksander Stubb pohdiskeli tiistaina suurl\u00e4hettil\u00e4skokouksen puheessaan, miten Suomen pit\u00e4\u00e4 olla vahvasti mukana vaikuttamassa Euroopassa ja maailmassa. Historian katsomoon pienell\u00e4 Suomella ei ole vara j\u00e4\u00e4d\u00e4.<\/p>\n<p>Stubbin Suomea ei voi luonnehtia varsinaisesti l\u00e4\u00e4k\u00e4riksi Enckellin ja Kekkosen tarkoittamassa mieless\u00e4, sit\u00e4 jo Nato-j\u00e4senyys rajoittaa, mutta Stubb j\u00e4tti oven raolleen uudelle roolille toteamalla Ven\u00e4j\u00e4n oman toiminnan m\u00e4\u00e4ritt\u00e4v\u00e4n, miten suhteemme kehittyy. Toisaalta tuomarin elkeit\u00e4k\u00e4\u00e4n Stubb ei erityisesti esitellyt maanantaina p\u00e4\u00e4ttyneell\u00e4 kaksip\u00e4iv\u00e4isell\u00e4 vierailullaan Kiovaan, miss\u00e4 h\u00e4n ennemminkin sanoitti tuntojaan kuin sielunhoitaja murehtien sotaa ja surren surevien kanssa.<\/p>\n<p>Stubbin tiistaina hahmottelemissa tulevaisuudenkuvissa Suomen yksi rooli muistuttaa filosofoivaa rauhanlobbaria. Filosofoivaa siksi, ett\u00e4 presidentti vahvisti viesti\u00e4\u00e4n kreikkalaisen historioitsijan ja sotap\u00e4\u00e4llik\u00f6n Thukydidesin yli 2000 vuoden takaisin sanoin: &#8221;Onnen salaisuus on vapaus. Vapauden salaisuus on rohkeus&#8221;. Siksi Suomen pit\u00e4\u00e4 tavoitella ensinn\u00e4kin Natossa vahvaa toimijuutta eurooppalaisten j\u00e4senmaiden kesken ja toiseksi &#8221;ehk\u00e4ist\u00e4 transatlanttista irtikytkent\u00e4\u00e4&#8221;..<\/p>\n<p>Kiinnostavasti Stubb my\u00f6s kannusti ponnistelemaan Ukrainan integroimiseksi nopeasti sek\u00e4 EU:n ulkopuolisten kumppanimaiden tuomiseksi niin l\u00e4helle unionia kuin mahdollista. Siten EU:sta tulee vahvempi, sietokykyisempi ja ketter\u00e4mpi. Lis\u00e4ksi h\u00e4n kannusti rohkeuteen ja aktiivisuuteen my\u00f6s YK:n parissa.<\/p>\n<p>Stubbin puheista on luettavissa, ett\u00e4 ponnistelut rauhan puolesta voivat k\u00e4yd\u00e4 raskaiksi, mutta niin pitk\u00e4\u00e4n kun ne pysyv\u00e4t taloudellisina ponnisteluina, ne ovat lopulta kevyit\u00e4 siet\u00e4\u00e4.<\/p>\n","protected":false},"excerpt":{"rendered":"Syksyll\u00e4 1961 presidentti Urho Kekkonen piti YK:n yleiskokouksessa puheen, jossa h\u00e4n m\u00e4\u00e4ritteli Suomen aseman kansainv\u00e4lisill\u00e4 areenoilla kuuluisiksi tullein&hellip;\n","protected":false},"author":2,"featured_media":334627,"comment_status":"","ping_status":"","sticky":false,"template":"","format":"standard","meta":{"footnotes":"","_share_on_mastodon":"0"},"categories":[12],"tags":[22,23,1617,26,27,33,31,30,17,24,25,28,29,2579,15,18,21,142,637,1553,887,32,19,20,21377,16],"class_list":["post-334626","post","type-post","status-publish","format-standard","has-post-thumbnail","category-suomi","tag-breaking-news","tag-breakingnews","tag-euroopan-unioni","tag-featured-news","tag-featurednews","tag-fi","tag-finland","tag-finnish","tag-headlines","tag-latest-news","tag-latestnews","tag-main-news","tag-mainnews","tag-nato","tag-news","tag-otsikot","tag-paauutiset","tag-poliitikot","tag-politiikka","tag-sauli-niinisto","tag-suomen-politiikka","tag-suomi","tag-top-stories","tag-topstories","tag-ukrainan-kriisi","tag-uutiset"],"share_on_mastodon":{"url":"https:\/\/pubeurope.com\/@fi\/117165628112288462","error":""},"_links":{"self":[{"href":"https:\/\/www.europesays.com\/fi\/wp-json\/wp\/v2\/posts\/334626","targetHints":{"allow":["GET"]}}],"collection":[{"href":"https:\/\/www.europesays.com\/fi\/wp-json\/wp\/v2\/posts"}],"about":[{"href":"https:\/\/www.europesays.com\/fi\/wp-json\/wp\/v2\/types\/post"}],"author":[{"embeddable":true,"href":"https:\/\/www.europesays.com\/fi\/wp-json\/wp\/v2\/users\/2"}],"replies":[{"embeddable":true,"href":"https:\/\/www.europesays.com\/fi\/wp-json\/wp\/v2\/comments?post=334626"}],"version-history":[{"count":0,"href":"https:\/\/www.europesays.com\/fi\/wp-json\/wp\/v2\/posts\/334626\/revisions"}],"wp:featuredmedia":[{"embeddable":true,"href":"https:\/\/www.europesays.com\/fi\/wp-json\/wp\/v2\/media\/334627"}],"wp:attachment":[{"href":"https:\/\/www.europesays.com\/fi\/wp-json\/wp\/v2\/media?parent=334626"}],"wp:term":[{"taxonomy":"category","embeddable":true,"href":"https:\/\/www.europesays.com\/fi\/wp-json\/wp\/v2\/categories?post=334626"},{"taxonomy":"post_tag","embeddable":true,"href":"https:\/\/www.europesays.com\/fi\/wp-json\/wp\/v2\/tags?post=334626"}],"curies":[{"name":"wp","href":"https:\/\/api.w.org\/{rel}","templated":true}]}}