{"id":334636,"date":"2026-08-27T04:59:12","date_gmt":"2026-08-27T04:59:12","guid":{"rendered":"https:\/\/www.europesays.com\/fi\/334636\/"},"modified":"2026-08-27T04:59:12","modified_gmt":"2026-08-27T04:59:12","slug":"ridley-scottin-maailmanlopun-leffa-tulee-huomenna-ensi-iltaan-leffassa-voi-nahda-ennakkoaavistuksen","status":"publish","type":"post","link":"https:\/\/www.europesays.com\/fi\/334636\/","title":{"rendered":"Ridley Scottin maailmanlopun leffa tulee huomenna ensi-iltaan &#8211; leffassa voi n\u00e4hd\u00e4 &#8221;ennakkoaavistuksen&#8221;"},"content":{"rendered":"<p class=\"wp-block-paragraph\"><strong>Ridley Scottin<\/strong> maailmanlopun draama The Dog Stars on n\u00e4hty maailmalla. <strong>Peter Hellerin<\/strong> samannimiseen romaaniin perustuvan elokuvan p\u00e4\u00e4osissa n\u00e4hd\u00e4\u00e4n <strong>Jacob Elordi<\/strong>, <strong>Margaret Qualley<\/strong> ja <strong>Josh Brolin<\/strong>.<\/p>\n<p class=\"wp-block-paragraph\">Elokuva kertoo pilotista, joka kuulee odottamattoman radiosignaalin sytytt\u00e4en samalla viimeisen toivonkipin\u00e4n ihmiskunnan selviytymisest\u00e4.<\/p>\n<p class=\"wp-block-paragraph\">MovieZine k\u00e4vi l\u00e4pi elokuvan vastaanottoa maailmalla, eik\u00e4 kriitikoiden vastaanotto ole ollut kovinkaan innokas. The Guardian kuvailee elokuvaa pitk\u00e4veteiseksi, ennalta-arvattavaksi ja hahmoiltaan ep\u00e4kiinnostavaksi. Metro puolestaan katsoo, ettei elokuvalla ole juuri tarjottavaa.<\/p>\n<p>Lue my\u00f6s: <a href=\"https:\/\/www.episodi.fi\/uutiset\/238715\/\" title=\"Nyt suoratoistona: Ridley Scottin tuottama trilleri \u2013 nainen saa yll\u00e4tt\u00e4v\u00e4n vieraan\" class=\"underline-custom !font-heading !font-bold !underline-offset-4 !decoration-4 !decoration-accent !text-md\" rel=\"nofollow noopener\" target=\"_blank\">Nyt suoratoistona: Ridley Scottin tuottama trilleri \u2013 nainen saa yll\u00e4tt\u00e4v\u00e4n vieraan<\/a><\/p>\n<p><img loading=\"lazy\" height=\"448\" width=\"672\" class=\"wp-image-266764 sp-no-webp perfmatters-lazy\" alt=\"\" decoding=\"async\" src=\"https:\/\/www.europesays.com\/fi\/wp-content\/uploads\/2026\/08\/jacob-elordi-margaret-qualley-the-dog-stars-672x448.jpg\"  data-\/> <\/p>\n<p class=\"wp-block-paragraph\">Variety piti elokuvaa pitk\u00e4veteisen\u00e4 ja v\u00e4h\u00e4energisen\u00e4. Lehden mukaan v\u00e4h\u00e4inen toiminta voisi olla perusteltua, jos katsojalla olisi jokin syy v\u00e4litt\u00e4\u00e4 hahmoista.<\/p>\n<p class=\"wp-block-paragraph\">MovieZine antoi elokuvalle tylyn arvion 2 t\u00e4hte\u00e4 viidest\u00e4 todeten, ett\u00e4 teoksesta puuttuu draama ja Ridley Scottin kuvasto j\u00e4tt\u00e4\u00e4 t\u00e4ll\u00e4 kertaa kylm\u00e4ksi.<\/p>\n<p class=\"wp-block-paragraph\">The Times antoi harvinaiset nelj\u00e4 t\u00e4hte\u00e4 viidest\u00e4 ja kehui Elordin roolisuoritusta. Lehti kuvaili Scottia arvostetuksi ohjaajaksi ja n\u00e4ki elokuvassa ennakkoaavistuksen siit\u00e4, ett\u00e4 \u201dvaikeampia aikoja on viel\u00e4 edess\u00e4\u201d.<\/p>\n<p class=\"wp-block-paragraph\">Arvosteluja ker\u00e4\u00e4v\u00e4ll\u00e4 Rotten Tomatoes -sivustolla elokuvan pistem\u00e4\u00e4r\u00e4 on luvussa 38. The Dog Stars saa Suomen ensi-iltansa 28. elokuuta. Alla traileri.<\/p>\n<p>Lue my\u00f6s: <a href=\"https:\/\/www.episodi.fi\/uutiset\/ridley-scott-tyostaa-jatkoa-rakastetulle-scifi-elokuvasarjalle\/\" title=\"Ridley Scott ty\u00f6st\u00e4\u00e4 jatkoa rakastetulle scifi-elokuvasarjalle\" class=\"underline-custom !font-heading !font-bold !underline-offset-4 !decoration-4 !decoration-accent !text-md\" rel=\"nofollow noopener\" target=\"_blank\">Ridley Scott ty\u00f6st\u00e4\u00e4 jatkoa rakastetulle scifi-elokuvasarjalle<\/a><\/p>\n<p>Lue my\u00f6s: <a href=\"https:\/\/www.episodi.fi\/uutiset\/ridley-scott-varoittaa-tekoalysta-se-voi-sammuttaa-kaiken\/\" title=\"Ridley Scott, 88, ei s\u00e4\u00e4stele sanojaan miljard\u00f6\u00f6reist\u00e4 ja teko\u00e4lyst\u00e4: \u201dMik\u00e4\u00e4n rikkaus ei tule suojelemaan teit\u00e4\u201d\" class=\"underline-custom !font-heading !font-bold !underline-offset-4 !decoration-4 !decoration-accent !text-md\" rel=\"nofollow noopener\" target=\"_blank\">Ridley Scott, 88, ei s\u00e4\u00e4stele sanojaan miljard\u00f6\u00f6reist\u00e4 ja teko\u00e4lyst\u00e4: \u201dMik\u00e4\u00e4n rikkaus ei tule suojelemaan teit\u00e4\u201d<\/a><\/p>\n<p><img loading=\"lazy\" decoding=\"async\" alt=\"Youtube video\" width=\"480\" height=\"360\" data-pin-nopin=\"true\" nopin=\"nopin\" class=\"perfmatters-lazy\" src=\"https:\/\/www.europesays.com\/fi\/wp-content\/uploads\/2026\/08\/1787806752_944_hqdefault.jpg\"\/><\/p>\n<p class=\"wp-block-paragraph\">L\u00e4hde: <a href=\"https:\/\/www.moviezine.se\/nyheter\/the-dog-stars-sa-tycker-kritiker\" target=\"_blank\" rel=\"noreferrer noopener nofollow\">MovieZine<\/a>, <a href=\"https:\/\/www.thetimes.com\/culture\/film\/article\/the-dog-stars-review-jacob-elordi-shines-in-ridley-scotts-zombie-film-w78765s0g\" target=\"_blank\" rel=\"noreferrer noopener nofollow\">The Times<\/a><\/p>\n","protected":false},"excerpt":{"rendered":"Ridley Scottin maailmanlopun draama The Dog Stars on n\u00e4hty maailmalla. Peter Hellerin samannimiseen romaaniin perustuvan elokuvan p\u00e4\u00e4osissa n\u00e4hd\u00e4\u00e4n&hellip;\n","protected":false},"author":2,"featured_media":334637,"comment_status":"","ping_status":"","sticky":false,"template":"","format":"standard","meta":{"footnotes":"","_share_on_mastodon":"0"},"categories":[130],"tags":[137,33,31,30,3216,32,22119,109],"class_list":["post-334636","post","type-post","status-publish","format-standard","has-post-thumbnail","category-viihde","tag-entertainment","tag-fi","tag-finland","tag-finnish","tag-ridley-scott","tag-suomi","tag-the-dog-stars","tag-viihde"],"share_on_mastodon":{"url":"https:\/\/pubeurope.com\/@fi\/117165711158466326","error":""},"_links":{"self":[{"href":"https:\/\/www.europesays.com\/fi\/wp-json\/wp\/v2\/posts\/334636","targetHints":{"allow":["GET"]}}],"collection":[{"href":"https:\/\/www.europesays.com\/fi\/wp-json\/wp\/v2\/posts"}],"about":[{"href":"https:\/\/www.europesays.com\/fi\/wp-json\/wp\/v2\/types\/post"}],"author":[{"embeddable":true,"href":"https:\/\/www.europesays.com\/fi\/wp-json\/wp\/v2\/users\/2"}],"replies":[{"embeddable":true,"href":"https:\/\/www.europesays.com\/fi\/wp-json\/wp\/v2\/comments?post=334636"}],"version-history":[{"count":0,"href":"https:\/\/www.europesays.com\/fi\/wp-json\/wp\/v2\/posts\/334636\/revisions"}],"wp:featuredmedia":[{"embeddable":true,"href":"https:\/\/www.europesays.com\/fi\/wp-json\/wp\/v2\/media\/334637"}],"wp:attachment":[{"href":"https:\/\/www.europesays.com\/fi\/wp-json\/wp\/v2\/media?parent=334636"}],"wp:term":[{"taxonomy":"category","embeddable":true,"href":"https:\/\/www.europesays.com\/fi\/wp-json\/wp\/v2\/categories?post=334636"},{"taxonomy":"post_tag","embeddable":true,"href":"https:\/\/www.europesays.com\/fi\/wp-json\/wp\/v2\/tags?post=334636"}],"curies":[{"name":"wp","href":"https:\/\/api.w.org\/{rel}","templated":true}]}}