{"id":334642,"date":"2026-08-27T05:04:11","date_gmt":"2026-08-27T05:04:11","guid":{"rendered":"https:\/\/www.europesays.com\/fi\/334642\/"},"modified":"2026-08-27T05:04:11","modified_gmt":"2026-08-27T05:04:11","slug":"muut-lehdet-tampereen-valtuutetut-joutuvat-kaytoskouluun-paakirjoitus-mielipide","status":"publish","type":"post","link":"https:\/\/www.europesays.com\/fi\/334642\/","title":{"rendered":"Muut lehdet | Tampereen valtuutetut joutuvat k\u00e4yt\u00f6skouluun | P\u00e4\u00e4kirjoitus &#038; mielipide"},"content":{"rendered":"<p><strong class=\"diks-storyline__impact\">Aamulehti<\/strong> harmittelee sit\u00e4, ett\u00e4 kaupungin p\u00e4\u00e4tt\u00e4j\u00e4t puhuvat aivan muusta kuin asiasta. Lehden mielest\u00e4 se on suorastaan noloa:<\/p>\n<p>&#8221;Tiedossa oli jo, ett\u00e4 Tampereen kaupunginvaltuutetut saavat k\u00e4yt\u00f6skoulutuksen t\u00e4n\u00e4 syksyn\u00e4. Syyn\u00e4 on se, ett\u00e4 sanans\u00e4il\u00e4 heiluu valtuuston kokouksissa turhan armottomasti. Valtuusto palasi tauolta maanantaina istuntoon, ja keskustelu l\u00e4hti heti huonoon suuntaan. \u00c4\u00e4nest\u00e4j\u00e4n n\u00e4k\u00f6kulmasta t\u00e4rkeint\u00e4 on se, mist\u00e4 puhutaan ja mit\u00e4 p\u00e4\u00e4tet\u00e4\u00e4n. Valtuuston maanantaisessa kokouksessa puhuttiin kovin v\u00e4h\u00e4n itse asiasta, eli seutustrategian sis\u00e4ll\u00f6st\u00e4 ja siit\u00e4, mihin suuntaan Tampereen seutua vied\u00e4\u00e4n. Keskustelu liikkui enemm\u00e4nkin maahanmuuton teemoissa.<\/p>\n<p>Mik\u00e4 sitten on k\u00e4yt\u00f6skoulutuksen sis\u00e4lt\u00f6? Kun ylip\u00e4\u00e4t\u00e4\u00e4n t\u00e4llainen man\u00f6\u00f6veri on teht\u00e4v\u00e4, her\u00e4\u00e4 j\u00e4lleen kysymys: ihan oikeastiko tarvitaan t\u00e4llaista aikuisille ihmisille n\u00e4in\u00e4 aikoina? Tampereella on monta isoa asiaa ratkottavana eik\u00e4 pelk\u00e4st\u00e4\u00e4n taloudessa. K\u00e4sill\u00e4 olevien pulmien ratkaisemista ei edist\u00e4 se, jos energia menee nokitteluun ja oman tai puolueen somen\u00e4kyvyyden rakentamiseen.&#8221;<\/p>\n<p>\t\t\t\tKainuun irtisanomiset synkent\u00e4v\u00e4t ty\u00f6llisyytt\u00e4<\/p>\n<p><strong class=\"diks-storyline__impact\">Kainuun Sanomat<\/strong> kantaa huolta ty\u00f6ns\u00e4 menett\u00e4vist\u00e4:<\/p>\n<p>&#8221;Otanm\u00e4en tehtaalta v\u00e4hennet\u00e4\u00e4n 117 ty\u00f6ntekij\u00e4\u00e4, mik\u00e4 on iso kolaus Kainuun entisest\u00e4\u00e4n ankeisiin ty\u00f6tt\u00f6myyslukuihin. Suurin osa irtisanomisista kohdistunee kainuulaisiin. Ty\u00f6llisyysluvuissa n\u00e4kyv\u00e4t aiemmin kes\u00e4ll\u00e4 p\u00e4\u00e4ttyneet Terrafamen muutosneuvottelut. Ja lis\u00e4\u00e4 ik\u00e4vi\u00e4 uutisia on tulossa syyskuussa, kun Kainuun hyvinvointialueen yhteistoimintaneuvottelut saadaan p\u00e4\u00e4t\u00f6kseen.<\/p>\n<p>Syyskuun alusta ty\u00f6tt\u00f6m\u00e4n ty\u00f6nhakuun tulee lis\u00e4ys, kun voimaan tulee ty\u00f6nhakijalle pakollinen ty\u00f6nhakuprofiili. Monella ty\u00f6nhakijalla onkin profiili jo valmiina tai ty\u00f6nhakuilmoitus ty\u00f6el\u00e4m\u00e4n somekanavassa LinkedIniss\u00e4. S\u00e4hk\u00f6isess\u00e4 palvelussa on hyv\u00e4t puolensa, mutta ent\u00e4 ne ty\u00f6nhakijat, joille digipalveluiden k\u00e4ytt\u00e4minen on haasteellista tai jopa esteellist\u00e4?<\/p>\n<p>Miten esimerkiksi uudistuksessa p\u00e4rj\u00e4\u00e4v\u00e4t ne pitk\u00e4aikaisty\u00f6tt\u00f6m\u00e4t, joiden digitaalisten taitojen kehitys on j\u00e4\u00e4nyt heikolle tasolle tai jotka eiv\u00e4t sairauden vuoksi pysty tai jaksa opetella uutta? Aie on hyv\u00e4, mutta pelkona on, ett\u00e4 vaihe on vain yksi lis\u00e4\u00e4 ty\u00f6tt\u00f6m\u00e4n ty\u00f6nhakuprosessissa, joka ei ennest\u00e4\u00e4nk\u00e4\u00e4n ole mik\u00e4\u00e4n l\u00e4pihuutojuttu.&#8221;<\/p>\n","protected":false},"excerpt":{"rendered":"Aamulehti harmittelee sit\u00e4, ett\u00e4 kaupungin p\u00e4\u00e4tt\u00e4j\u00e4t puhuvat aivan muusta kuin asiasta. Lehden mielest\u00e4 se on suorastaan noloa: &#8221;Tiedossa&hellip;\n","protected":false},"author":2,"featured_media":334643,"comment_status":"","ping_status":"","sticky":false,"template":"","format":"standard","meta":{"footnotes":"","_share_on_mastodon":"0"},"categories":[12],"tags":[22,23,26,27,33,31,30,17,24,25,28,29,15,18,21,637,402,32,19,20,860,862,861,1955,16],"class_list":["post-334642","post","type-post","status-publish","format-standard","has-post-thumbnail","category-suomi","tag-breaking-news","tag-breakingnews","tag-featured-news","tag-featurednews","tag-fi","tag-finland","tag-finnish","tag-headlines","tag-latest-news","tag-latestnews","tag-main-news","tag-mainnews","tag-news","tag-otsikot","tag-paauutiset","tag-politiikka","tag-rakentaminen-kiinteistot","tag-suomi","tag-top-stories","tag-topstories","tag-tyoelama","tag-tyollisyys","tag-tyollisyys-ja-tyottomyys","tag-tyottomyys","tag-uutiset"],"share_on_mastodon":{"url":"","error":""},"_links":{"self":[{"href":"https:\/\/www.europesays.com\/fi\/wp-json\/wp\/v2\/posts\/334642","targetHints":{"allow":["GET"]}}],"collection":[{"href":"https:\/\/www.europesays.com\/fi\/wp-json\/wp\/v2\/posts"}],"about":[{"href":"https:\/\/www.europesays.com\/fi\/wp-json\/wp\/v2\/types\/post"}],"author":[{"embeddable":true,"href":"https:\/\/www.europesays.com\/fi\/wp-json\/wp\/v2\/users\/2"}],"replies":[{"embeddable":true,"href":"https:\/\/www.europesays.com\/fi\/wp-json\/wp\/v2\/comments?post=334642"}],"version-history":[{"count":0,"href":"https:\/\/www.europesays.com\/fi\/wp-json\/wp\/v2\/posts\/334642\/revisions"}],"wp:featuredmedia":[{"embeddable":true,"href":"https:\/\/www.europesays.com\/fi\/wp-json\/wp\/v2\/media\/334643"}],"wp:attachment":[{"href":"https:\/\/www.europesays.com\/fi\/wp-json\/wp\/v2\/media?parent=334642"}],"wp:term":[{"taxonomy":"category","embeddable":true,"href":"https:\/\/www.europesays.com\/fi\/wp-json\/wp\/v2\/categories?post=334642"},{"taxonomy":"post_tag","embeddable":true,"href":"https:\/\/www.europesays.com\/fi\/wp-json\/wp\/v2\/tags?post=334642"}],"curies":[{"name":"wp","href":"https:\/\/api.w.org\/{rel}","templated":true}]}}