{"id":334660,"date":"2026-08-27T05:30:15","date_gmt":"2026-08-27T05:30:15","guid":{"rendered":"https:\/\/www.europesays.com\/fi\/334660\/"},"modified":"2026-08-27T05:30:15","modified_gmt":"2026-08-27T05:30:15","slug":"suomeen-iskee-vaarallisen-voimakas-tuuli-nama-alueet-ovat-vaarassa","status":"publish","type":"post","link":"https:\/\/www.europesays.com\/fi\/334660\/","title":{"rendered":"Suomeen iskee vaarallisen voimakas tuuli \u2013 N\u00e4m\u00e4 alueet ovat vaarassa"},"content":{"rendered":"<p>Kova tuuli voi kaataa yksitt\u00e4isi\u00e4 puita ja aiheuttaa lyhyit\u00e4 s\u00e4hk\u00f6katkoja.<\/p>\n<p><img decoding=\"async\" class=\"image image-show image-preview\" src=\"https:\/\/www.europesays.com\/fi\/wp-content\/uploads\/2026\/08\/d09185d4afff0af5c1892662708f0765d8bcfe9c771627113749a3379a5b1720.jpg\" alt=\"\"\/><img decoding=\"async\" class=\"image image-show\" src=\"https:\/\/www.europesays.com\/fi\/wp-content\/uploads\/2026\/08\/1787808613_755_d09185d4afff0af5c1892662708f0765d8bcfe9c771627113749a3379a5b1720.jpg\" alt=\"\"\/><\/p>\n<p>Etel\u00e4n asukkien kannattaa valmistautua kovaan tuuleen lauantaina. Tiia Heiskanen<\/p>\n<p class=\"paragraph\">Suomen etel\u00e4osaan saapuu lauantaina vaarallisen voimakas kaakkoistuuli, varoittaa Ilmatieteen laitos.<\/p>\n<p class=\"paragraph\">Varoituksia kovasta tuulesta on annettu Kymenlaakson, P\u00e4ij\u00e4t-H\u00e4meen, Kanta-H\u00e4meen, Uudenmaan, Varsinais-Suomen ja Ahvenanmaan alueille.<\/p>\n<p class=\"paragraph\">Ilmatieteen laitoksen mukaan tuulen nopeus voi olla puuskissa 15 metri\u00e4 sekunnissa. T\u00e4m\u00e4 voi aiheuttaa yksitt\u00e4isi\u00e4 kaatuneita puita laajalla alueella ja lyhyit\u00e4 s\u00e4hk\u00f6katkoja.<\/p>\n<p>Tuulivaroituksia on annettu useille maa- ja merialueille lauantaina.  Ilmatieteen laitos<\/p>\n<p class=\"paragraph\">My\u00f6s useille merialueille on annettu varoituksia tuulesta ja aallokosta. Tuulista s\u00e4\u00e4t\u00e4 ennustetaan Selk\u00e4meren pohjois- ja etel\u00e4osiin, Saaristomerelle, Ahvenanmerelle sek\u00e4 Pohjois-It\u00e4meren l\u00e4nsi- ja it\u00e4osiin.<\/p>\n<p class=\"paragraph\">Ilmatieteen laitoksen mukaan merkitsev\u00e4 aallonkorkeus saattaa ylitt\u00e4\u00e4 2,5 metri\u00e4, mik\u00e4 voi olla vaarallista huviveneille ja pienille aluksille.<\/p>\n<p>Aallonkorkeus saattaa ylitt\u00e4\u00e4 2,5 metri\u00e4, mik\u00e4 voi olla vaarallista huviveneille ja pienille aluksille. JARNO JUUTI<\/p>\n<p class=\"paragraph\">Satakuntaan ja Ahvenanmaalle on annettu lis\u00e4ksi maastopalovaroitus kuivuuden takia. Lauantaina kannattaa olla erityisen tarkkana, koska tuulisella s\u00e4\u00e4ll\u00e4 palot levi\u00e4v\u00e4t eritt\u00e4in nopeasti.<\/p>\n<p class=\"paragraph\">Tuulen ja pilvisyyden my\u00f6t\u00e4 l\u00e4mp\u00f6tilat j\u00e4\u00e4v\u00e4t lauantaina koko maassa alle 20 asteen. L\u00e4nnest\u00e4 alkaa saapua v\u00e4hitellen sateita koko maahan.<\/p>\n<p><a href=\"https:\/\/www.iltalehti.fi\/parassaa?storeCampaign=ArticleBottomBanner\" rel=\"nofollow noopener\" target=\"_blank\"><img decoding=\"async\" src=\"https:\/\/www.europesays.com\/fi\/wp-content\/uploads\/2026\/08\/1787808615_982_d0fd7860228df4fdd5fd0367e49d769aa09b08189080ddc5ccdd8c31ad63aca9.png\" alt=\"IL Paras S\u00e4\u00e4 - S\u00e4\u00e4tiedot ja s\u00e4\u00e4ennusteet\"\/><\/a><\/p>\n","protected":false},"excerpt":{"rendered":"Kova tuuli voi kaataa yksitt\u00e4isi\u00e4 puita ja aiheuttaa lyhyit\u00e4 s\u00e4hk\u00f6katkoja. Etel\u00e4n asukkien kannattaa valmistautua kovaan tuuleen lauantaina. Tiia&hellip;\n","protected":false},"author":2,"featured_media":334661,"comment_status":"","ping_status":"","sticky":false,"template":"","format":"standard","meta":{"footnotes":"","_share_on_mastodon":"0"},"categories":[12],"tags":[35,22,23,124,26,27,33,31,30,17,713,24,25,28,29,715,15,18,21,710,32,19,20,16,872],"class_list":["post-334660","post","type-post","status-publish","format-standard","has-post-thumbnail","category-suomi","tag-24h","tag-breaking-news","tag-breakingnews","tag-energia-sektori","tag-featured-news","tag-featurednews","tag-fi","tag-finland","tag-finnish","tag-headlines","tag-lampotila-saa","tag-latest-news","tag-latestnews","tag-main-news","tag-mainnews","tag-meteorologia","tag-news","tag-otsikot","tag-paauutiset","tag-saa","tag-suomi","tag-top-stories","tag-topstories","tag-uutiset","tag-vesistot"],"share_on_mastodon":{"url":"https:\/\/pubeurope.com\/@fi\/117165832949941272","error":""},"_links":{"self":[{"href":"https:\/\/www.europesays.com\/fi\/wp-json\/wp\/v2\/posts\/334660","targetHints":{"allow":["GET"]}}],"collection":[{"href":"https:\/\/www.europesays.com\/fi\/wp-json\/wp\/v2\/posts"}],"about":[{"href":"https:\/\/www.europesays.com\/fi\/wp-json\/wp\/v2\/types\/post"}],"author":[{"embeddable":true,"href":"https:\/\/www.europesays.com\/fi\/wp-json\/wp\/v2\/users\/2"}],"replies":[{"embeddable":true,"href":"https:\/\/www.europesays.com\/fi\/wp-json\/wp\/v2\/comments?post=334660"}],"version-history":[{"count":0,"href":"https:\/\/www.europesays.com\/fi\/wp-json\/wp\/v2\/posts\/334660\/revisions"}],"wp:featuredmedia":[{"embeddable":true,"href":"https:\/\/www.europesays.com\/fi\/wp-json\/wp\/v2\/media\/334661"}],"wp:attachment":[{"href":"https:\/\/www.europesays.com\/fi\/wp-json\/wp\/v2\/media?parent=334660"}],"wp:term":[{"taxonomy":"category","embeddable":true,"href":"https:\/\/www.europesays.com\/fi\/wp-json\/wp\/v2\/categories?post=334660"},{"taxonomy":"post_tag","embeddable":true,"href":"https:\/\/www.europesays.com\/fi\/wp-json\/wp\/v2\/tags?post=334660"}],"curies":[{"name":"wp","href":"https:\/\/api.w.org\/{rel}","templated":true}]}}