{"id":334682,"date":"2026-08-27T06:10:19","date_gmt":"2026-08-27T06:10:19","guid":{"rendered":"https:\/\/www.europesays.com\/fi\/334682\/"},"modified":"2026-08-27T06:10:19","modified_gmt":"2026-08-27T06:10:19","slug":"mediatiedot-harry-ja-meghan-ovat-palanneet-britanniaan-uutissuomalainen","status":"publish","type":"post","link":"https:\/\/www.europesays.com\/fi\/334682\/","title":{"rendered":"Mediatiedot: Harry ja Meghan ovat palanneet Britanniaan | Uutissuomalainen"},"content":{"rendered":"<p>Prinssi <strong>Harry<\/strong> ja h\u00e4nen puolisonsa, herttuatar <strong>Meghan<\/strong> ovat palanneet Britanniaan t\u00e4n\u00e4\u00e4n keskiviikkona, kertovat muun muassa brittil\u00e4iset <a href=\"https:\/\/www.bbc.com\/news\/articles\/czrzm6p6zxeo\" rel=\"nofollow noopener\" target=\"_blank\">BBC<\/a> ja <a href=\"https:\/\/www.telegraph.co.uk\/royal-family\/2026\/08\/26\/duke-and-duchess-of-sussex-land-in-britain-extended-stay\/\" rel=\"nofollow noopener\" target=\"_blank\">The Telegraph<\/a>.<\/p>\n<p>Harry, Meghan sek\u00e4 heid\u00e4n lapsensa <strong>Archie<\/strong> ja <strong>Lilibet<\/strong> lensiv\u00e4t BBC:n tietojen mukaan yksityiskoneella Kaliforniasta, ja he laskeutuivat Birminghamiin pian keskip\u00e4iv\u00e4n j\u00e4lkeen paikallista aikaa. Parin tiedottaja ei kommentoinut BBC:n tietoja.<\/p>\n<p><strong class=\"diks-storyline__impact\">Viime viikolla uutisoitiin<\/strong> Harryn ja Meghanin muuttavan takaisin Britanniaan Yhdysvalloista. Useiden brittimedioiden mukaan pariskunnan lapset on ilmoitettu Britanniassa syyskuussa alkavalle lukuvuodelle.<\/p>\n<p>BBC:n tietojen mukaan ainakin yksi syy muuttoon olisi Meghanin paluu n\u00e4yttelij\u00e4nuralle. Meghan neuvottelee roolista Netflixin The Gentlemen -komediasarjassa, BBC kertoo.<\/p>\n<p>Meghan on ennen avioliittoaan Harryn kanssa n\u00e4ytellyt Suits-sarjassa. Pariskunta luopui kuninkaallisista teht\u00e4vist\u00e4\u00e4n vuonna 2020 ja muutti Yhdysvaltoihin.<\/p>\n<p>\t\t\t\t\t<img class=\"diks-card__image\" src=\"https:\/\/www.europesays.com\/fi\/wp-content\/uploads\/2026\/08\/1787811015_544_11629134.jpg\"   loading=\"lazy\" decoding=\"sync\" alt=\"\"\/><\/p>\n<p>\t\t\t\t\t<img class=\"diks-card__image\" src=\"https:\/\/www.europesays.com\/fi\/wp-content\/uploads\/2026\/08\/1787811017_277_1.06402126.jpg\"   loading=\"lazy\" decoding=\"sync\" alt=\"\"\/><\/p>\n<p>\t\t\t\t\t<img class=\"diks-card__image\" src=\"https:\/\/www.europesays.com\/fi\/wp-content\/uploads\/2026\/08\/1787811019_921_1.06402147.jpg\"   loading=\"lazy\" decoding=\"sync\" alt=\"\"\/><\/p>\n","protected":false},"excerpt":{"rendered":"Prinssi Harry ja h\u00e4nen puolisonsa, herttuatar Meghan ovat palanneet Britanniaan t\u00e4n\u00e4\u00e4n keskiviikkona, kertovat muun muassa brittil\u00e4iset BBC ja&hellip;\n","protected":false},"author":2,"featured_media":334683,"comment_status":"","ping_status":"","sticky":false,"template":"","format":"standard","meta":{"footnotes":"","_share_on_mastodon":"0"},"categories":[136],"tags":[2326,654,407,137,33,31,30,408,653,652,622,217,3860,32,109],"class_list":["post-334682","post","type-post","status-publish","format-standard","has-post-thumbnail","category-julkkikset","tag-bbc","tag-britannian-kuningashuone","tag-celebrities","tag-entertainment","tag-fi","tag-finland","tag-finnish","tag-julkkikset","tag-julkkisperheet","tag-kuninkaalliset","tag-nayttelijat","tag-netflix","tag-prinssi-harryn-perhe","tag-suomi","tag-viihde"],"share_on_mastodon":{"url":"https:\/\/pubeurope.com\/@fi\/117165990647157649","error":""},"_links":{"self":[{"href":"https:\/\/www.europesays.com\/fi\/wp-json\/wp\/v2\/posts\/334682","targetHints":{"allow":["GET"]}}],"collection":[{"href":"https:\/\/www.europesays.com\/fi\/wp-json\/wp\/v2\/posts"}],"about":[{"href":"https:\/\/www.europesays.com\/fi\/wp-json\/wp\/v2\/types\/post"}],"author":[{"embeddable":true,"href":"https:\/\/www.europesays.com\/fi\/wp-json\/wp\/v2\/users\/2"}],"replies":[{"embeddable":true,"href":"https:\/\/www.europesays.com\/fi\/wp-json\/wp\/v2\/comments?post=334682"}],"version-history":[{"count":0,"href":"https:\/\/www.europesays.com\/fi\/wp-json\/wp\/v2\/posts\/334682\/revisions"}],"wp:featuredmedia":[{"embeddable":true,"href":"https:\/\/www.europesays.com\/fi\/wp-json\/wp\/v2\/media\/334683"}],"wp:attachment":[{"href":"https:\/\/www.europesays.com\/fi\/wp-json\/wp\/v2\/media?parent=334682"}],"wp:term":[{"taxonomy":"category","embeddable":true,"href":"https:\/\/www.europesays.com\/fi\/wp-json\/wp\/v2\/categories?post=334682"},{"taxonomy":"post_tag","embeddable":true,"href":"https:\/\/www.europesays.com\/fi\/wp-json\/wp\/v2\/tags?post=334682"}],"curies":[{"name":"wp","href":"https:\/\/api.w.org\/{rel}","templated":true}]}}