{"id":334782,"date":"2026-08-27T09:03:15","date_gmt":"2026-08-27T09:03:15","guid":{"rendered":"https:\/\/www.europesays.com\/fi\/334782\/"},"modified":"2026-08-27T09:03:15","modified_gmt":"2026-08-27T09:03:15","slug":"bassoklarinetti-soi-uhanalaisissa-metsissa-muusikko-mikko-aaltio-yhdistaa-maakuntalaulut-ja-luonnonsuojelun-keski-pohjanmaa","status":"publish","type":"post","link":"https:\/\/www.europesays.com\/fi\/334782\/","title":{"rendered":"Bassoklarinetti soi uhanalaisissa metsiss\u00e4 \u2013 muusikko Mikko Aaltio yhdist\u00e4\u00e4 maakuntalaulut ja luonnonsuojelun | Keski-Pohjanmaa"},"content":{"rendered":"<p class=\"aw__sc-1qwuw0s-0 aw__sc-1vg2sqm-0 epAWpq ecELkD yle__article__paragraph\">Aaltio kiert\u00e4\u00e4 hakkuu-uhan alaisissa valtion luonnonmetsiss\u00e4 soittaen basso\u00adklarinetilla maakunta\u00adlauluja. Tavoitteena on her\u00e4tt\u00e4\u00e4 suomalaiset toimimaan.<\/p>\n<p>Mikko Aaltio yhdist\u00e4\u00e4 kulttuuriperinn\u00f6n ja luonnonsuojelun uudella tavalla, esiintym\u00e4ll\u00e4 mets\u00e4ss\u00e4. Video: Pasi Takkunen \/ Yle, Petri Kuikka \/ Yle.<\/p>\n<ul class=\"aw__sc-1yb43iq-0 gFXHv yle__article__list yle__article__list--ul\">\n<li class=\"aw__sc-1yb43iq-1 gVAzbt\">Muusikko Mikko Aaltio kiert\u00e4\u00e4 Suomea soittaen maakuntalauluja luonnonmetsiss\u00e4, joita uhkaa mahdolliset hakkuut.<\/li>\n<li class=\"aw__sc-1yb43iq-1 gVAzbt\">Luontoj\u00e4rjest\u00f6t pit\u00e4v\u00e4t metsi\u00e4 arvokkaina, mutta niist\u00e4 on tehty aktiivisia mets\u00e4nk\u00e4ytt\u00f6ilmoituksia.<\/li>\n<li class=\"aw__sc-1yb43iq-1 gVAzbt\">Aaltio haluaa her\u00e4tt\u00e4\u00e4 ihmiset suojelemaan kotiseutunsa metsi\u00e4. H\u00e4nen mukaansa kulttuuri rakentuu luonnon p\u00e4\u00e4lle.<\/li>\n<li class=\"aw__sc-1yb43iq-1 gVAzbt\">H\u00e4n toivoo, ett\u00e4 kansalaiset vaatisivat p\u00e4\u00e4tt\u00e4jilt\u00e4 enemm\u00e4n luonnonsuojelutoimia.<\/li>\n<\/ul>\n<p class=\"aw__sc-1qwuw0s-0 aw__sc-ngllmo-0 epAWpq fzYpjk yle__article__paragraph\">Tiisu-yhtyeest\u00e4 tuttu muusikko <strong class=\"aw__sc-ngllmo-2 gdRrun yle__article__strong\">Mikko Aaltio<\/strong> seisoo Halsuan Taskunevalla, valtion omistamassa mets\u00e4ss\u00e4, jossa kasvaa h\u00e4nen arvionsa mukaan 100\u2013200 vuotta vanhoja puita.<\/p>\n<p class=\"aw__sc-1qwuw0s-0 aw__sc-ngllmo-0 epAWpq fzYpjk yle__article__paragraph\">H\u00e4n nostaa bassoklarinettinsa huulilleen ja alkaa soittaa Keski-Pohjanmaan maakuntalaulua.<\/p>\n<p class=\"aw__sc-1qwuw0s-0 aw__sc-ngllmo-0 epAWpq fzYpjk yle__article__paragraph\">T\u00e4m\u00e4 on yksi etappi Aaltion poikkeuksellisella Mets\u00e4maakuntalaulut-kiertueella.<\/p>\n<p class=\"aw__sc-1qwuw0s-0 aw__sc-ngllmo-0 epAWpq fzYpjk yle__article__paragraph\">H\u00e4n kiert\u00e4\u00e4 ymp\u00e4ri Suomea metsi\u00e4, jotka Luonnonmets\u00e4ty\u00f6ryhm\u00e4, Mets\u00e4liike ja Greenpeace ovat todenneet luontoarvoiltaan monimuotoisiksi ja arvokkaiksi. Silti Mets\u00e4hallitus on laittanut niihin aktiivisia mets\u00e4nk\u00e4ytt\u00f6ilmoituksia.<\/p>\n<p class=\"aw__sc-1qwuw0s-0 aw__sc-ngllmo-0 epAWpq fzYpjk yle__article__paragraph\">\u2013 Milloin tahansa tuolle juuri valmistuneelle mets\u00e4tielle saattaa tulla kone, joka kaataa n\u00e4m\u00e4 puut. Se olisi suuri v\u00e4\u00e4ryys. Olen soittamassa maakuntalauluja, jotta ihmiset tiet\u00e4v\u00e4t, ett\u00e4 t\u00e4llainen paikka on olemassa heid\u00e4n l\u00e4hell\u00e4\u00e4n, Aaltio sanoo.<\/p>\n<p><img decoding=\"async\" alt=\"Mies seisoo mets\u00e4ss\u00e4, p\u00e4\u00e4ss\u00e4\u00e4n v\u00e4rik\u00e4s lippalakki ja sel\u00e4ss\u00e4\u00e4n reppu. Taustalla n\u00e4kyy puita ja vihre\u00e4\u00e4 maastoa.\" src=\"https:\/\/www.europesays.com\/fi\/wp-content\/uploads\/2026\/08\/1787647402.jpeg\" loading=\"lazy\" class=\"aw__sc-dklauk-0 LPzKX\"\/><\/p>\n<p>Avaa kuvien katselu<\/p>\n<p>Aaltio kertoo toimivansa kampanjassaan yksityishenkil\u00f6n\u00e4, vaikka konsultoikin kohteiden valinnassa sek\u00e4 Greenpeacea ett\u00e4 luonnonmetsi\u00e4 puolustavaa ja avohakkuita vastustavaa Mets\u00e4liikett\u00e4. Kuva: Petri Kuikka \/ YleKulttuuri rakentuu luonnon p\u00e4\u00e4lle<\/p>\n<p class=\"aw__sc-1qwuw0s-0 aw__sc-ngllmo-0 epAWpq fzYpjk yle__article__paragraph\">Idea Mets\u00e4maakuntalaulu-kiertueesta syntyi, kun Mikko Aaltio kuuli hakkuista ja ahdistui. H\u00e4n l\u00f6ysi antikvariaatista vanhan kirjan, jossa olivat kaikki Suomen maakuntalaulut.<\/p>\n<p class=\"aw__sc-1qwuw0s-0 aw__sc-ngllmo-0 epAWpq fzYpjk yle__article__paragraph\">\u2013 Maakuntalaulut kertovat ihmisist\u00e4 ja ehk\u00e4 v\u00e4h\u00e4n vieraan vallan vastustamisesta, mutta ennen kaikkea luonnosta. Se on voimavaramme ja perusta, jolle rakennamme yhteiskuntamme.<\/p>\n<p><img decoding=\"async\" alt=\"Lumista j\u00e4rve\u00e4 ja mets\u00e4\u00e4 sen takana.\" src=\"https:\/\/www.europesays.com\/fi\/wp-content\/uploads\/2026\/08\/1769688374.jpeg\" class=\"aw__sc-dklauk-0 LPzKX\"\/><\/p>\n<p class=\"aw__sc-1qwuw0s-0 aw__sc-ngllmo-0 epAWpq fzYpjk yle__article__paragraph\">Aaltio haluaa, ett\u00e4 huoli metsist\u00e4 tulisi vahvemmin ihmisten tietoisuuteen \u2013 kotiseudulle, l\u00e4hiluontoon.<\/p>\n<p class=\"aw__sc-1qwuw0s-0 aw__sc-ngllmo-0 epAWpq fzYpjk yle__article__paragraph\">\u2013 Kun luonto romahtaa, romahtaa my\u00f6s yhteiskuntamme. Luonnon monimuotoisuus on yksi mittareista, jotka mittaavat sen elinvoimaisuutta, Aaltio pohtii.<\/p>\n<p><img decoding=\"async\" alt=\"Kaksi henkil\u00f6\u00e4 seisoo mets\u00e4ss\u00e4 kamerajalustojen ja \u00e4\u00e4nityslaitteiden vieress\u00e4, taustalla puita ja sammalta.\" src=\"https:\/\/www.europesays.com\/fi\/wp-content\/uploads\/2026\/08\/1787726741.jpeg\" loading=\"lazy\" class=\"aw__sc-dklauk-0 LPzKX\"\/><\/p>\n<p>Avaa kuvien katselu<\/p>\n<p>Mikko Aaltio tekee kiertueella videoita is\u00e4nsa Jukka Aaltion ja pikkuveljens\u00e4 Markuksen kanssa. Ne julkaistaan Instagramissa ja Youtubessa.  Kuva: Petri Kuikka \/ YlePositiivinen kulma mets\u00e4keskusteluun<\/p>\n<p class=\"aw__sc-1qwuw0s-0 aw__sc-ngllmo-0 epAWpq fzYpjk yle__article__paragraph\">Ensimm\u00e4isell\u00e4 Mets\u00e4maakuntalaulut-kiertueella syksyll\u00e4 2024 Mikko Aaltio k\u00e4vi Etel\u00e4-Savossa, Keski-Suomessa, Etel\u00e4-Karjalassa, Kymenlaaksossa, Uudellamaalla ja Kanta-H\u00e4meess\u00e4.<\/p>\n<p class=\"aw__sc-1qwuw0s-0 aw__sc-ngllmo-0 epAWpq fzYpjk yle__article__paragraph\">Nyt vuorossa ovat Pirkanmaa, Satakunta, Etel\u00e4-Pohjanmaa, Keski-Pohjanmaa, Pohjois-Pohjanmaa, Kainuu ja Lappi. Lokakuuhun menness\u00e4 h\u00e4n toivoo kiert\u00e4v\u00e4ns\u00e4 loputkin maakunnat.<\/p>\n<p class=\"aw__sc-1qwuw0s-0 aw__sc-ngllmo-0 epAWpq fzYpjk yle__article__paragraph\">\u2013 T\u00e4m\u00e4 on positiivinen kulma mets\u00e4keskusteluun. Ei huutamista ja vastustamista, vaan muistutan positiivisen kautta, mist\u00e4 suomalainen kulttuuri kumpuaa ja mit\u00e4 meill\u00e4 viel\u00e4 on j\u00e4ljell\u00e4.<\/p>\n<p class=\"aw__sc-1qwuw0s-0 aw__sc-ngllmo-0 epAWpq fzYpjk yle__article__paragraph\">H\u00e4n toivoo, ett\u00e4 videosarja her\u00e4tt\u00e4isi ihmiset kiinnostumaan ja suojelemaan kotiseutunsa metsi\u00e4.<\/p>\n<p><strong class=\"aw__sc-1td3why-5 ggOeli\">Mikko Aaltio: &#8221;Maakuntalaulut kertovat ennen kaikkea luonnosta&#8221;<\/strong><\/p>\n<p><img decoding=\"async\" alt=\"\" src=\"https:\/\/www.europesays.com\/fi\/wp-content\/uploads\/2026\/08\/13-1-78516876-1787724417097.jpeg\" class=\"aw__sc-dklauk-0 LPzKX\"\/>\u201dMeid\u00e4n t\u00e4ytyy vaatia enemm\u00e4n\u201d<\/p>\n<p class=\"aw__sc-1qwuw0s-0 aw__sc-ngllmo-0 epAWpq fzYpjk yle__article__paragraph\">Aaltio muistuttaa, ett\u00e4 gallupeissa selv\u00e4 enemmist\u00f6 suomalaisista sanoo haluavansa poliitikoilta enemm\u00e4n ilmastotoimia.<\/p>\n<p class=\"aw__sc-1qwuw0s-0 aw__sc-ngllmo-0 epAWpq fzYpjk yle__article__paragraph\">\u2013 Mutta miss\u00e4 ovat kansalaisten teot? Meid\u00e4n t\u00e4ytyy vaatia enemm\u00e4n p\u00e4\u00e4tt\u00e4jilt\u00e4, h\u00e4n sanoo.<\/p>\n<p class=\"aw__sc-1qwuw0s-0 aw__sc-ngllmo-0 epAWpq fzYpjk yle__article__paragraph\">Toivoa Mikko Aaltiolle antaa koronakriisi, joka osoitti, ett\u00e4 kun poliittinen tahtotila on olemassa, yhteiskunta pystyy muuttumaan h\u00e4mm\u00e4stytt\u00e4v\u00e4n nopeasti.<\/p>\n<p class=\"aw__sc-1qwuw0s-0 aw__sc-ngllmo-0 epAWpq fzYpjk yle__article__paragraph\">\u2013 Toivon, ett\u00e4 tavalliset kansalaiset saavat teoillaan aikaan sellaisen poliittisen paineen, ett\u00e4 p\u00e4\u00e4tt\u00e4jien on pakko toimia.<\/p>\n","protected":false},"excerpt":{"rendered":"Aaltio kiert\u00e4\u00e4 hakkuu-uhan alaisissa valtion luonnonmetsiss\u00e4 soittaen basso\u00adklarinetilla maakunta\u00adlauluja. Tavoitteena on her\u00e4tt\u00e4\u00e4 suomalaiset toimimaan. Mikko Aaltio yhdist\u00e4\u00e4 kulttuuriperinn\u00f6n&hellip;\n","protected":false},"author":2,"featured_media":334783,"comment_status":"","ping_status":"","sticky":false,"template":"","format":"standard","meta":{"footnotes":"","_share_on_mastodon":"0"},"categories":[117],"tags":[1377,33,31,30,2028,451,71,961,72,823,476,118,32,119,1118,477],"class_list":["post-334782","post","type-post","status-publish","format-standard","has-post-thumbnail","category-luonto","tag-etela-pohjanmaa","tag-fi","tag-finland","tag-finnish","tag-halsua","tag-keski-pohjanmaa","tag-kotimaa","tag-luonnonsuojelu","tag-luonto","tag-metsat","tag-nature","tag-science","tag-suomi","tag-tiede","tag-tiisu","tag-wildlife"],"share_on_mastodon":{"url":"https:\/\/pubeurope.com\/@fi\/117166670882144416","error":""},"_links":{"self":[{"href":"https:\/\/www.europesays.com\/fi\/wp-json\/wp\/v2\/posts\/334782","targetHints":{"allow":["GET"]}}],"collection":[{"href":"https:\/\/www.europesays.com\/fi\/wp-json\/wp\/v2\/posts"}],"about":[{"href":"https:\/\/www.europesays.com\/fi\/wp-json\/wp\/v2\/types\/post"}],"author":[{"embeddable":true,"href":"https:\/\/www.europesays.com\/fi\/wp-json\/wp\/v2\/users\/2"}],"replies":[{"embeddable":true,"href":"https:\/\/www.europesays.com\/fi\/wp-json\/wp\/v2\/comments?post=334782"}],"version-history":[{"count":0,"href":"https:\/\/www.europesays.com\/fi\/wp-json\/wp\/v2\/posts\/334782\/revisions"}],"wp:featuredmedia":[{"embeddable":true,"href":"https:\/\/www.europesays.com\/fi\/wp-json\/wp\/v2\/media\/334783"}],"wp:attachment":[{"href":"https:\/\/www.europesays.com\/fi\/wp-json\/wp\/v2\/media?parent=334782"}],"wp:term":[{"taxonomy":"category","embeddable":true,"href":"https:\/\/www.europesays.com\/fi\/wp-json\/wp\/v2\/categories?post=334782"},{"taxonomy":"post_tag","embeddable":true,"href":"https:\/\/www.europesays.com\/fi\/wp-json\/wp\/v2\/tags?post=334782"}],"curies":[{"name":"wp","href":"https:\/\/api.w.org\/{rel}","templated":true}]}}