{"id":334798,"date":"2026-08-27T09:34:15","date_gmt":"2026-08-27T09:34:15","guid":{"rendered":"https:\/\/www.europesays.com\/fi\/334798\/"},"modified":"2026-08-27T09:34:15","modified_gmt":"2026-08-27T09:34:15","slug":"mustan-saunan-ymparisto-muuttuu-viikonloppuna-loylykylaksi-saunafestareihin-osallistuvat-paasevat-tutustumaan-myos-uuteen-pikkumusta-saunaan","status":"publish","type":"post","link":"https:\/\/www.europesays.com\/fi\/334798\/","title":{"rendered":"Mustan saunan ymp\u00e4rist\u00f6 muuttuu viikonloppuna l\u00f6ylykyl\u00e4ksi \u2013 Saunafestareihin osallistuvat p\u00e4\u00e4sev\u00e4t tutustumaan my\u00f6s uuteen Pikkumusta-saunaan"},"content":{"rendered":"<p>    <img decoding=\"async\" class=\"responsive-image article__image-image lozad\"   src=\"https:\/\/www.europesays.com\/fi\/wp-content\/uploads\/2026\/08\/j7u0USmC_bawIk5DOrujnbQM_MVAxtLpNDJOuucqHOgnm-YeD55i56OcbgQVHIv9hM8YTiac7bOQZVr-GTdxYF0qcljgBx-0tibc.jpeg\" alt=\"Avantopaikan vanhassa pukukopissa on t\u00e4t\u00e4 nyky\u00e4 sauna. Ari Eilola ja Matias Stenudd olivat mukana sit\u00e4 rakentamassa.\"\/><\/p>\n<p>\n                Avantopaikan vanhassa pukukopissa on t\u00e4t\u00e4 nyky\u00e4 sauna. Ari Eilola ja Matias Stenudd olivat mukana sit\u00e4 rakentamassa.\n              <\/p>\n<p>\n                Kuva: VESA JOENSUU\n              <\/p>\n<p class=\"article__paragraph\">\n      Mustan saunan ymp\u00e4rist\u00f6\u00f6n rakentuu viikonloppuna l\u00f6ylykyl\u00e4.<\/p>\n<p>    Tutustu, voit peruuttaa tilauksen koska tahansa.<\/p>\n<p>Tilauksella p\u00e4\u00e4set lukemaan rajoituksetta t\u00e4m\u00e4n ja muita kiinnostavia artikkeleita<\/p>\n<p>      <img class=\"paywall__channel-logo\"\/>       <\/p>\n<p class=\"a-paragraph__2 paywall__cta-login--container\">\n        Oletko jo tilaaja?<br \/>\n        <a class=\"paywall__cta-login js-login-link js-parent-frame-link\" href=\"https:\/\/www.raahenseutu.fi\/kirjaudu\" rel=\"nofollow noopener\" target=\"_blank\">Kirjaudu sis\u00e4\u00e4n.<\/a>\n      <\/p>\n","protected":false},"excerpt":{"rendered":"Avantopaikan vanhassa pukukopissa on t\u00e4t\u00e4 nyky\u00e4 sauna. Ari Eilola ja Matias Stenudd olivat mukana sit\u00e4 rakentamassa. Kuva: VESA&hellip;\n","protected":false},"author":2,"featured_media":334799,"comment_status":"","ping_status":"","sticky":false,"template":"","format":"standard","meta":{"footnotes":"","_share_on_mastodon":"0"},"categories":[113],"tags":[446,33,31,30,118,32,119,447],"class_list":["post-334798","post","type-post","status-publish","format-standard","has-post-thumbnail","category-ymparisto","tag-environment","tag-fi","tag-finland","tag-finnish","tag-science","tag-suomi","tag-tiede","tag-ymparisto"],"share_on_mastodon":{"url":"https:\/\/pubeurope.com\/@fi\/117166792792952618","error":""},"_links":{"self":[{"href":"https:\/\/www.europesays.com\/fi\/wp-json\/wp\/v2\/posts\/334798","targetHints":{"allow":["GET"]}}],"collection":[{"href":"https:\/\/www.europesays.com\/fi\/wp-json\/wp\/v2\/posts"}],"about":[{"href":"https:\/\/www.europesays.com\/fi\/wp-json\/wp\/v2\/types\/post"}],"author":[{"embeddable":true,"href":"https:\/\/www.europesays.com\/fi\/wp-json\/wp\/v2\/users\/2"}],"replies":[{"embeddable":true,"href":"https:\/\/www.europesays.com\/fi\/wp-json\/wp\/v2\/comments?post=334798"}],"version-history":[{"count":0,"href":"https:\/\/www.europesays.com\/fi\/wp-json\/wp\/v2\/posts\/334798\/revisions"}],"wp:featuredmedia":[{"embeddable":true,"href":"https:\/\/www.europesays.com\/fi\/wp-json\/wp\/v2\/media\/334799"}],"wp:attachment":[{"href":"https:\/\/www.europesays.com\/fi\/wp-json\/wp\/v2\/media?parent=334798"}],"wp:term":[{"taxonomy":"category","embeddable":true,"href":"https:\/\/www.europesays.com\/fi\/wp-json\/wp\/v2\/categories?post=334798"},{"taxonomy":"post_tag","embeddable":true,"href":"https:\/\/www.europesays.com\/fi\/wp-json\/wp\/v2\/tags?post=334798"}],"curies":[{"name":"wp","href":"https:\/\/api.w.org\/{rel}","templated":true}]}}