{"id":334818,"date":"2026-08-27T10:00:19","date_gmt":"2026-08-27T10:00:19","guid":{"rendered":"https:\/\/www.europesays.com\/fi\/334818\/"},"modified":"2026-08-27T10:00:19","modified_gmt":"2026-08-27T10:00:19","slug":"jaatikon-romahdus-aiheutti-katastrofaalisen-tulvan-suomalainen-kateissa-nepalissa","status":"publish","type":"post","link":"https:\/\/www.europesays.com\/fi\/334818\/","title":{"rendered":"J\u00e4\u00e4tik\u00f6n romahdus aiheutti katastrofaalisen tulvan: suomalainen kateissa Nepalissa"},"content":{"rendered":"<p>J\u00e4\u00e4tik\u00f6n murtuminen synnytti tuhoisan maanvy\u00f6ryn, joka tukki joen ja aiheutti \u00e4killisen tulvan. Kuolonuhrien m\u00e4\u00e4r\u00e4n uskotaan kasvavan merkitt\u00e4v\u00e4sti.<\/p>\n<p><img decoding=\"async\" src=\"https:\/\/www.europesays.com\/fi\/wp-content\/uploads\/2026\/08\/1787824812_312_468.jpg\" alt=\"Torstaina otettua droonikuvaa tulvatuhoista Nepalin Trishulissa\" class=\"_Img_1rerz_1\" style=\"aspect-ratio:1920\/1279\" loading=\"eager\"\/><\/p>\n<p class=\"font-(family-name:--picture-caption-font-family) text-(length:--picture-caption-font-size) leading-(--picture-caption-leading) font-(--picture-caption-font-weight) text-(color:--picture-caption-color)\">Torstaina otettua droonikuvaa tulvatuhoista Nepalin Trishulissa Kuva:\u00a0Reuters<\/p>\n<p>Lue tiivistelm\u00e4<\/p>\n<p class=\"article-body mb-(--paragraph-margin-b) px-nof-16 sndp-summary-bullet-point-font\">J\u00e4\u00e4tik\u00f6n romahdus aiheutti tuhoisan tulvan Nepalin ja Kiinan rajalla keskiviikkona.<\/p>\n<p class=\"article-body mb-(--paragraph-margin-b) px-nof-16 sndp-summary-bullet-point-font\">Ainakin 160 ihmist\u00e4 on kuollut ja l\u00e4hes 1\u202f500 ihmist\u00e4 on kateissa.<\/p>\n<p class=\"article-body mb-(--paragraph-margin-b) px-nof-16 sndp-summary-bullet-point-font\">Pelastust\u00f6it\u00e4 vaikeuttavat katkenneet viestint\u00e4yhteydet alueella.<\/p>\n<p class=\"article-body mb-(--paragraph-margin-b) px-nof-16\">L\u00e4hes 1\u202f500 ihmist\u00e4 on yh\u00e4 kateissa Nepalin ja Kiinan rajalla tapahtuneen rajun tulvan ja maanvy\u00f6ryn seurauksena. Kadonneiden joukossa on ainakin 800 ulkomaalaista turistia.<\/p>\n<p class=\"article-body mb-(--paragraph-margin-b) px-nof-16\">Asiasta kertoivat torstaina paikalliset viranomaiset.<\/p>\n<p class=\"article-body mb-(--paragraph-margin-b) px-nof-16\">Ulkoministeri\u00f6n tiedossa on yksi Nepalissa kateissa oleva suomalainen, vahvistaa konsuliasioiden yksik\u00f6n johtava asiantuntija <a class=\"font-bold underline-offset-[0.12em] [text-decoration:var(--person-link-text-decoration)] [text-decoration-color:var(--person-link-text-decoration-color)]!\" href=\"https:\/\/www.aamulehti.fi\/haku\/?query=Antti%20Vaaras\" rel=\"nofollow noopener\" target=\"_blank\">Antti Vaaras<\/a>.<\/p>\n<p class=\"article-body mb-(--paragraph-margin-b) px-nof-16\">Nepalin viranomaisten mukaan ainakin 270 ihmist\u00e4 on kuollut. Kiina on t\u00e4h\u00e4n menness\u00e4 vahvistanut kolmen ihmisen kuolleen. Kuolonuhrien m\u00e4\u00e4r\u00e4n uskotaan kasvavan merkitt\u00e4v\u00e4sti.<\/p>\n<p class=\"article-body mb-(--paragraph-margin-b) px-nof-16\">Pelastus- ja etsint\u00e4ty\u00f6t jatkuvat. Kokosimme, mit\u00e4 katastrofista tiedet\u00e4\u00e4n nyt.<\/p>\n<p><img decoding=\"async\" src=\"https:\/\/www.europesays.com\/fi\/wp-content\/uploads\/2026\/08\/1787824814_300_468.jpg\" alt=\"Droonikuva n\u00e4ytt\u00e4\u00e4 tulvatuhoja. Muta on peitt\u00e4nyt rakennukset Trishulissa.\" class=\"_Img_1rerz_1\" style=\"aspect-ratio:1920\/1280\" loading=\"eager\"\/><\/p>\n<p class=\"font-(family-name:--picture-caption-font-family) text-(length:--picture-caption-font-size) leading-(--picture-caption-leading) font-(--picture-caption-font-weight) text-(color:--picture-caption-color) picture-with-caption__caption picture-with-caption__caption--default-full\">Droonikuva n\u00e4ytt\u00e4\u00e4 tulvatuhoja. Muta on peitt\u00e4nyt rakennukset Trishulissa. Kuva:\u00a0Navesh Chitrakar<\/p>\n<p><img decoding=\"async\" src=\"https:\/\/www.europesays.com\/fi\/wp-content\/uploads\/2026\/08\/1787824814_422_468.jpg\" alt=\"Pelastajat kulkevat alueella kaivinkoneen kauhassa. Mutavy\u00f6ryn ja tulvien j\u00e4ljilt\u00e4 kateissa on 1\u202f500 ihmist\u00e4.\" class=\"_Img_1rerz_1\" style=\"aspect-ratio:1920\/1280\" loading=\"eager\"\/><\/p>\n<p class=\"font-(family-name:--picture-caption-font-family) text-(length:--picture-caption-font-size) leading-(--picture-caption-leading) font-(--picture-caption-font-weight) text-(color:--picture-caption-color) picture-with-caption__caption picture-with-caption__caption--default-full\">Pelastajat kulkevat alueella kaivinkoneen kauhassa. Mutavy\u00f6ryn ja tulvien j\u00e4ljilt\u00e4 kateissa on 1\u202f500 ihmist\u00e4. Kuva:\u00a0NARENDRA SHRESTHA<\/p>\n<p><img decoding=\"async\" src=\"https:\/\/www.europesays.com\/fi\/wp-content\/uploads\/2026\/08\/1787824815_35_468.jpg\" alt=\"Mies pelastaa omaisuuttaan tulvan j\u00e4ljilt\u00e4 Trishulissa.\" class=\"_Img_1rerz_1\" style=\"aspect-ratio:1920\/1218\" loading=\"eager\"\/><\/p>\n<p class=\"font-(family-name:--picture-caption-font-family) text-(length:--picture-caption-font-size) leading-(--picture-caption-leading) font-(--picture-caption-font-weight) text-(color:--picture-caption-color) picture-with-caption__caption picture-with-caption__caption--default-full\">Mies pelastaa omaisuuttaan tulvan j\u00e4ljilt\u00e4 Trishulissa. Kuva:\u00a0Navesh Chitrakar<\/p>\n<p><img decoding=\"async\" src=\"https:\/\/www.europesays.com\/fi\/wp-content\/uploads\/2026\/08\/1787824815_323_468.jpg\" alt=\"J\u00e4\u00e4tik\u00f6n murtumisen aiheuttama maanvy\u00f6ry ja sen j\u00e4lkeinen tulva tekiv\u00e4t suurta tuhoa.\" class=\"_Img_1rerz_1\" style=\"aspect-ratio:1920\/1070\" loading=\"eager\"\/><\/p>\n<p class=\"font-(family-name:--picture-caption-font-family) text-(length:--picture-caption-font-size) leading-(--picture-caption-leading) font-(--picture-caption-font-weight) text-(color:--picture-caption-color) picture-with-caption__caption picture-with-caption__caption--default-full\">J\u00e4\u00e4tik\u00f6n murtumisen aiheuttama maanvy\u00f6ry ja sen j\u00e4lkeinen tulva tekiv\u00e4t suurta tuhoa. Kuva:\u00a0Agenzia Fotogramma<\/p>\n<p><img decoding=\"async\" src=\"https:\/\/www.europesays.com\/fi\/wp-content\/uploads\/2026\/08\/1787824816_17_468.jpg\" alt=\"Tuhoutuneita taloja on laajalla alueella.\" class=\"_Img_1rerz_1\" style=\"aspect-ratio:1920\/1280\" loading=\"eager\"\/><\/p>\n<p class=\"font-(family-name:--picture-caption-font-family) text-(length:--picture-caption-font-size) leading-(--picture-caption-leading) font-(--picture-caption-font-weight) text-(color:--picture-caption-color) picture-with-caption__caption picture-with-caption__caption--default-full\">Tuhoutuneita taloja on laajalla alueella. Kuva:\u00a0Navesh Chitrakar<\/p>\n<p><img decoding=\"async\" src=\"https:\/\/www.europesays.com\/fi\/wp-content\/uploads\/2026\/08\/1787824817_376_468.jpg\" alt=\"Torstaina otettua droonikuvaa tulvatuhoista Nepalin Trishulissa.\" class=\"_Img_1rerz_1\" style=\"aspect-ratio:1920\/1327\" loading=\"eager\"\/><\/p>\n<p class=\"font-(family-name:--picture-caption-font-family) text-(length:--picture-caption-font-size) leading-(--picture-caption-leading) font-(--picture-caption-font-weight) text-(color:--picture-caption-color) picture-with-caption__caption picture-with-caption__caption--default-full\">Torstaina otettua droonikuvaa tulvatuhoista Nepalin Trishulissa. Kuva:\u00a0Navesh Chitrakar \/ Reuters<\/p>\n<p><img decoding=\"async\" src=\"https:\/\/www.europesays.com\/fi\/wp-content\/uploads\/2026\/08\/1787824817_900_468.jpg\" alt=\"Nainen murtuu, kun h\u00e4n ei l\u00f6yd\u00e4 sukulaisensa nime\u00e4 sairaalan haavoittuneiden listalta.\" class=\"_Img_1rerz_1\" style=\"aspect-ratio:1920\/1280\" loading=\"eager\"\/><\/p>\n<p class=\"font-(family-name:--picture-caption-font-family) text-(length:--picture-caption-font-size) leading-(--picture-caption-leading) font-(--picture-caption-font-weight) text-(color:--picture-caption-color) picture-with-caption__caption picture-with-caption__caption--default-full\">Nainen murtuu, kun h\u00e4n ei l\u00f6yd\u00e4 sukulaisensa nime\u00e4 sairaalan haavoittuneiden listalta. Kuva:\u00a0Sabrina Dangol<\/p>\n<p><img decoding=\"async\" src=\"https:\/\/www.europesays.com\/fi\/wp-content\/uploads\/2026\/08\/1787824818_189_468.jpg\" alt=\"Pelastaja ja etsint\u00e4koira etsiv\u00e4t eloonj\u00e4\u00e4neit\u00e4 katastrofin keskell\u00e4.\" class=\"_Img_1rerz_1\" style=\"aspect-ratio:1920\/1289\" loading=\"eager\"\/><\/p>\n<p class=\"font-(family-name:--picture-caption-font-family) text-(length:--picture-caption-font-size) leading-(--picture-caption-leading) font-(--picture-caption-font-weight) text-(color:--picture-caption-color) picture-with-caption__caption picture-with-caption__caption--default-full\">Pelastaja ja etsint\u00e4koira etsiv\u00e4t eloonj\u00e4\u00e4neit\u00e4 katastrofin keskell\u00e4. Kuva:\u00a0Navesh Chitrakar<\/p>\n<p><img decoding=\"async\" src=\"https:\/\/www.europesays.com\/fi\/wp-content\/uploads\/2026\/08\/1787824818_498_468.jpg\" alt=\"Kokonaisia kyli\u00e4 huuhtoutui tulvaveden mukana.\" class=\"_Img_1rerz_1\" style=\"aspect-ratio:1920\/1280\" loading=\"eager\"\/><\/p>\n<p class=\"font-(family-name:--picture-caption-font-family) text-(length:--picture-caption-font-size) leading-(--picture-caption-leading) font-(--picture-caption-font-weight) text-(color:--picture-caption-color) picture-with-caption__caption picture-with-caption__caption--default-full\">Kokonaisia kyli\u00e4 huuhtoutui tulvaveden mukana. Kuva:\u00a0Navesh Chitrakar<\/p>\n<p>Kadonneet turistit eri puolilta maailmaa<\/p>\n<p class=\"article-body mb-(--paragraph-margin-b) px-nof-16\">Nepalissa on kateissa yli 800 ihmist\u00e4, joista l\u00e4hes 600 on ulkomaalaisia, Nepalin turismiministeri\u00f6 ja maan poliisi kertoivat uutistoimisto Reutersin mukaan.<\/p>\n<p class=\"article-body mb-(--paragraph-margin-b) px-nof-16\">Himalajan vuoristo on suosittu kiipeilykohde maailmanlaajuisesti. Kadonneiden joukossa on ihmisi\u00e4 useista maista, muun muassa Italiasta, Portugalista, Yhdysvalloista, Australiasta, Intiasta, Japanista ja Britanniasta.<\/p>\n<p class=\"article-body mb-(--paragraph-margin-b) px-nof-16\">Suomen ulkoministeri\u00f6st\u00e4 kerrottiin torstaina aamuyhdeks\u00e4n j\u00e4lkeen, ett\u00e4 tiedossa on yksi Nepalissa kateissa oleva suomalainen. Matkustusilmoituksia Nepaliin on tehty kolmisenkymment\u00e4.<\/p>\n<p class=\"article-body mb-(--paragraph-margin-b) px-nof-16\">\u201dL\u00e4hestyimme heit\u00e4 eilen [keskiviikkona] kyselyll\u00e4, ett\u00e4 ovatko he alueella ja tarvitsevatko apua. L\u00e4hes kaikki heist\u00e4 on tavoitettu\u201d, sanoo konsuliasioiden yksik\u00f6n johtava asiantuntija Antti Vaaras.<\/p>\n<p class=\"article-body mb-(--paragraph-margin-b) px-nof-16\">Viestint\u00e4yhteydet alueella ovat laajalti poikki, mik\u00e4 hankaloittaa pelastust\u00f6it\u00e4. Suomen Nepalin-suurl\u00e4hettil\u00e4s <a class=\"font-bold underline-offset-[0.12em] [text-decoration:var(--person-link-text-decoration)] [text-decoration-color:var(--person-link-text-decoration-color)]!\" href=\"https:\/\/www.aamulehti.fi\/haku\/?query=Petri%20Puhakka\" rel=\"nofollow noopener\" target=\"_blank\">Petri Puhakka<\/a> pyysi keskiviikkona alueella olevia suomalaisia ottamaan yhteytt\u00e4 suurl\u00e4hetyst\u00f6\u00f6n tai ulkoministeri\u00f6\u00f6n ja kertomaan tilanteestaan.<\/p>\n<p class=\"article-body mb-(--paragraph-margin-b) px-nof-16\">\u201dVoi ottaa yhteytt\u00e4 esimerkiksi s\u00e4hk\u00f6postilla, puhelimitse, tekstiviestill\u00e4, Facebookin tai muiden sosiaalisten median kanavien kautta\u201d, Puhakka <a class=\"underline underline-offset-[0.12em] [text-decoration-thickness:var(--generic-link-underline-thickness)] [text-decoration-color:var(--generic-link-underline-color)] [text-decoration-skip-ink:var(--generic-link-underline-skip-ink)] break-words\" href=\"https:\/\/www.hs.fi\/maailma\/art-2000012232145.html\" rel=\"nofollow noopener\" target=\"_blank\">sanoi<\/a>.<\/p>\n<p class=\"article-body mb-(--paragraph-margin-b) px-nof-16\">Kiinalle kuuluvassa Tiibetiss\u00e4 kateissa on yli 550 ihmist\u00e4, heist\u00e4 260 on ulkomaalaisia. Asiasta kertoi torstaina Kiinan valtiollinen televisio CCTV.<\/p>\n<p>Tulvavesi vei menness\u00e4\u00e4n kyli\u00e4 ja teit\u00e4<\/p>\n<p class=\"article-body mb-(--paragraph-margin-b) px-nof-16\">Nepalin ja Kiinan rajalla sijaitseva joki tulvi massiivisesti keskiviikkoaamuna paikallista aikaa.<\/p>\n<p class=\"article-body mb-(--paragraph-margin-b) px-nof-16\">Tulva vaikuttaa johtuneen j\u00e4\u00e4tik\u00f6n murtumisesta, <a class=\"underline underline-offset-[0.12em] [text-decoration-thickness:var(--generic-link-underline-thickness)] [text-decoration-color:var(--generic-link-underline-color)] [text-decoration-skip-ink:var(--generic-link-underline-skip-ink)] break-words\" href=\"https:\/\/earthquake.usgs.gov\/earthquakes\/eventpage\/us7000tbwb\/executive\" rel=\"nofollow noopener\" target=\"_blank\">kertoo<\/a> Yhdysvaltain geologian tutkimuskeskus (USGS). USGS:n mukaan Nepalin ja Kiinan rajalla tapahtui keskiviikkona kello 8.37 paikallista aikaa seisminen ilmi\u00f6, jonka voimakkuus oli 5,2 ja joka tulkittiin ensin maanj\u00e4ristykseksi.<\/p>\n<p class=\"article-body mb-(--paragraph-margin-b) px-nof-16\">Sen seurauksena Himalajan vuoristosta vy\u00f6ryi alas kive\u00e4 ja j\u00e4\u00e4t\u00e4, jotka tukkivat laaksossa virtaavan joen ja aiheuttivat \u00e4killisen tulvan. Vuoristolaaksojen l\u00e4pi sy\u00f6ksynyt tulvavesi tuhosi muun muassa kyli\u00e4, siltoja ja teit\u00e4.<\/p>\n<p class=\"article-body mb-(--paragraph-margin-b) px-nof-16\">USGS kuvaili seurauksia \u201dkatastrofaalisiksi\u201d. Muun muassa Yhdysvallat ja YK ovat luvanneet h\u00e4t\u00e4apua Nepalille.<\/p>\n<p class=\"article-body mb-(--paragraph-margin-b) px-nof-16\">Kiinan viranomaisten mukaan pelastust\u00f6it\u00e4 vaikeuttavat s\u00e4\u00e4olosuhteet ja tuhoalueen syrj\u00e4inen sijainti. Alueelle on ennustettu sadetta l\u00e4hip\u00e4ivien ajaksi.<\/p>\n<p class=\"article-body mb-(--paragraph-margin-b) px-nof-16\">Nepalin puolella pelastust\u00f6ihin osallistuu yli 5\u202f000 ihmist\u00e4 maan asevoimista ja poliisista.<\/p>\n<p><img decoding=\"async\" src=\"https:\/\/images.sanoma-sndp.fi\/2b08321bb1ab41ad68f42380cde1a72c.svg\" alt=\"\" class=\"_Img_1rerz_1\" style=\"aspect-ratio:105\/150\" loading=\"eager\"\/><\/p>\n","protected":false},"excerpt":{"rendered":"J\u00e4\u00e4tik\u00f6n murtuminen synnytti tuhoisan maanvy\u00f6ryn, joka tukki joen ja aiheutti \u00e4killisen tulvan. Kuolonuhrien m\u00e4\u00e4r\u00e4n uskotaan kasvavan merkitt\u00e4v\u00e4sti. Torstaina&hellip;\n","protected":false},"author":2,"featured_media":334819,"comment_status":"","ping_status":"","sticky":false,"template":"","format":"standard","meta":{"footnotes":"","_share_on_mastodon":"0"},"categories":[113],"tags":[157,446,33,31,30,118,32,119,447],"class_list":["post-334818","post","type-post","status-publish","format-standard","has-post-thumbnail","category-ymparisto","tag-aamulehti","tag-environment","tag-fi","tag-finland","tag-finnish","tag-science","tag-suomi","tag-tiede","tag-ymparisto"],"share_on_mastodon":{"url":"https:\/\/pubeurope.com\/@fi\/117166895259689370","error":""},"_links":{"self":[{"href":"https:\/\/www.europesays.com\/fi\/wp-json\/wp\/v2\/posts\/334818","targetHints":{"allow":["GET"]}}],"collection":[{"href":"https:\/\/www.europesays.com\/fi\/wp-json\/wp\/v2\/posts"}],"about":[{"href":"https:\/\/www.europesays.com\/fi\/wp-json\/wp\/v2\/types\/post"}],"author":[{"embeddable":true,"href":"https:\/\/www.europesays.com\/fi\/wp-json\/wp\/v2\/users\/2"}],"replies":[{"embeddable":true,"href":"https:\/\/www.europesays.com\/fi\/wp-json\/wp\/v2\/comments?post=334818"}],"version-history":[{"count":0,"href":"https:\/\/www.europesays.com\/fi\/wp-json\/wp\/v2\/posts\/334818\/revisions"}],"wp:featuredmedia":[{"embeddable":true,"href":"https:\/\/www.europesays.com\/fi\/wp-json\/wp\/v2\/media\/334819"}],"wp:attachment":[{"href":"https:\/\/www.europesays.com\/fi\/wp-json\/wp\/v2\/media?parent=334818"}],"wp:term":[{"taxonomy":"category","embeddable":true,"href":"https:\/\/www.europesays.com\/fi\/wp-json\/wp\/v2\/categories?post=334818"},{"taxonomy":"post_tag","embeddable":true,"href":"https:\/\/www.europesays.com\/fi\/wp-json\/wp\/v2\/tags?post=334818"}],"curies":[{"name":"wp","href":"https:\/\/api.w.org\/{rel}","templated":true}]}}