{"id":334820,"date":"2026-08-27T10:07:11","date_gmt":"2026-08-27T10:07:11","guid":{"rendered":"https:\/\/www.europesays.com\/fi\/334820\/"},"modified":"2026-08-27T10:07:11","modified_gmt":"2026-08-27T10:07:11","slug":"new-yorkin-seurapiiri-valmistautuu-presidentin-vierailuun-hbon-pukudraamahitin-neljannen-kauden-trailerilla","status":"publish","type":"post","link":"https:\/\/www.europesays.com\/fi\/334820\/","title":{"rendered":"New Yorkin seurapiiri valmistautuu presidentin vierailuun HBO:n pukudraamahitin nelj\u00e4nnen kauden trailerilla"},"content":{"rendered":"<p class=\"wp-block-paragraph\">HBO:n historiallisen loistelias draamasarja The Gilded Age jatkuu j\u00e4lleen t\u00e4n\u00e4 syksyn\u00e4. Nyt tulevasta nelj\u00e4nnest\u00e4 tuotantokaudesta on julkaistu ensimm\u00e4inen kiusoittelutraileri ja my\u00f6s sarjan paluup\u00e4iv\u00e4m\u00e4\u00e4r\u00e4 on paljastettu odottavien fanien tietoon.<\/p>\n<p class=\"wp-block-paragraph\">Tuoreella trailerilla New Yorkin seurapiirit valmistautuvat ottamaan vastaan vierailulle itse Yhdysvaltain presidentin. Paineet ovat siis ymm\u00e4rrett\u00e4v\u00e4sti kovat ja se heijastuu my\u00f6s perheiden keskin\u00e4isiin v\u00e4leihin. Uusi liittoja ja liittolaisuuksia solmitaan t\u00e4ll\u00e4kin kertaa ja hahmot my\u00f6s pohdiskelevat omaa asemaansa nopeasti kehittyv\u00e4ss\u00e4 1800-luvun lopun yhteiskunnassa.<\/p>\n<p>Lue my\u00f6s: <a href=\"https:\/\/www.episodi.fi\/uutiset\/noah-wyle-palaa-traumaosastolle-hbon-megahitti-the-pitt-debytoi-kolmoskautensa-ensimmaisen-trailerin\/\" title=\"Noah Wyle palaa traumaosastolle \u2013 HBO:n megahitti The Pitt debytoi kolmoskautensa ensimm\u00e4isen trailerin\" class=\"underline-custom !font-heading !font-bold !underline-offset-4 !decoration-4 !decoration-accent !text-md\" rel=\"nofollow noopener\" target=\"_blank\">Noah Wyle palaa traumaosastolle \u2013 HBO:n megahitti The Pitt debytoi kolmoskautensa ensimm\u00e4isen trailerin<\/a><\/p>\n<p>Lue my\u00f6s: <a href=\"https:\/\/www.episodi.fi\/uutiset\/nyt-hbo-maxissa-vihreat-lyhdyt-ovat-murha-aallon-ja-intergalaktisen-uhkan-aarella-dcun-uutuussarjassa\/\" title=\"Nyt HBO Maxissa: Vihre\u00e4t lyhdyt ovat murha-aallon ja intergalaktisen uhkan \u00e4\u00e4rell\u00e4 DCU:n uutuussarjassa\" class=\"underline-custom !font-heading !font-bold !underline-offset-4 !decoration-4 !decoration-accent !text-md\" rel=\"nofollow noopener\" target=\"_blank\">Nyt HBO Maxissa: Vihre\u00e4t lyhdyt ovat murha-aallon ja intergalaktisen uhkan \u00e4\u00e4rell\u00e4 DCU:n uutuussarjassa<\/a><\/p>\n<p class=\"wp-block-paragraph\">Sarjan avainrooleihin palaavat t\u00e4ll\u00e4kin kertaa <strong>Christine Baranski<\/strong>, <strong>Cynthia Nixon<\/strong>, <strong>Carrie Coon<\/strong>, <strong>Louisa Jacobson<\/strong>, <strong>Taissa Farmiga<\/strong>, <strong>Den\u00e9e Benton<\/strong> ja <strong>Morgan Spector<\/strong>. Sarjan edellinen eli kolmas tuotantokausi n\u00e4htiin vuosi sitten, kes\u00e4ll\u00e4 2025.<\/p>\n<p class=\"wp-block-paragraph\">The Gilded Age -sarjan nelj\u00e4s kausi py\u00f6r\u00e4ht\u00e4\u00e4 k\u00e4yntiin HBO Max -suoratoistopalvelussa 2. marraskuuta 2026. Suomalaiset katsojat p\u00e4\u00e4sev\u00e4t siis sukeltamaan sarjan loisteliaisiin tunnelmiin vain p\u00e4iv\u00e4n viiveell\u00e4 sen Yhdysvaltain ensiesityksest\u00e4.<\/p>\n<p class=\"wp-block-paragraph\">Katso The Gilded Agen nelj\u00e4nnen kauden tuore uusi teasertraileri alta.<\/p>\n<p><img loading=\"lazy\" decoding=\"async\" alt=\"Youtube video\" width=\"480\" height=\"360\" data-pin-nopin=\"true\" nopin=\"nopin\" class=\"perfmatters-lazy\" src=\"https:\/\/www.europesays.com\/fi\/wp-content\/uploads\/2026\/08\/1787825231_90_hqdefault.jpg\"\/><\/p>\n","protected":false},"excerpt":{"rendered":"HBO:n historiallisen loistelias draamasarja The Gilded Age jatkuu j\u00e4lleen t\u00e4n\u00e4 syksyn\u00e4. Nyt tulevasta nelj\u00e4nnest\u00e4 tuotantokaudesta on julkaistu ensimm\u00e4inen&hellip;\n","protected":false},"author":2,"featured_media":334821,"comment_status":"","ping_status":"","sticky":false,"template":"","format":"standard","meta":{"footnotes":"","_share_on_mastodon":"0"},"categories":[136],"tags":[407,137,33,31,30,6730,280,408,9508,32,570,41581,571,109],"class_list":["post-334820","post","type-post","status-publish","format-standard","has-post-thumbnail","category-julkkikset","tag-celebrities","tag-entertainment","tag-fi","tag-finland","tag-finnish","tag-hbo","tag-hbo-max","tag-julkkikset","tag-pukudraama","tag-suomi","tag-suoratoisto","tag-the-gilded-age","tag-tv-sarjat","tag-viihde"],"share_on_mastodon":{"url":"https:\/\/pubeurope.com\/@fi\/117166922465627876","error":""},"_links":{"self":[{"href":"https:\/\/www.europesays.com\/fi\/wp-json\/wp\/v2\/posts\/334820","targetHints":{"allow":["GET"]}}],"collection":[{"href":"https:\/\/www.europesays.com\/fi\/wp-json\/wp\/v2\/posts"}],"about":[{"href":"https:\/\/www.europesays.com\/fi\/wp-json\/wp\/v2\/types\/post"}],"author":[{"embeddable":true,"href":"https:\/\/www.europesays.com\/fi\/wp-json\/wp\/v2\/users\/2"}],"replies":[{"embeddable":true,"href":"https:\/\/www.europesays.com\/fi\/wp-json\/wp\/v2\/comments?post=334820"}],"version-history":[{"count":0,"href":"https:\/\/www.europesays.com\/fi\/wp-json\/wp\/v2\/posts\/334820\/revisions"}],"wp:featuredmedia":[{"embeddable":true,"href":"https:\/\/www.europesays.com\/fi\/wp-json\/wp\/v2\/media\/334821"}],"wp:attachment":[{"href":"https:\/\/www.europesays.com\/fi\/wp-json\/wp\/v2\/media?parent=334820"}],"wp:term":[{"taxonomy":"category","embeddable":true,"href":"https:\/\/www.europesays.com\/fi\/wp-json\/wp\/v2\/categories?post=334820"},{"taxonomy":"post_tag","embeddable":true,"href":"https:\/\/www.europesays.com\/fi\/wp-json\/wp\/v2\/tags?post=334820"}],"curies":[{"name":"wp","href":"https:\/\/api.w.org\/{rel}","templated":true}]}}