{"id":334892,"date":"2026-08-27T12:05:12","date_gmt":"2026-08-27T12:05:12","guid":{"rendered":"https:\/\/www.europesays.com\/fi\/334892\/"},"modified":"2026-08-27T12:05:12","modified_gmt":"2026-08-27T12:05:12","slug":"yli-20-loukkaantunut-koysirataonnettomuudessa-ranskan-alpeilla-uutisia-lyhyesti","status":"publish","type":"post","link":"https:\/\/www.europesays.com\/fi\/334892\/","title":{"rendered":"Yli 20 loukkaantunut k\u00f6ysirata\u00adonnettomuudessa Ranskan Alpeilla | Uutisia lyhyesti"},"content":{"rendered":"<p><img decoding=\"async\" alt=\"Karttaan merkitty punaisella laatikolla onnettomuus paikka Ranskan Huezissa.\" src=\"https:\/\/www.europesays.com\/fi\/wp-content\/uploads\/2026\/08\/1787815383.jpeg\" class=\"aw__sc-dklauk-0 LPzKX\"\/><\/p>\n<p>Avaa kuvien katselu<\/p>\n<p>Onnettomuuspaikka Ranskan Alpeilla Kuva: Miia Anttila \/ Yle, Mapcreator, Openstreetmap<\/p>\n<p>10:13\u2022P\u00e4ivitetty 10:25<\/p>\n<p class=\"aw__sc-1qwuw0s-0 aw__sc-ngllmo-0 epAWpq fzYpjk yle__article__paragraph\">Yli 20 ihmist\u00e4 on loukkaantunut, kun k\u00f6ysiratavaunu t\u00f6rm\u00e4si radan rakenteisiin Ranskan Alpeilla d&#8217;Huezin hiihtokeskuksessa.<\/p>\n<p class=\"aw__sc-1qwuw0s-0 aw__sc-ngllmo-0 epAWpq fzYpjk yle__article__paragraph\">Onnettomuus tapahtui 2\u00ad300 metrin korkeudessa. Vaunussa oli noin 50 ihmist\u00e4. Loukkaantuneista 13 on vakavasti loukkaantunut ja kolme kriittisess\u00e4 tilassa.<\/p>\n<p class=\"aw__sc-1qwuw0s-0 aw__sc-ngllmo-0 epAWpq fzYpjk yle__article__paragraph\">\u2013 Kyseess\u00e4 on p\u00e4\u00e4asiassa aivot\u00e4r\u00e4hdystapauksia ja \u0161okkitilassa olevia ihmisi\u00e4, sanoo alueen pormestari.<\/p>\n<p class=\"aw__sc-1qwuw0s-0 aw__sc-ngllmo-0 epAWpq fzYpjk yle__article__paragraph\">Pormestarin mukaan k\u00f6ysiratavaunut on suunniteltu vakauttamaan itsens\u00e4, jos ne jarruttavat \u00e4killisesti. T\u00f6rm\u00e4yksess\u00e4 vaunu kallistui ja sis\u00e4ll\u00e4 olleet ihmiset liukuivat.<\/p>\n<p class=\"aw__sc-1qwuw0s-0 aw__sc-ngllmo-0 epAWpq fzYpjk yle__article__paragraph\">\u2013 Matkustajat luulivat kuolevansa, mutta kuljettaja pelasti tilanteen peruuttamalla ja vakauttamalla vaunun, pormestari sanoo.<\/p>\n<p class=\"aw__sc-1qwuw0s-0 aw__sc-ngllmo-0 epAWpq fzYpjk yle__article__paragraph\">L\u00e4hde: AFP<\/p>\n","protected":false},"excerpt":{"rendered":"Avaa kuvien katselu Onnettomuuspaikka Ranskan Alpeilla Kuva: Miia Anttila \/ Yle, Mapcreator, Openstreetmap 10:13\u2022P\u00e4ivitetty 10:25 Yli 20 ihmist\u00e4&hellip;\n","protected":false},"author":2,"featured_media":334893,"comment_status":"","ping_status":"","sticky":false,"template":"","format":"standard","meta":{"footnotes":"","_share_on_mastodon":"0"},"categories":[14],"tags":[2888,22,23,26,27,33,31,30,17,24,25,28,29,15,837,18,21,1422,32,19,20,56,16,59,60,61],"class_list":["post-334892","post","type-post","status-publish","format-standard","has-post-thumbnail","category-ulkomaat","tag-alpit","tag-breaking-news","tag-breakingnews","tag-featured-news","tag-featurednews","tag-fi","tag-finland","tag-finnish","tag-headlines","tag-latest-news","tag-latestnews","tag-main-news","tag-mainnews","tag-news","tag-onnettomuudet","tag-otsikot","tag-paauutiset","tag-ranska","tag-suomi","tag-top-stories","tag-topstories","tag-ulkomaat","tag-uutiset","tag-world","tag-world-news","tag-worldnews"],"share_on_mastodon":{"url":"https:\/\/pubeurope.com\/@fi\/117167386241357976","error":""},"_links":{"self":[{"href":"https:\/\/www.europesays.com\/fi\/wp-json\/wp\/v2\/posts\/334892","targetHints":{"allow":["GET"]}}],"collection":[{"href":"https:\/\/www.europesays.com\/fi\/wp-json\/wp\/v2\/posts"}],"about":[{"href":"https:\/\/www.europesays.com\/fi\/wp-json\/wp\/v2\/types\/post"}],"author":[{"embeddable":true,"href":"https:\/\/www.europesays.com\/fi\/wp-json\/wp\/v2\/users\/2"}],"replies":[{"embeddable":true,"href":"https:\/\/www.europesays.com\/fi\/wp-json\/wp\/v2\/comments?post=334892"}],"version-history":[{"count":0,"href":"https:\/\/www.europesays.com\/fi\/wp-json\/wp\/v2\/posts\/334892\/revisions"}],"wp:featuredmedia":[{"embeddable":true,"href":"https:\/\/www.europesays.com\/fi\/wp-json\/wp\/v2\/media\/334893"}],"wp:attachment":[{"href":"https:\/\/www.europesays.com\/fi\/wp-json\/wp\/v2\/media?parent=334892"}],"wp:term":[{"taxonomy":"category","embeddable":true,"href":"https:\/\/www.europesays.com\/fi\/wp-json\/wp\/v2\/categories?post=334892"},{"taxonomy":"post_tag","embeddable":true,"href":"https:\/\/www.europesays.com\/fi\/wp-json\/wp\/v2\/tags?post=334892"}],"curies":[{"name":"wp","href":"https:\/\/api.w.org\/{rel}","templated":true}]}}