{"id":334898,"date":"2026-08-27T12:08:12","date_gmt":"2026-08-27T12:08:12","guid":{"rendered":"https:\/\/www.europesays.com\/fi\/334898\/"},"modified":"2026-08-27T12:08:12","modified_gmt":"2026-08-27T12:08:12","slug":"karhujahti-on-tuottanut-tulosta-keski-suomessa-jo-neljalla-paikkakunnalla-keski-suomi","status":"publish","type":"post","link":"https:\/\/www.europesays.com\/fi\/334898\/","title":{"rendered":"Karhujahti on tuottanut tulosta Keski-Suomessa jo nelj\u00e4ll\u00e4 paikkakunnalla | Keski-Suomi"},"content":{"rendered":"<p class=\"aw__sc-1qwuw0s-0 aw__sc-1vg2sqm-0 epAWpq ecELkD yle__article__paragraph\">Karhua on edellisen kerran mets\u00e4stetty poron\u00adhoitoalueen ulkopuolella kolme vuotta sitten.<\/p>\n<p><img decoding=\"async\" alt=\"Kyljell\u00e4\u00e4n auton lavalla makaavan kuolleen karhun tassu kynsineen.\" src=\"https:\/\/www.europesays.com\/fi\/wp-content\/uploads\/2026\/08\/1787832492_184_1787214527.jpeg\" class=\"aw__sc-dklauk-0 LPzKX\"\/><\/p>\n<p>Avaa kuvien katselu<\/p>\n<p>Keski-Suomessa saa kannonhoidollisella poikkeusluvalla kaataa yhdeks\u00e4n karhua. Kuvituskuva. Kuva: Heikki Haapalainen \/ Yle<\/p>\n<p class=\"aw__sc-1qwuw0s-0 aw__sc-ngllmo-0 epAWpq fzYpjk yle__article__paragraph\">Viikko sitten vuosien tauon j\u00e4lkeen alkaneessa karhunmets\u00e4styksess\u00e4 on kaadettu Keski-Suomessa nelj\u00e4 karhua. <a class=\"aw__sc-ngllmo-1 bTDnwX yle__article__link\" href=\"https:\/\/riista.fi\/tietoa-metsastyksesta\/kiintiometsastys\/karhun-kiintiotilanne-ja-saalisseuranta\/\" role=\"link\" rel=\"nofollow noopener\" target=\"_blank\">Tieto ilmenee Suomen Riistakeskuksen seurannasta<\/a>.<\/p>\n<p class=\"aw__sc-1qwuw0s-0 aw__sc-ngllmo-0 epAWpq fzYpjk yle__article__paragraph\">Ensimm\u00e4inen kaato tehtiin vime viikon perjantaina Pihtiputaalla.<\/p>\n<p class=\"aw__sc-1qwuw0s-0 aw__sc-ngllmo-0 epAWpq fzYpjk yle__article__paragraph\">Viime viikonloppuna jahti tuotti tulosta Kannonkoskella ja Saarij\u00e4rvell\u00e4.<\/p>\n<p class=\"aw__sc-1qwuw0s-0 aw__sc-ngllmo-0 epAWpq fzYpjk yle__article__paragraph\">Pihtiputaalla, Kannonkoskella ja Saarij\u00e4rvell\u00e4 kaadetut karhut olivat uroksia.<\/p>\n<p class=\"aw__sc-1qwuw0s-0 aw__sc-ngllmo-0 epAWpq fzYpjk yle__article__paragraph\">Keskiviikkona kaadettiin puolestaan naaraskarhu Kinnulassa.<\/p>\n<p class=\"aw__sc-1qwuw0s-0 aw__sc-ngllmo-0 epAWpq fzYpjk yle__article__paragraph\"><a class=\"aw__sc-ngllmo-1 bTDnwX yle__article__link\" href=\"https:\/\/yle.fi\/a\/74-20240802\" role=\"link\" rel=\"nofollow noopener\" target=\"_blank\">Kannanhoidollisia poikkeuslupia <\/a>karhunmets\u00e4stykseen my\u00f6nnettiin Keski-Suomeen kaikkiaan yhdeks\u00e4n.<\/p>\n<p class=\"aw__sc-1qwuw0s-0 aw__sc-ngllmo-0 epAWpq fzYpjk yle__article__paragraph\">Kaatoluvat perustuvat karhujen aiheuttamiin vahinkoihin ja uhkaan ihmisten turvallisuudelle.<\/p>\n<p class=\"aw__sc-1qwuw0s-0 aw__sc-ngllmo-0 epAWpq fzYpjk yle__article__paragraph\">Keski-Suomessa pihapiiriss\u00e4 tehtyjen <a class=\"aw__sc-ngllmo-1 bTDnwX yle__article__link\" href=\"https:\/\/yle.fi\/a\/74-20170886\" role=\"link\" rel=\"nofollow noopener\" target=\"_blank\">karhuhavaintojen m\u00e4\u00e4r\u00e4 on kasvanut merkitt\u00e4v\u00e4sti viime vuosina<\/a>. Karkarhuhavaintoja on tehty runsaasti esimerkiksi Kannokoskella.<\/p>\n<p class=\"aw__sc-1qwuw0s-0 aw__sc-ngllmo-0 epAWpq fzYpjk yle__article__paragraph\">T\u00e4n\u00e4 kev\u00e4\u00e4n\u00e4 tehtiin useita karhuhavaintoja asutuksen l\u00e4hell\u00e4 my\u00f6s <a class=\"aw__sc-ngllmo-1 bTDnwX yle__article__link\" href=\"https:\/\/yle.fi\/a\/74-20226553\" role=\"link\" rel=\"nofollow noopener\" target=\"_blank\">Jyv\u00e4skyl\u00e4ss\u00e4 ja Muuramessa<\/a>.<\/p>\n<p class=\"aw__sc-1qwuw0s-0 aw__sc-ngllmo-0 epAWpq fzYpjk yle__article__paragraph\">Karhuja ei ole mets\u00e4stetty Suomessa poronhoitoalueen ulkopuolella vuoden 2023 j\u00e4lkeen, koska poikkeusluvista on valitettu joka vuosi ja oikeus on m\u00e4\u00e4r\u00e4nnyt luvat t\u00e4yt\u00e4nt\u00f6\u00f6npanokieltoon.<\/p>\n","protected":false},"excerpt":{"rendered":"Karhua on edellisen kerran mets\u00e4stetty poron\u00adhoitoalueen ulkopuolella kolme vuotta sitten. Avaa kuvien katselu Keski-Suomessa saa kannonhoidollisella poikkeusluvalla kaataa&hellip;\n","protected":false},"author":2,"featured_media":334899,"comment_status":"","ping_status":"","sticky":false,"template":"","format":"standard","meta":{"footnotes":"","_share_on_mastodon":"0"},"categories":[117],"tags":[404,33,31,30,588,4104,474,11712,72,479,476,6045,10894,118,32,119,477],"class_list":["post-334898","post","type-post","status-publish","format-standard","has-post-thumbnail","category-luonto","tag-elaimet","tag-fi","tag-finland","tag-finnish","tag-kannonkoski","tag-karhut","tag-keski-suomi","tag-kinnula","tag-luonto","tag-metsastys","tag-nature","tag-pihtipudas","tag-saarijarvi","tag-science","tag-suomi","tag-tiede","tag-wildlife"],"share_on_mastodon":{"url":"https:\/\/pubeurope.com\/@fi\/117167397992780107","error":""},"_links":{"self":[{"href":"https:\/\/www.europesays.com\/fi\/wp-json\/wp\/v2\/posts\/334898","targetHints":{"allow":["GET"]}}],"collection":[{"href":"https:\/\/www.europesays.com\/fi\/wp-json\/wp\/v2\/posts"}],"about":[{"href":"https:\/\/www.europesays.com\/fi\/wp-json\/wp\/v2\/types\/post"}],"author":[{"embeddable":true,"href":"https:\/\/www.europesays.com\/fi\/wp-json\/wp\/v2\/users\/2"}],"replies":[{"embeddable":true,"href":"https:\/\/www.europesays.com\/fi\/wp-json\/wp\/v2\/comments?post=334898"}],"version-history":[{"count":0,"href":"https:\/\/www.europesays.com\/fi\/wp-json\/wp\/v2\/posts\/334898\/revisions"}],"wp:featuredmedia":[{"embeddable":true,"href":"https:\/\/www.europesays.com\/fi\/wp-json\/wp\/v2\/media\/334899"}],"wp:attachment":[{"href":"https:\/\/www.europesays.com\/fi\/wp-json\/wp\/v2\/media?parent=334898"}],"wp:term":[{"taxonomy":"category","embeddable":true,"href":"https:\/\/www.europesays.com\/fi\/wp-json\/wp\/v2\/categories?post=334898"},{"taxonomy":"post_tag","embeddable":true,"href":"https:\/\/www.europesays.com\/fi\/wp-json\/wp\/v2\/tags?post=334898"}],"curies":[{"name":"wp","href":"https:\/\/api.w.org\/{rel}","templated":true}]}}