{"id":334958,"date":"2026-08-27T13:51:13","date_gmt":"2026-08-27T13:51:13","guid":{"rendered":"https:\/\/www.europesays.com\/fi\/334958\/"},"modified":"2026-08-27T13:51:13","modified_gmt":"2026-08-27T13:51:13","slug":"norjan-kuninkaan-tila-vakava-tallainen-on-suunnitelma-kuoleman-varalle","status":"publish","type":"post","link":"https:\/\/www.europesays.com\/fi\/334958\/","title":{"rendered":"Norjan kuninkaan tila vakava \u2013 T\u00e4llainen on suunnitelma kuoleman varalle"},"content":{"rendered":"<p>Kruununprinssi Haakon on Norjan kruununperimysj\u00e4rjestyksess\u00e4 ensimm\u00e4isen\u00e4.<\/p>\n<p><img decoding=\"async\" class=\"image image-show image-preview\" src=\"https:\/\/www.europesays.com\/fi\/wp-content\/uploads\/2026\/08\/be3c892ceb3b57e278e0d17f1edf1af03eb578093895c1ee7a714e8db6a10e14.jpg\" alt=\"\"\/><img decoding=\"async\" class=\"image image-show\" src=\"https:\/\/www.europesays.com\/fi\/wp-content\/uploads\/2026\/08\/1787838673_691_be3c892ceb3b57e278e0d17f1edf1af03eb578093895c1ee7a714e8db6a10e14.jpg\" alt=\"\"\/><\/p>\n<p>Haakonista ja Mette-Maritista tulee Norjan seuraava hallitsijapari. AOP<\/p>\n<p class=\"paragraph\">Norjan kuningas <a href=\"https:\/\/www.iltalehti.fi\/henkilot\/Harald V\" class=\"article-link-person-page\" rel=\"nofollow noopener\" target=\"_blank\">Harald V<\/a> on sairaalassa yhdett\u00e4toista p\u00e4iv\u00e4\u00e4. H\u00e4nen terveydentilan kerrotaan olevan eritt\u00e4in vakava. Haukelandin yliopistollisen sairaalan hematologian ylil\u00e4\u00e4k\u00e4ri <strong>Bj\u00f8rn Tore Gjertsen<\/strong> on kommentoinut, ett\u00e4 pahintaan on syyt\u00e4 varautua.<\/p>\n<p class=\"paragraph\">Kuninkaallisantuntija <strong>Ole-J\u00f8rgen Schulsrud-Hansen<\/strong> puolestaan kiinnitti huomiota, ett\u00e4 hovi k\u00e4ytt\u00e4\u00e4 hyvin suorasanaisia ilmaisuja, mik\u00e4 kielii siit\u00e4, ett\u00e4 hoito ei ole tehonnut toivotulla tavalla.<\/p>\n<p class=\"paragraph\">T\u00e4h\u00e4n juttuun olemme koonneet asioita, joita Norjassa tapahtuisi monarkin kuoleman my\u00f6t\u00e4.<\/p>\n<p class=\"paragraph\">Haraldin kuoleman hetkell\u00e4 Norjan uudeksi hallitsijaksi nousee h\u00e4nen esikoispoikansa <a href=\"https:\/\/www.iltalehti.fi\/henkilot\/Haakon Magnus\" class=\"article-link-person-page\" rel=\"nofollow noopener\" target=\"_blank\">Haakon<\/a>. Valta siirtyy v\u00e4litt\u00f6m\u00e4sti edellisen monarkin kuoltua.<\/p>\n<p class=\"paragraph\">Haakonin puolisosta <a href=\"https:\/\/www.iltalehti.fi\/henkilot\/Mette-Marit\" class=\"article-link-person-page\" rel=\"nofollow noopener\" target=\"_blank\">Mette-Maritista<\/a> tulee kuningatar ja parin esikoislapsesta <a href=\"https:\/\/www.iltalehti.fi\/henkilot\/Ingrid Alexandra\" class=\"article-link-person-page\" rel=\"nofollow noopener\" target=\"_blank\">Ingrid Alexandrasta<\/a> kruununprinsessa.<\/p>\n<p class=\"paragraph\">My\u00f6s Haraldin puoliso <a href=\"https:\/\/www.iltalehti.fi\/henkilot\/Sonja\" class=\"article-link-person-page\" rel=\"nofollow noopener\" target=\"_blank\">Sonja<\/a> olisi yh\u00e4 kuningatar. Jos Harald kuolee ennen Sonjaa, olisi Norjassa siis samanaikaisesti kaksi elossa olevaa kuningatarta.<\/p>\n<p class=\"paragraph\">Pian vallanvaihdon j\u00e4lkeen uudeksi kuninkaaksi noussut Haakon kutsuu maan parlamentin eli suurk\u00e4r\u00e4j\u00e4t koolle. Haakon vannoo valan suurk\u00e4r\u00e4jill\u00e4 j\u00e4rjestett\u00e4v\u00e4ss\u00e4 seremoniassa.<\/p>\n<p class=\"paragraph\">Tilaisuudessa Haakon vannoo hallitsevansa Norjaa perustuslain mukaisesti. Lis\u00e4ksi h\u00e4n ilmoittaa hallitsijan mottonsa, <a href=\"https:\/\/www.svenskdam.se\/kungligt\/det-har-hander-nar-kung-harald-lamnar-over-tronen-till-haakon-fragetecknet-kring-mette-marit\/7938289\" target=\"_blank\" rel=\"noopener nofollow\">Svensk Damtidning<\/a> kirjoitti vuonna 2021.<\/p>\n<p class=\"paragraph\">Uudelle kuninkaalle ei j\u00e4rjestet\u00e4 kruunajaisia. Uusi hallitsija saa kuitenkin kirkollisen siunauksen.<\/p>\n<p class=\"paragraph\">Kuolemaa seuraavien p\u00e4ivien aikana kansalaiset voivat muistaa edesmennytt\u00e4 kuningasta kukin, kynttil\u00f6in ja suruviestein.<\/p>\n<p>Kuningas Harald haudataan vanhempiensa ja isovanhempiensa luo. ZumaWire \/ MVPHOTOS<\/p>\n<p class=\"paragraph\">Haraldin hautajaiset j\u00e4rjestett\u00e4isiin todenn\u00e4k\u00f6isesti Oslon tuomiokirkossa. Haraldin viimeinen leposija on Akerhusin linnan kuninkaallisessa mausoleumissa, johon Haraldin vanhemmat ja isovanhemmat on haudattu. My\u00f6s kuningatar Sonja haudataan aikanaan samaan paikkaan.<\/p>\n<p class=\"paragraph\">Haraldin hautajaisia on valmisteltu jo pitk\u00e4\u00e4n. <a href=\"https:\/\/www.iltalehti.fi\/kuninkaalliset\/6c6fdb41-f0df-4ee2-a0a2-45fa06fb1431\" rel=\"nofollow noopener\" target=\"_blank\">Norjan hallitus my\u00f6nsi vuonna 2024<\/a> valtionbudjetistaan 20 miljoonaa kruunua eli noin 1,7 miljoonaa euroa hautajaisj\u00e4rjestelyj\u00e4 varten. Harald haudataan kivest\u00e4 valmistettuun sarkofagiin, jonka suunnittelussa h\u00e4n on ollut mukana.<\/p>\n","protected":false},"excerpt":{"rendered":"Kruununprinssi Haakon on Norjan kruununperimysj\u00e4rjestyksess\u00e4 ensimm\u00e4isen\u00e4. Haakonista ja Mette-Maritista tulee Norjan seuraava hallitsijapari. AOP Norjan kuningas Harald V&hellip;\n","protected":false},"author":2,"featured_media":334959,"comment_status":"","ping_status":"","sticky":false,"template":"","format":"standard","meta":{"footnotes":"","_share_on_mastodon":"0"},"categories":[5],"tags":[35,22,23,26,27,33,31,30,17,653,652,99,24,25,28,29,15,18,21,98,2461,32,19,20,16],"class_list":["post-334958","post","type-post","status-publish","format-standard","has-post-thumbnail","category-otsikot","tag-24h","tag-breaking-news","tag-breakingnews","tag-featured-news","tag-featurednews","tag-fi","tag-finland","tag-finnish","tag-headlines","tag-julkkisperheet","tag-kuninkaalliset","tag-lapset","tag-latest-news","tag-latestnews","tag-main-news","tag-mainnews","tag-news","tag-otsikot","tag-paauutiset","tag-perhe","tag-sairaalat-ja-terveyskeskukset","tag-suomi","tag-top-stories","tag-topstories","tag-uutiset"],"share_on_mastodon":{"url":"https:\/\/pubeurope.com\/@fi\/117167802927257368","error":""},"_links":{"self":[{"href":"https:\/\/www.europesays.com\/fi\/wp-json\/wp\/v2\/posts\/334958","targetHints":{"allow":["GET"]}}],"collection":[{"href":"https:\/\/www.europesays.com\/fi\/wp-json\/wp\/v2\/posts"}],"about":[{"href":"https:\/\/www.europesays.com\/fi\/wp-json\/wp\/v2\/types\/post"}],"author":[{"embeddable":true,"href":"https:\/\/www.europesays.com\/fi\/wp-json\/wp\/v2\/users\/2"}],"replies":[{"embeddable":true,"href":"https:\/\/www.europesays.com\/fi\/wp-json\/wp\/v2\/comments?post=334958"}],"version-history":[{"count":0,"href":"https:\/\/www.europesays.com\/fi\/wp-json\/wp\/v2\/posts\/334958\/revisions"}],"wp:featuredmedia":[{"embeddable":true,"href":"https:\/\/www.europesays.com\/fi\/wp-json\/wp\/v2\/media\/334959"}],"wp:attachment":[{"href":"https:\/\/www.europesays.com\/fi\/wp-json\/wp\/v2\/media?parent=334958"}],"wp:term":[{"taxonomy":"category","embeddable":true,"href":"https:\/\/www.europesays.com\/fi\/wp-json\/wp\/v2\/categories?post=334958"},{"taxonomy":"post_tag","embeddable":true,"href":"https:\/\/www.europesays.com\/fi\/wp-json\/wp\/v2\/tags?post=334958"}],"curies":[{"name":"wp","href":"https:\/\/api.w.org\/{rel}","templated":true}]}}