{"id":334980,"date":"2026-08-27T14:29:12","date_gmt":"2026-08-27T14:29:12","guid":{"rendered":"https:\/\/www.europesays.com\/fi\/334980\/"},"modified":"2026-08-27T14:29:12","modified_gmt":"2026-08-27T14:29:12","slug":"paivan-diili-iphone-16e-halvemmalla-kuin-koskaan","status":"publish","type":"post","link":"https:\/\/www.europesays.com\/fi\/334980\/","title":{"rendered":"P\u00e4iv\u00e4n diili: iPhone 16e halvemmalla kuin koskaan"},"content":{"rendered":"<p>\t\t\t\t<strong>Applen<\/strong> puhelimissa ei valtavan usein kovin isoja alennuksia n\u00e4hd\u00e4. Mutta aina toisinaan niit\u00e4kin osuu kohdalle.<\/p>\n<p>T\u00e4ll\u00e4 kertaa tarjoustutkaamme osui vuoden 2025 helmikuussa julkaistu <a href=\"https:\/\/www.puhelinvertailu.com\/puhelin\/apple-iphone-16e\" rel=\"nofollow noopener\" target=\"_blank\"><strong>iPhone 16e<\/strong><\/a>.<\/p>\n<p>Puhelinhan on siis iPhone 16 -sarjan edullisin malli, eli se on tavallaan ensimm\u00e4inen uudella nime\u00e4mislogiikalla julkaistu seuraaja aiemmalle iPhone SE -mallistolle.<\/p>\n<p><a href=\"https:\/\/www.puhelinvertailu.com\/uutiset\/2025\/02\/19\/apple-iphone-16e-julki-hinta\" rel=\"nofollow noopener\" target=\"_blank\">Moitimme<\/a> puhelimen hinnoittelua heti sen julkaisun j\u00e4lkeen, sill\u00e4 tuolloin, helmikuussa 2025, iPhone 16e maksoi 749 euroa.<\/p>\n<p>Sittemmin hinta on tullut vaihe vaiheelta alasp\u00e4in, mutta nyt se irtoaisi jo todella edullisesti: <a href=\"https:\/\/hintaopas.fi\/go-to-shop\/22984\/offer\/900973?client_id=1551&amp;pjt=1787769159&amp;pjh=25261cc096&amp;ref=61545\" rel=\"nofollow sponsored noopener\" target=\"_blank\">429 eurolla<\/a>. T\u00e4t\u00e4 halvemmalla puhelinta ei ole Suomessa kertaakaan aiemmin myyty.<\/p>\n<p>Tarjous l\u00f6ytyy t\u00e4\u00e4lt\u00e4:<\/p>\n<p><a href=\"https:\/\/hintaopas.fi\/go-to-shop\/22984\/offer\/900973?client_id=1551&amp;pjt=1787769159&amp;pjh=25261cc096&amp;ref=61545\" rel=\"nofollow sponsored noopener\" target=\"_blank\"><strong>Apple iPhone 16e (128 GB), 429 euroa<\/strong><\/a><br \/>(<a href=\"https:\/\/hintaopas.fi\/product.php?p=14468246&amp;ref=61545\" rel=\"nofollow sponsored noopener\" target=\"_blank\">hinnat muissa kaupoissa<\/a>)<\/p>\n<p>Puhelimelle on odotettavissa p\u00e4ivitystukea viel\u00e4 useiden vuosien ajan, sill\u00e4 Apple tukee puhelinmallejaan yleens\u00e4 todella pitk\u00e4\u00e4n. <\/p>\n<p>T\u00e4m\u00e4 artikkeli sis\u00e4lt\u00e4\u00e4 yhteisty\u00f6kumppaneiden linkkej\u00e4. Tuotteen hinta ei muutu, mutta saamme mahdollisesti siit\u00e4 pienen komission.<\/p>\n","protected":false},"excerpt":{"rendered":"Applen puhelimissa ei valtavan usein kovin isoja alennuksia n\u00e4hd\u00e4. Mutta aina toisinaan niit\u00e4kin osuu kohdalle. T\u00e4ll\u00e4 kertaa tarjoustutkaamme&hellip;\n","protected":false},"author":2,"featured_media":334981,"comment_status":"","ping_status":"","sticky":false,"template":"","format":"standard","meta":{"footnotes":"","_share_on_mastodon":"0"},"categories":[85],"tags":[33,31,30,419,418,32,91,92],"class_list":["post-334980","post","type-post","status-publish","format-standard","has-post-thumbnail","category-mobiili","tag-fi","tag-finland","tag-finnish","tag-mobiili","tag-mobile","tag-suomi","tag-technology","tag-teknologia"],"share_on_mastodon":{"url":"https:\/\/pubeurope.com\/@fi\/117167952223579783","error":""},"_links":{"self":[{"href":"https:\/\/www.europesays.com\/fi\/wp-json\/wp\/v2\/posts\/334980","targetHints":{"allow":["GET"]}}],"collection":[{"href":"https:\/\/www.europesays.com\/fi\/wp-json\/wp\/v2\/posts"}],"about":[{"href":"https:\/\/www.europesays.com\/fi\/wp-json\/wp\/v2\/types\/post"}],"author":[{"embeddable":true,"href":"https:\/\/www.europesays.com\/fi\/wp-json\/wp\/v2\/users\/2"}],"replies":[{"embeddable":true,"href":"https:\/\/www.europesays.com\/fi\/wp-json\/wp\/v2\/comments?post=334980"}],"version-history":[{"count":0,"href":"https:\/\/www.europesays.com\/fi\/wp-json\/wp\/v2\/posts\/334980\/revisions"}],"wp:featuredmedia":[{"embeddable":true,"href":"https:\/\/www.europesays.com\/fi\/wp-json\/wp\/v2\/media\/334981"}],"wp:attachment":[{"href":"https:\/\/www.europesays.com\/fi\/wp-json\/wp\/v2\/media?parent=334980"}],"wp:term":[{"taxonomy":"category","embeddable":true,"href":"https:\/\/www.europesays.com\/fi\/wp-json\/wp\/v2\/categories?post=334980"},{"taxonomy":"post_tag","embeddable":true,"href":"https:\/\/www.europesays.com\/fi\/wp-json\/wp\/v2\/tags?post=334980"}],"curies":[{"name":"wp","href":"https:\/\/api.w.org\/{rel}","templated":true}]}}