{"id":335006,"date":"2026-08-27T15:04:08","date_gmt":"2026-08-27T15:04:08","guid":{"rendered":"https:\/\/www.europesays.com\/fi\/335006\/"},"modified":"2026-08-27T15:04:08","modified_gmt":"2026-08-27T15:04:08","slug":"tama-huippusuosittu-autosarja-palaa-ruutuihin-4-vuoden-tauon-jalkeen-bbc-neuvottelee-jo-tunnetun-koomikon-kanssa","status":"publish","type":"post","link":"https:\/\/www.europesays.com\/fi\/335006\/","title":{"rendered":"T\u00e4m\u00e4 huippusuosittu autosarja palaa ruutuihin 4 vuoden tauon j\u00e4lkeen \u2013 BBC neuvottelee jo tunnetun koomikon kanssa"},"content":{"rendered":"<p class=\"wp-block-paragraph\">BBC tuo huippusuosittu Top Gear tekee paluun ruutuihin nelj\u00e4n vuoden tauon j\u00e4lkeen.<\/p>\n<p class=\"wp-block-paragraph\">BBC:n viihdejohtaja <strong>Ed Havard <\/strong>vahvisti Edinburgh TV Festivalilla, ett\u00e4 uuden kauden valmistelu on k\u00e4ynniss\u00e4.<\/p>\n<p class=\"wp-block-paragraph\">\u201dTop Gear on tulossa takaisin\u201d, Havard sanoi.<\/p>\n<p class=\"wp-block-paragraph\">H\u00e4n ei kommentoinut tietoja, joiden mukaan koomikko <strong>Jimmy Carria<\/strong> kaavaillaan uudeksi juontajaksi. Deadlinen tietojen mukaan Carrin kanssa k\u00e4yd\u00e4\u00e4n kuitenkin neuvotteluja. BBC harkitsee juontajaksi my\u00f6s entist\u00e4 rugbypelaajaa <strong>Joe Marleria<\/strong>. Sopimuksia ei ole toistaiseksi tehty.<\/p>\n<p>Lue my\u00f6s: <a href=\"https:\/\/www.episodi.fi\/uutiset\/ex-top-gear-jermu-jeremy-clarkson-paljasti-sairastavansa-syopaa\/\" title=\"Ex-Top Gear -jermu Jeremy Clarkson paljasti sairastavansa sy\u00f6p\u00e4\u00e4\" class=\"underline-custom !font-heading !font-bold !underline-offset-4 !decoration-4 !decoration-accent !text-md\" rel=\"nofollow noopener\" target=\"_blank\">Ex-Top Gear -jermu Jeremy Clarkson paljasti sairastavansa sy\u00f6p\u00e4\u00e4<\/a><\/p>\n<p>Lue my\u00f6s: <a href=\"https:\/\/www.episodi.fi\/uutiset\/jeremy-clarkson-syopa-on-remissiossa\/\" title=\"Jeremy Clarkson: \u201dsy\u00f6p\u00e4 on remissiossa\u201d\" class=\"underline-custom !font-heading !font-bold !underline-offset-4 !decoration-4 !decoration-accent !text-md\" rel=\"nofollow noopener\" target=\"_blank\">Jeremy Clarkson: \u201dsy\u00f6p\u00e4 on remissiossa\u201d<\/a><\/p>\n<p class=\"wp-block-paragraph\">Autoalan makasiiniohjelma Top Gear alkoi jo vuonna 1977, mutta suosio r\u00e4j\u00e4hti 2000-luvun alussa, jolloin BBC uudisti formaatin. Ohjelma henkil\u00f6ityi erityisesti juontaja <strong>Jeremy Clarksoniin<\/strong>. Vuonna 2015 Clarkson joutui fyysiseen v\u00e4likohtaukseen tuottaja <strong>Oisin Tymonin<\/strong> kanssa ja h\u00e4nen sopimustaan ei en\u00e4\u00e4 uusittu.<\/p>\n<p class=\"wp-block-paragraph\">Tuon j\u00e4lkeen BBC teki 11 tuotantokautta ilman Clarksonia, vaihtuvilla juontajilla.<\/p>\n<p class=\"wp-block-paragraph\">Sarja j\u00e4i tauolle vuonna 2022, kun silloinen juontaja <strong>Andrew Flintoff <\/strong>loukkaantui vakavasti kuvauksissa sattuneessa onnettomuudessa.<\/p>\n<p class=\"wp-block-paragraph\">L\u00e4hde: <a href=\"https:\/\/deadline.com\/2026\/08\/bbc-confirms-top-gear-reboot-1237058846\/\" data-type=\"link\" data-id=\"https:\/\/deadline.com\/2026\/08\/bbc-confirms-top-gear-reboot-1237058846\/\" rel=\"nofollow noopener\" target=\"_blank\">Deadline<\/a><\/p>\n","protected":false},"excerpt":{"rendered":"BBC tuo huippusuosittu Top Gear tekee paluun ruutuihin nelj\u00e4n vuoden tauon j\u00e4lkeen. BBC:n viihdejohtaja Ed Havard vahvisti Edinburgh&hellip;\n","protected":false},"author":2,"featured_media":335007,"comment_status":"","ping_status":"","sticky":false,"template":"","format":"standard","meta":{"footnotes":"","_share_on_mastodon":"0"},"categories":[130],"tags":[137,33,31,30,32,41599,109],"class_list":["post-335006","post","type-post","status-publish","format-standard","has-post-thumbnail","category-viihde","tag-entertainment","tag-fi","tag-finland","tag-finnish","tag-suomi","tag-top-gear","tag-viihde"],"share_on_mastodon":{"url":"https:\/\/pubeurope.com\/@fi\/117168089665189945","error":""},"_links":{"self":[{"href":"https:\/\/www.europesays.com\/fi\/wp-json\/wp\/v2\/posts\/335006","targetHints":{"allow":["GET"]}}],"collection":[{"href":"https:\/\/www.europesays.com\/fi\/wp-json\/wp\/v2\/posts"}],"about":[{"href":"https:\/\/www.europesays.com\/fi\/wp-json\/wp\/v2\/types\/post"}],"author":[{"embeddable":true,"href":"https:\/\/www.europesays.com\/fi\/wp-json\/wp\/v2\/users\/2"}],"replies":[{"embeddable":true,"href":"https:\/\/www.europesays.com\/fi\/wp-json\/wp\/v2\/comments?post=335006"}],"version-history":[{"count":0,"href":"https:\/\/www.europesays.com\/fi\/wp-json\/wp\/v2\/posts\/335006\/revisions"}],"wp:featuredmedia":[{"embeddable":true,"href":"https:\/\/www.europesays.com\/fi\/wp-json\/wp\/v2\/media\/335007"}],"wp:attachment":[{"href":"https:\/\/www.europesays.com\/fi\/wp-json\/wp\/v2\/media?parent=335006"}],"wp:term":[{"taxonomy":"category","embeddable":true,"href":"https:\/\/www.europesays.com\/fi\/wp-json\/wp\/v2\/categories?post=335006"},{"taxonomy":"post_tag","embeddable":true,"href":"https:\/\/www.europesays.com\/fi\/wp-json\/wp\/v2\/tags?post=335006"}],"curies":[{"name":"wp","href":"https:\/\/api.w.org\/{rel}","templated":true}]}}