{"id":335010,"date":"2026-08-27T15:08:14","date_gmt":"2026-08-27T15:08:14","guid":{"rendered":"https:\/\/www.europesays.com\/fi\/335010\/"},"modified":"2026-08-27T15:08:14","modified_gmt":"2026-08-27T15:08:14","slug":"afganistan-kielsi-kaikki-mielenosoitukset-talibanhallinto-pelkaa-arvioi-ihmisoikeusjarjesto-uutisia-lyhyesti","status":"publish","type":"post","link":"https:\/\/www.europesays.com\/fi\/335010\/","title":{"rendered":"Afganistan kielsi kaikki mielen\u00adosoitukset \u2013 talibanhallinto pelk\u00e4\u00e4, arvioi ihmisoikeus\u00adj\u00e4rjest\u00f6 | Uutisia lyhyesti"},"content":{"rendered":"<p class=\"aw__sc-1qwuw0s-0 aw__sc-1vg2sqm-0 epAWpq ecELkD yle__article__paragraph\">Talibanhallinto kurittaa kovalla k\u00e4dell\u00e4 toisinajattelijoita. Jatkossa heid\u00e4n asemansa on entist\u00e4 heikompi.<\/p>\n<p><img decoding=\"async\" alt=\"Afganistanin naisopiskelijat osoittavat mielt\u00e4\u00e4n Talebanin yliopistokieltoon Kabulissa, Afganistanissa 21.12.2022.\" src=\"https:\/\/www.europesays.com\/fi\/wp-content\/uploads\/2026\/08\/1672850987.jpeg\" class=\"aw__sc-dklauk-0 LPzKX\"\/><\/p>\n<p>Avaa kuvien katselu<\/p>\n<p>Naiset osoittavat mielt\u00e4\u00e4n Kabulissa hallinnon kielletty\u00e4 heilt\u00e4 opiskelun yliopistossa. Arkistokuva. Kuva: STELLA Pictures\/ddp\/abaca press<\/p>\n<p class=\"aw__sc-1qwuw0s-0 aw__sc-ngllmo-0 epAWpq fzYpjk yle__article__paragraph\">Ihmisoikeusj\u00e4rjest\u00f6t arvostelevat rajusti Afganistanin talibanhallinnon uutta lakipakettia, jonka tarkoituksena on tukahduttaa toisinajattelijat.<\/p>\n<p class=\"aw__sc-1qwuw0s-0 aw__sc-ngllmo-0 epAWpq fzYpjk yle__article__paragraph\">Jatkossa mielenosoitukset on kielletty kokonaan. Kaikkiaan 84-sivuinen lakipaketti sis\u00e4lt\u00e4\u00e4 my\u00f6s useita muutoksia poliisin toimintaan.<\/p>\n<p class=\"aw__sc-1qwuw0s-0 aw__sc-ngllmo-0 epAWpq fzYpjk yle__article__paragraph\">Human Rights Watchin Aasian-johtaja arvioi uutistoimisto AFP:lle, ett\u00e4 talibanit pelk\u00e4\u00e4v\u00e4t toisinajattelijoita ja tiukentavat t\u00e4st\u00e4 syyst\u00e4 lains\u00e4\u00e4d\u00e4nt\u00f6\u00e4. Amnestyn mukaan mielenosoituskielto on yksi t\u00f6rkeimmist\u00e4 toimista, joita hallinto on tehnyt viisi vuotta kest\u00e4neen valtakautensa aikana.<\/p>\n<p class=\"aw__sc-1qwuw0s-0 aw__sc-ngllmo-0 epAWpq fzYpjk yle__article__paragraph\">\u00c4\u00e4ri-islamistisen talibanin noustua valtaan protestit ovat olleet harvinaisia. YK:n tietojen perusteella kes\u00e4kuussa ainakin kaksi ihmist\u00e4 kuoli, kun turvallisuusjoukot avasivat tulen naisten oikeuksia puolustaneessa mielenosoituksessa Heratin kaupungissa.<\/p>\n<p>Ruumiillinen kuritus on yleinen rangaistus<\/p>\n<p class=\"aw__sc-1qwuw0s-0 aw__sc-ngllmo-0 epAWpq fzYpjk yle__article__paragraph\">Uusin lakien nojalla kiinniotettuja voidaan jatkossa pit\u00e4\u00e4 s\u00e4il\u00f6ss\u00e4 jopa kymmenen p\u00e4iv\u00e4\u00e4 aiemman kolmen sijaan ilman, ett\u00e4 heit\u00e4 vastaan nostetaan syytteit\u00e4. Tuomioistuimen p\u00e4\u00e4t\u00f6ksell\u00e4 aikaa voidaan viel\u00e4 pident\u00e4\u00e4.<\/p>\n<p class=\"aw__sc-1qwuw0s-0 aw__sc-ngllmo-0 epAWpq fzYpjk yle__article__paragraph\">T\u00e4ss\u00e4 kuussa Afganistanin turvallisuusjoukot ottivat kiinni kaksi YK:n ty\u00f6ntekij\u00e4\u00e4 11 p\u00e4iv\u00e4ksi. Kiinniotolle ei kerrottu syyt\u00e4.<\/p>\n<p class=\"aw__sc-1qwuw0s-0 aw__sc-ngllmo-0 epAWpq fzYpjk yle__article__paragraph\">Ruumiillinen kuritus on Afganistanissa yleisesti k\u00e4yt\u00f6ss\u00e4 oleva rangaistus. Sen kohteeksi voi joutua esimerkiksi vankilassa.<\/p>\n<p class=\"aw__sc-1qwuw0s-0 aw__sc-ngllmo-0 epAWpq fzYpjk yle__article__paragraph\">Poliisin toimia ohjaava lains\u00e4\u00e4d\u00e4nt\u00f6 sanelee, ettei vankeja saa ly\u00f6d\u00e4 keppien kaltaisilla aseilla ilman oikeuden m\u00e4\u00e4r\u00e4yst\u00e4. Poliisi saa kuitenkin k\u00e4ytt\u00e4\u00e4 muunlaista voimaa, jotta ep\u00e4ilty \u201dsaataisiin katumaan\u201d.<\/p>\n<p class=\"aw__sc-1qwuw0s-0 aw__sc-ngllmo-0 epAWpq fzYpjk yle__article__paragraph\">L\u00e4hde: AFP<\/p>\n","protected":false},"excerpt":{"rendered":"Talibanhallinto kurittaa kovalla k\u00e4dell\u00e4 toisinajattelijoita. Jatkossa heid\u00e4n asemansa on entist\u00e4 heikompi. Avaa kuvien katselu Naiset osoittavat mielt\u00e4\u00e4n Kabulissa&hellip;\n","protected":false},"author":2,"featured_media":335011,"comment_status":"","ping_status":"","sticky":false,"template":"","format":"standard","meta":{"footnotes":"","_share_on_mastodon":"0"},"categories":[14],"tags":[4821,22,23,26,27,33,31,30,17,3551,24,25,28,29,2571,15,1915,18,21,32,19,20,56,16,59,60,61],"class_list":["post-335010","post","type-post","status-publish","format-standard","has-post-thumbnail","category-ulkomaat","tag-afganistan","tag-breaking-news","tag-breakingnews","tag-featured-news","tag-featurednews","tag-fi","tag-finland","tag-finnish","tag-headlines","tag-kansalaistoiminta","tag-latest-news","tag-latestnews","tag-main-news","tag-mainnews","tag-mielenosoitukset","tag-news","tag-oikeus","tag-otsikot","tag-paauutiset","tag-suomi","tag-top-stories","tag-topstories","tag-ulkomaat","tag-uutiset","tag-world","tag-world-news","tag-worldnews"],"share_on_mastodon":{"url":"https:\/\/pubeurope.com\/@fi\/117168105667537788","error":""},"_links":{"self":[{"href":"https:\/\/www.europesays.com\/fi\/wp-json\/wp\/v2\/posts\/335010","targetHints":{"allow":["GET"]}}],"collection":[{"href":"https:\/\/www.europesays.com\/fi\/wp-json\/wp\/v2\/posts"}],"about":[{"href":"https:\/\/www.europesays.com\/fi\/wp-json\/wp\/v2\/types\/post"}],"author":[{"embeddable":true,"href":"https:\/\/www.europesays.com\/fi\/wp-json\/wp\/v2\/users\/2"}],"replies":[{"embeddable":true,"href":"https:\/\/www.europesays.com\/fi\/wp-json\/wp\/v2\/comments?post=335010"}],"version-history":[{"count":0,"href":"https:\/\/www.europesays.com\/fi\/wp-json\/wp\/v2\/posts\/335010\/revisions"}],"wp:featuredmedia":[{"embeddable":true,"href":"https:\/\/www.europesays.com\/fi\/wp-json\/wp\/v2\/media\/335011"}],"wp:attachment":[{"href":"https:\/\/www.europesays.com\/fi\/wp-json\/wp\/v2\/media?parent=335010"}],"wp:term":[{"taxonomy":"category","embeddable":true,"href":"https:\/\/www.europesays.com\/fi\/wp-json\/wp\/v2\/categories?post=335010"},{"taxonomy":"post_tag","embeddable":true,"href":"https:\/\/www.europesays.com\/fi\/wp-json\/wp\/v2\/tags?post=335010"}],"curies":[{"name":"wp","href":"https:\/\/api.w.org\/{rel}","templated":true}]}}