{"id":335046,"date":"2026-08-27T16:02:13","date_gmt":"2026-08-27T16:02:13","guid":{"rendered":"https:\/\/www.europesays.com\/fi\/335046\/"},"modified":"2026-08-27T16:02:13","modified_gmt":"2026-08-27T16:02:13","slug":"ajossa-syttynyt-lava-auto-ruuhkautti-keha-iiin-liikennetta-espoossa-paikalliset","status":"publish","type":"post","link":"https:\/\/www.europesays.com\/fi\/335046\/","title":{"rendered":"Ajossa syttynyt lava-auto ruuhkautti Keh\u00e4 III:n liikennett\u00e4 Espoossa | Paikalliset"},"content":{"rendered":"<p>Pickup-tyylinen henkil\u00f6auto eli lava-auto syttyi palamaan ajon aikana Keh\u00e4 III:lla Espoossa Koskelon kohdalla torstai-iltap\u00e4iv\u00e4n\u00e4.<\/p>\n<p>L\u00e4nsi-Uudenmaan pelastuslaitos sai teht\u00e4v\u00e4n kello 15.12. Tapahtumapaikka sijaitsee Kulloonm\u00e4en liittym\u00e4n ja Vanhakartanon liittym\u00e4n v\u00e4lill\u00e4.<\/p>\n<p>Ajoneuvossa oli ainoastaan kuljettaja, ja h\u00e4n p\u00e4\u00e4si omin avuin ulos autosta, pelastuslaitokselta kerrotaan. Henkil\u00f6vahinkoja ei aiheutunut.<\/p>\n<p>Pelastuslaitos sammutti palon. Sammutus- ja pelastust\u00f6iden ajaksi toinen ajokaista suljettiin liikenteelt\u00e4, mik\u00e4 ruuhkautti liikennett\u00e4 l\u00e4nnen suuntaan noin puolen tunnin ajan.<\/p>\n<p>Palanut auto on siirretty sivuun odottamaan hinausta, eik\u00e4 se en\u00e4\u00e4 aiheuta liikennehaittaa.<\/p>\n","protected":false},"excerpt":{"rendered":"Pickup-tyylinen henkil\u00f6auto eli lava-auto syttyi palamaan ajon aikana Keh\u00e4 III:lla Espoossa Koskelon kohdalla torstai-iltap\u00e4iv\u00e4n\u00e4. L\u00e4nsi-Uudenmaan pelastuslaitos sai teht\u00e4v\u00e4n&hellip;\n","protected":false},"author":2,"featured_media":335047,"comment_status":"","ping_status":"","sticky":false,"template":"","format":"standard","meta":{"footnotes":"","_share_on_mastodon":"0"},"categories":[12],"tags":[22,23,400,26,27,33,31,30,17,2187,24,25,121,28,29,15,120,18,21,122,54,32,128,19,20,16],"class_list":["post-335046","post","type-post","status-publish","format-standard","has-post-thumbnail","category-suomi","tag-breaking-news","tag-breakingnews","tag-espoo","tag-featured-news","tag-featurednews","tag-fi","tag-finland","tag-finnish","tag-headlines","tag-kulkuneuvot","tag-latest-news","tag-latestnews","tag-liikenne-ja-kuljetus","tag-main-news","tag-mainnews","tag-news","tag-onnettomuustapaus","tag-otsikot","tag-paauutiset","tag-pelastaminen","tag-pelastuspalvelut","tag-suomi","tag-tieliikenne","tag-top-stories","tag-topstories","tag-uutiset"],"share_on_mastodon":{"url":"","error":""},"_links":{"self":[{"href":"https:\/\/www.europesays.com\/fi\/wp-json\/wp\/v2\/posts\/335046","targetHints":{"allow":["GET"]}}],"collection":[{"href":"https:\/\/www.europesays.com\/fi\/wp-json\/wp\/v2\/posts"}],"about":[{"href":"https:\/\/www.europesays.com\/fi\/wp-json\/wp\/v2\/types\/post"}],"author":[{"embeddable":true,"href":"https:\/\/www.europesays.com\/fi\/wp-json\/wp\/v2\/users\/2"}],"replies":[{"embeddable":true,"href":"https:\/\/www.europesays.com\/fi\/wp-json\/wp\/v2\/comments?post=335046"}],"version-history":[{"count":0,"href":"https:\/\/www.europesays.com\/fi\/wp-json\/wp\/v2\/posts\/335046\/revisions"}],"wp:featuredmedia":[{"embeddable":true,"href":"https:\/\/www.europesays.com\/fi\/wp-json\/wp\/v2\/media\/335047"}],"wp:attachment":[{"href":"https:\/\/www.europesays.com\/fi\/wp-json\/wp\/v2\/media?parent=335046"}],"wp:term":[{"taxonomy":"category","embeddable":true,"href":"https:\/\/www.europesays.com\/fi\/wp-json\/wp\/v2\/categories?post=335046"},{"taxonomy":"post_tag","embeddable":true,"href":"https:\/\/www.europesays.com\/fi\/wp-json\/wp\/v2\/tags?post=335046"}],"curies":[{"name":"wp","href":"https:\/\/api.w.org\/{rel}","templated":true}]}}