{"id":335058,"date":"2026-08-27T16:27:13","date_gmt":"2026-08-27T16:27:13","guid":{"rendered":"https:\/\/www.europesays.com\/fi\/335058\/"},"modified":"2026-08-27T16:27:13","modified_gmt":"2026-08-27T16:27:13","slug":"ap-yhdysvaltain-patriot-ohjusvarastot-euroopassa-ovat-aarimmaisen-kriittisella-tasolla-uutiset","status":"publish","type":"post","link":"https:\/\/www.europesays.com\/fi\/335058\/","title":{"rendered":"AP: Yhdysvaltain Patriot-ohjusvarastot Euroopassa ovat \u00e4\u00e4rimm\u00e4isen kriittisell\u00e4 tasolla | Uutiset"},"content":{"rendered":"<p>Politico: CIA:n johtaja varoitti Ven\u00e4j\u00e4\u00e4 \u201deskaloimasta konfliktia\u201d Baltian maihin<img decoding=\"async\" alt=\"Mies tumma puku yll\u00e4 mikrofonin edess\u00e4 sis\u00e4tiloissa.\" src=\"https:\/\/www.europesays.com\/fi\/wp-content\/uploads\/2026\/08\/1787848033_789_1787804940.jpeg\" loading=\"lazy\" class=\"aw__sc-dklauk-0 LPzKX\"\/><\/p>\n<p>Avaa kuvien katselu<\/p>\n<p>Tiedustelupalvelu CIA:n johtaja John Ratcliffe kuvattuna edustajainhuoneen tiedusteluasioiden erityisvaliokunnan kuulemisessa Washingtonissa 19. maaliskuuta. Kuuleminen j\u00e4rjestettiin vuoden 2026 maailmanlaajuisten uhkien arvioimiseksi. Kuva: Heather Diehl \/ AFP<\/p>\n<p class=\"aw__sc-1fr77j0-1 TDEqA\">Yhdysvaltain keskustiedustelupalvelun CIA:n johtaja\u00a0John Ratcliffe\u00a0varoitti\u00a0<a href=\"https:\/\/yle.fi\/a\/74-20242970\" class=\"aw__sc-1uqi69x-0 aw__sc-1kcnrzg-0 jwODkx hqUnKt\" rel=\"nofollow noopener\" target=\"_blank\">Moskovan-vierailullaan<\/a>\u00a0Ven\u00e4j\u00e4\u00e4 \u201deskaloimasta konfliktia\u201d Yhdysvaltojen Nato-liittolaisiin ja etenkin Baltian maihin,\u00a0<a href=\"https:\/\/www.politico.com\/news\/2026\/08\/26\/cia-russia-nato-moscow-ratcliffe-01051848\" class=\"aw__sc-1uqi69x-0 aw__sc-1kcnrzg-0 jwODkx hqUnKt\" rel=\"nofollow noopener\" target=\"_blank\">uutisoi Politico<\/a>.<\/p>\n<p class=\"aw__sc-1fr77j0-1 TDEqA\">Ven\u00e4j\u00e4 on esitt\u00e4nyt viime viikkoina useita uhkauksia Ukrainaa tukevia Nato-maita kohtaan. Nato-sopimuksen mukaan aseellista hy\u00f6kk\u00e4yst\u00e4 yht\u00e4 j\u00e4senmaata vastaan pidet\u00e4\u00e4n hy\u00f6kk\u00e4yksen\u00e4 kaikkia j\u00e4senmaita vastaan.<\/p>\n<p class=\"aw__sc-1fr77j0-1 TDEqA\">Yhdysvaltain presidentti\u00a0Donald Trump\u00a0kutsui vierailua \u201dpuolirutiininomaiseksi\u201d, mutta my\u00f6nsi sen koskevan sodan p\u00e4\u00e4tt\u00e4mist\u00e4. H\u00e4n kuitenkin kiisti, ett\u00e4 Ratcliffe teki matkan suostutellakseen Ven\u00e4j\u00e4\u00e4 olemaan testaamatta Naton p\u00e4\u00e4tt\u00e4v\u00e4isyytt\u00e4 tai hy\u00f6kk\u00e4\u00e4m\u00e4st\u00e4 Britanniaan, joka on luvannut jatkaa tukeaan Ukrainalle.<\/p>\n<p class=\"aw__sc-1fr77j0-1 TDEqA\">Politicon mukaan Ratcliffen vierailun tarkoituksena oli my\u00f6s painostaa Ven\u00e4j\u00e4\u00e4 v\u00e4hent\u00e4m\u00e4\u00e4n sotilaallista ja taloudellista tukea Iranille.<\/p>\n<p class=\"aw__sc-1fr77j0-1 TDEqA\">Tiedustelujohtajan yll\u00e4tt\u00e4v\u00e4 vierailu ehti her\u00e4tt\u00e4\u00e4 useita arvailuja sen syyst\u00e4. Ratcliffe on toiminut CIA:n johtajana tammikuusta 2025 l\u00e4htien. Tiistainen vierailu oli h\u00e4nen ensimm\u00e4isens\u00e4 Ven\u00e4j\u00e4ll\u00e4.<\/p>\n<p class=\"aw__sc-1fr77j0-1 TDEqA\">Ven\u00e4j\u00e4n ulkomaantiedustelupalvelun SVR:n johtaja Sergei Naryshkin\u00a0vahvisti torstaina Ven\u00e4j\u00e4n valtiolliselle uutistoimistolle <a href=\"https:\/\/tass.ru\/politika\/28049451\" class=\"aw__sc-1uqi69x-0 aw__sc-1kcnrzg-0 jwODkx hqUnKt\" rel=\"nofollow noopener\" target=\"_blank\">Tassille<\/a> tavanneensa Ratcliffen t\u00e4m\u00e4n vierailun yhteydess\u00e4.<\/p>\n<p class=\"aw__sc-1fr77j0-1 TDEqA\">Naryshkinin mukaan tiedustelujohtajat keskustelivat tiedustelupalvelujen toimivaltaan kuuluvista asioista. H\u00e4n ei avannut asiaa tarkemmin.<\/p>\n<p class=\"aw__sc-1fr77j0-1 TDEqA\">Muokkaus kello 11.42: lis\u00e4tty Naryshkinin vahvistus ja kommentit tiedustelujohtajien tapaamisesta.<\/p>\n","protected":false},"excerpt":{"rendered":"Politico: CIA:n johtaja varoitti Ven\u00e4j\u00e4\u00e4 \u201deskaloimasta konfliktia\u201d Baltian maihin Avaa kuvien katselu Tiedustelupalvelu CIA:n johtaja John Ratcliffe kuvattuna&hellip;\n","protected":false},"author":2,"featured_media":335059,"comment_status":"","ping_status":"","sticky":false,"template":"","format":"standard","meta":{"footnotes":"","_share_on_mastodon":"0"},"categories":[14],"tags":[22,23,26,27,33,31,30,17,70,24,25,28,29,15,18,21,32,19,20,1303,56,16,547,987,59,60,61],"class_list":["post-335058","post","type-post","status-publish","format-standard","has-post-thumbnail","category-ulkomaat","tag-breaking-news","tag-breakingnews","tag-featured-news","tag-featurednews","tag-fi","tag-finland","tag-finnish","tag-headlines","tag-kansainvalinen-politiikka","tag-latest-news","tag-latestnews","tag-main-news","tag-mainnews","tag-news","tag-otsikot","tag-paauutiset","tag-suomi","tag-top-stories","tag-topstories","tag-ukraina","tag-ulkomaat","tag-uutiset","tag-venaja","tag-venajan-hyokkays","tag-world","tag-world-news","tag-worldnews"],"share_on_mastodon":{"url":"https:\/\/pubeurope.com\/@fi\/117168416601752622","error":""},"_links":{"self":[{"href":"https:\/\/www.europesays.com\/fi\/wp-json\/wp\/v2\/posts\/335058","targetHints":{"allow":["GET"]}}],"collection":[{"href":"https:\/\/www.europesays.com\/fi\/wp-json\/wp\/v2\/posts"}],"about":[{"href":"https:\/\/www.europesays.com\/fi\/wp-json\/wp\/v2\/types\/post"}],"author":[{"embeddable":true,"href":"https:\/\/www.europesays.com\/fi\/wp-json\/wp\/v2\/users\/2"}],"replies":[{"embeddable":true,"href":"https:\/\/www.europesays.com\/fi\/wp-json\/wp\/v2\/comments?post=335058"}],"version-history":[{"count":0,"href":"https:\/\/www.europesays.com\/fi\/wp-json\/wp\/v2\/posts\/335058\/revisions"}],"wp:featuredmedia":[{"embeddable":true,"href":"https:\/\/www.europesays.com\/fi\/wp-json\/wp\/v2\/media\/335059"}],"wp:attachment":[{"href":"https:\/\/www.europesays.com\/fi\/wp-json\/wp\/v2\/media?parent=335058"}],"wp:term":[{"taxonomy":"category","embeddable":true,"href":"https:\/\/www.europesays.com\/fi\/wp-json\/wp\/v2\/categories?post=335058"},{"taxonomy":"post_tag","embeddable":true,"href":"https:\/\/www.europesays.com\/fi\/wp-json\/wp\/v2\/tags?post=335058"}],"curies":[{"name":"wp","href":"https:\/\/api.w.org\/{rel}","templated":true}]}}