{"id":335100,"date":"2026-08-27T17:41:13","date_gmt":"2026-08-27T17:41:13","guid":{"rendered":"https:\/\/www.europesays.com\/fi\/335100\/"},"modified":"2026-08-27T17:41:13","modified_gmt":"2026-08-27T17:41:13","slug":"kirja-markku-toikka-meni-naimisiin-huomiota-herattavan-kauniin-leenan-kanssa-ero-puolen-vuoden-jalkeen","status":"publish","type":"post","link":"https:\/\/www.europesays.com\/fi\/335100\/","title":{"rendered":"Kirja: Markku Toikka meni naimisiin \u201dhuomiota her\u00e4tt\u00e4v\u00e4n kauniin\u201d Leenan kanssa \u2013 Ero puolen vuoden j\u00e4lkeen"},"content":{"rendered":"<p>Markku Toikan el\u00e4m\u00e4st\u00e4 kertova uusi kirja valottaa n\u00e4yttelij\u00e4n naissuhteita avoimesti.<\/p>\n<p><img decoding=\"async\" class=\"image image-show image-preview\" src=\"https:\/\/www.europesays.com\/fi\/wp-content\/uploads\/2026\/08\/8aa43b51fa122117e97eed6f219419d0fb8fb7de5f6a048ce99905c8028a36c8.jpg\" alt=\"\"\/><img decoding=\"async\" class=\"image image-show\" src=\"https:\/\/www.europesays.com\/fi\/wp-content\/uploads\/2026\/08\/1787852473_925_8aa43b51fa122117e97eed6f219419d0fb8fb7de5f6a048ce99905c8028a36c8.jpg\" alt=\"\"\/><\/p>\n<p>Uutuuskirja kertoo Markku Toikan el\u00e4m\u00e4st\u00e4 avoimesti. Juha Metso<\/p>\n<p class=\"paragraph\">N\u00e4yttelij\u00e4 <a href=\"https:\/\/www.iltalehti.fi\/henkilot\/Markku Toikka\" class=\"article-link-person-page\" rel=\"nofollow noopener\" target=\"_blank\">Markku Toikan<\/a>, 71, el\u00e4m\u00e4st\u00e4 kertova Markku Toikka \u2013 Erikoisten roolien mies -kirja (Otava) paljastaa uran varrella tehtyjen roolien lis\u00e4ksi paljon Toikan yksityisel\u00e4m\u00e4st\u00e4.<\/p>\n<p class=\"paragraph\">Toikka paljastaa kirjassa, ett\u00e4 h\u00e4nell\u00e4 on ollut paljon naisia ja seksisuhteita. H\u00e4n kokee onnistuneensa siin\u00e4, ett\u00e4 kaikki h\u00e4nen naisensa ovat saaneet el\u00e4\u00e4 h\u00e4nen kanssaan seksuaalisesti tasavertaisessa suhteessa.<\/p>\n<p class=\"paragraph\">Toikka kertoo kirjassa ymm\u00e4rt\u00e4neens\u00e4, ett\u00e4 esimerkiksi h\u00e4nen vanhempansa eliv\u00e4t el\u00e4m\u00e4\u00e4, jossa seksuaalisuudesta tai tarpeista ei puhuttu.<\/p>\n<p class=\"paragraph\">T\u00e4m\u00e4n kirjan nimi voisi olla my\u00f6s Halu, koska naisen saama tyydytys ja haluaminen merkitsev\u00e4t minulle niin paljon.<\/p>\n<p>Vehtaaminen<\/p>\n<p class=\"paragraph\">Opiskeluaikoina Teatterikoulussa meno oli vauhdikasta. Toikan mukaan nuoret taideopiskelijat viettiv\u00e4t \u201daika toisenlaista arkea kuin muut samojen katujen tallaajat\u201d.<\/p>\n<p class=\"paragraph\">Aikakauteen liittyi tietysti my\u00f6s suurta seksuaalista vapautuneisuutta, joka oli perua 1960-luvulta. Kun nuoret ihmiset kokoontuivat urbaaneihin ravintoloihin estottomissa tunnelmissa, joku l\u00f6ysi aina tiens\u00e4 johonkin s\u00e4nkyyn. Sitten v\u00e4h\u00e4n seurusteltiin, mutta kohta jatkui taas sama vehtaaminen.<\/p>\n<p class=\"paragraph\">Opiskeluaikanaan Toikka ja h\u00e4nen k\u00e4mpp\u00e4kaverinsa <a href=\"https:\/\/www.iltalehti.fi\/henkilot\/Jussi Parviainen\" class=\"article-link-person-page\" rel=\"nofollow noopener\" target=\"_blank\">Jussi Parviainen<\/a> seurustelivat Havukaisten sisarusten kanssa: Toikka <strong>Leenan<\/strong> ja Parviainen <a href=\"https:\/\/www.iltalehti.fi\/henkilot\/Riitta Havukainen\" class=\"article-link-person-page\" rel=\"nofollow noopener\" target=\"_blank\">Riitan<\/a> kanssa. J\u00e4lkimm\u00e4iset <a href=\"https:\/\/www.iltalehti.fi\/viihdeuutiset\/201803122200777227\" rel=\"nofollow noopener\" target=\"_blank\">ehtiv\u00e4t naimisiin asti<\/a>.<\/p>\n<p>Puhelinkosinta<\/p>\n<p class=\"paragraph\">Opiskeluaikoihin liittyy kirjan mukaan toinenkin Leena-niminen nainen, \u201dhuomiota her\u00e4tt\u00e4v\u00e4n kaunis nainen\u201d, jonka Toikka tapasi ravintola Kaivopihassa. Heid\u00e4n yhteinen tuttunsa oli Toikan kanssa liikkeell\u00e4 ollut <a href=\"https:\/\/www.iltalehti.fi\/henkilot\/Timo Er\u00e4nk\u00f6\" class=\"article-link-person-page\" rel=\"nofollow noopener\" target=\"_blank\">Timo Er\u00e4nk\u00f6<\/a>. Verovirastossa ty\u00f6skentelev\u00e4 <strong>Leena<\/strong> ja Toikka muuttivat nopeasti yhteen. Avoliitto p\u00e4\u00e4ttyi kuitenkin noin puolessa vuodessa.<\/p>\n<p class=\"paragraph\">Leena oli omaksunut vapaan maailman pelis\u00e4\u00e4nn\u00f6t, ja h\u00e4nell\u00e4h\u00e4n riitti vienti\u00e4 korean ulkon\u00e4k\u00f6ns\u00e4 puolesta.<\/p>\n<p class=\"paragraph\">Tarina ei kuitenkaan p\u00e4\u00e4ttynyt siihen. Pian Toikka sai Koiton teatterin toimistoon puhelun: Leena halusi naimisiin. Lemmen pauloissa edelleen ollut Toikka suostui.<\/p>\n<p class=\"paragraph\">Mutta eih\u00e4n siit\u00e4 mit\u00e4\u00e4n taaskaan tullut. Leena oli yht\u00e4 vauhdikas mimmi kuin ennenkin. H\u00e4n ei oikein soveltunut yksiavioiseen el\u00e4m\u00e4\u00e4n.<\/p>\n<p class=\"paragraph\">T\u00e4m\u00e4n j\u00e4lkeen Toikka seurusteli vuosia <a href=\"https:\/\/www.iltalehti.fi\/henkilot\/Tiina Pirhonen\" class=\"article-link-person-page\" rel=\"nofollow noopener\" target=\"_blank\">Tiina Pirhosen<\/a> kanssa, kunnes kolmiodraaman kautta p\u00e4\u00e4tyi naimisiin vuonna 1988 <a href=\"https:\/\/www.iltalehti.fi\/henkilot\/Ullamaija H\u00e4nninen\" class=\"article-link-person-page\" rel=\"nofollow noopener\" target=\"_blank\">Ullamaija H\u00e4nnisen<\/a> kanssa. Toikka ja H\u00e4nninen saivat kaksi lasta: poika <strong>Toivon<\/strong> ja adoptiotyt\u00e4r <strong>Tuulin<\/strong>.<\/p>\n<p class=\"paragraph\">Pari p\u00e4\u00e4tyi kuitenkin avioeroon vuonna 2011, vaikka suhdetta oli yritetty korjata pariterapian avullakin.<\/p>\n<p class=\"paragraph\">Se oli raastavaa aikaa. Muistan viel\u00e4kin, kun jouduimme kertomaan lapsillemme erostamme. Adoptiotytt\u00e4remme Tuuli oli silloin vasta 12-vuotias. Niin syviss\u00e4 vesiss\u00e4 en ole ollut koskaan.<\/p>\n<p class=\"paragraph\">Eron j\u00e4lkeen Toikka seurusteli useammankin naisen kanssa.<\/p>\n<p class=\"paragraph\">Neiti oopperalaulaja oli 25-vuotias. H\u00e4n oli eritt\u00e4in miellytt\u00e4v\u00e4 persoona, ja me ihan seurustelimme, mutta eih\u00e4n siit\u00e4 voinut tulla mit\u00e4\u00e4n. Samoin k\u00e4vi muidenkin naisten kanssa. En saanut otetta parisuhteistani.<\/p>\n<p class=\"paragraph\">Toikka tapasi <strong>Raili L\u00f6yttyniemen<\/strong> Kumpulan Kyl\u00e4tilan bileiss\u00e4. Siit\u00e4 alkoi matka kohti yhteist\u00e4 el\u00e4m\u00e4\u00e4 ja avioliittoa. Toikka kertoo kirjassa my\u00f6s seikkaper\u00e4isesti parin reppureissusta Sri Lankaan.<\/p>\n<p class=\"paragraph\">Meh\u00e4n olimme menneet naimisiin jo ennen suurta seikkailuamme. Vihkiminen oli tapahtunut Hyvink\u00e4\u00e4ll\u00e4, rakkauden p\u00e4\u00e4kaupungissa.<\/p>\n<p>Markku Toikka \u2013 Erikoisten roolien mies kertoo Markku Toikan urasta vauhdikkain sanank\u00e4\u00e4ntein. Kannen valokuva: Juha Metso<\/p>\n<p class=\"paragraph\"><a href=\"https:\/\/www.iltalehti.fi\/henkilot\/Mika Wickstr\u00f6m\" class=\"article-link-person-page\" rel=\"nofollow noopener\" target=\"_blank\">Mika Wickstr\u00f6min<\/a> kirjoittama Markku Toikka \u2013 Erikoisten roolien mies (Otava) julkaistaan 27.8.2026. Kursivoidut kohdat ovat suoria lainauksia kirjasta.<\/p>\n<p>Mika Wickstr\u00f6m on kirjoittanut kirjan Markku Toikasta. Juha Metso<\/p>\n","protected":false},"excerpt":{"rendered":"Markku Toikan el\u00e4m\u00e4st\u00e4 kertova uusi kirja valottaa n\u00e4yttelij\u00e4n naissuhteita avoimesti. Uutuuskirja kertoo Markku Toikan el\u00e4m\u00e4st\u00e4 avoimesti. Juha Metso&hellip;\n","protected":false},"author":2,"featured_media":335101,"comment_status":"","ping_status":"","sticky":false,"template":"","format":"standard","meta":{"footnotes":"","_share_on_mastodon":"0"},"categories":[130],"tags":[35,1075,1074,137,33,31,30,101,99,98,32,109],"class_list":["post-335100","post","type-post","status-publish","format-standard","has-post-thumbnail","category-viihde","tag-24h","tag-avioliitto","tag-avioliitto-ja-parisuhde","tag-entertainment","tag-fi","tag-finland","tag-finnish","tag-ihmissuhteet","tag-lapset","tag-perhe","tag-suomi","tag-viihde"],"share_on_mastodon":{"url":"https:\/\/pubeurope.com\/@fi\/117168707701423619","error":""},"_links":{"self":[{"href":"https:\/\/www.europesays.com\/fi\/wp-json\/wp\/v2\/posts\/335100","targetHints":{"allow":["GET"]}}],"collection":[{"href":"https:\/\/www.europesays.com\/fi\/wp-json\/wp\/v2\/posts"}],"about":[{"href":"https:\/\/www.europesays.com\/fi\/wp-json\/wp\/v2\/types\/post"}],"author":[{"embeddable":true,"href":"https:\/\/www.europesays.com\/fi\/wp-json\/wp\/v2\/users\/2"}],"replies":[{"embeddable":true,"href":"https:\/\/www.europesays.com\/fi\/wp-json\/wp\/v2\/comments?post=335100"}],"version-history":[{"count":0,"href":"https:\/\/www.europesays.com\/fi\/wp-json\/wp\/v2\/posts\/335100\/revisions"}],"wp:featuredmedia":[{"embeddable":true,"href":"https:\/\/www.europesays.com\/fi\/wp-json\/wp\/v2\/media\/335101"}],"wp:attachment":[{"href":"https:\/\/www.europesays.com\/fi\/wp-json\/wp\/v2\/media?parent=335100"}],"wp:term":[{"taxonomy":"category","embeddable":true,"href":"https:\/\/www.europesays.com\/fi\/wp-json\/wp\/v2\/categories?post=335100"},{"taxonomy":"post_tag","embeddable":true,"href":"https:\/\/www.europesays.com\/fi\/wp-json\/wp\/v2\/tags?post=335100"}],"curies":[{"name":"wp","href":"https:\/\/api.w.org\/{rel}","templated":true}]}}