{"id":335104,"date":"2026-08-27T17:44:22","date_gmt":"2026-08-27T17:44:22","guid":{"rendered":"https:\/\/www.europesays.com\/fi\/335104\/"},"modified":"2026-08-27T17:44:22","modified_gmt":"2026-08-27T17:44:22","slug":"haltialan-tilan-yrittaja-summaa-ensimmaisen-kesakauden-yksi-asia-yllatti-paikalliset","status":"publish","type":"post","link":"https:\/\/www.europesays.com\/fi\/335104\/","title":{"rendered":"Haltialan tilan yritt\u00e4j\u00e4 summaa ensimm\u00e4isen kes\u00e4kauden\u2009\u2013\u2009yksi asia yll\u00e4tti | Paikalliset"},"content":{"rendered":"<p>Haltialan kotiel\u00e4intilan ensimm\u00e4inen kes\u00e4kausi alkaa olla takana uusien yritt\u00e4jien osalta.<\/p>\n<p>Tilaa py\u00f6ritt\u00e4v\u00e4n L\u00e4nnentila Oy:n toimitusjohtaja <strong>Klaus Karjula<\/strong> sanoo olevansa tyytyv\u00e4inen kes\u00e4\u00e4n.<\/p>\n<p>\u2013 On ollut vaiherikas ja ty\u00f6teli\u00e4s kes\u00e4, mutta olemme tyytyv\u00e4isi\u00e4 siihen, ett\u00e4 l\u00e4hdettiin t\u00e4h\u00e4n, Karjula summaa ensimm\u00e4ist\u00e4 kes\u00e4\u00e4ns\u00e4 helsinkil\u00e4isen Haltialan tilan is\u00e4nt\u00e4n\u00e4.<\/p>\n<p><strong class=\"diks-storyline__impact\">Yritt\u00e4j\u00e4n<\/strong> varovaisen arvion mukaan tilalla on vieraillut kolmen kuukauden aikana noin 200 000 ihmist\u00e4.<\/p>\n<p>Karjula huomauttaa, ett\u00e4 k\u00e4vij\u00e4m\u00e4\u00e4ri\u00e4 on vaikea arvioida, sill\u00e4 tilan alueella voi liikkua vapaasti.<\/p>\n<p>Aiemmin tilan omistanut Helsingin kaupunki on arvioinut tilan vuosittaiseksi k\u00e4vij\u00e4m\u00e4\u00e4r\u00e4ksi 200 000.<\/p>\n<p><strong class=\"diks-storyline__impact\">Karjula<\/strong> sanoo vain yhden asian yll\u00e4tt\u00e4neen:<\/p>\n<p>\u2013 Kyll\u00e4 se oli t\u00e4m\u00e4n kes\u00e4n sateisuus.<\/p>\n<p>Yritt\u00e4j\u00e4n tuntuman mukaan vett\u00e4 tuli keskim\u00e4\u00e4rin joka kolmas p\u00e4iv\u00e4.<\/p>\n<p>\u2013 Se tarkoitti sit\u00e4, ett\u00e4 v\u00e4ki l\u00e4htee kotiin tai eiv\u00e4t tule lainkaan paikalle.<\/p>\n<p>Asiakkaille tarkoitettuja sis\u00e4tiloja Haltialassa on v\u00e4h\u00e4n, ainoastaan kahvilarakennus.<\/p>\n<p>\u2013\u2009Jos kelit olisivat olleet paremmat, silloin v\u00e4ke\u00e4 olisi tietenkin ollut viel\u00e4 enemm\u00e4n.<\/p>\n<p>\t\t<a class=\"diks-gallery__link\" href=\"https:\/\/i.media.fi\/incoming\/rnqs4o\/11481579.jpg\/alternates\/FREE_1440\/11481579.jpg\" data-thumbnail=\"\" data-sub-html=\"Haltialan tilalle tule t\u00e4n\u00e4 kes\u00e4n\u00e4 alpakoita. Veeti Kajastie\" aria-label=\"Katso isompi kuva\" rel=\"nofollow noopener\" target=\"_blank\"><br \/>\n\t\t\t\t<img class=\"diks-figure__image\" src=\"https:\/\/www.europesays.com\/fi\/wp-content\/uploads\/2026\/08\/11481579.jpg\" loading=\"lazy\" decoding=\"sync\" alt=\"\"\/><\/p>\n<p>\t\t\t<\/a><br \/>\n\t\t\t\t\tHaltialan tilalle tule t\u00e4n\u00e4 kes\u00e4n\u00e4 alpakoita. Veeti Kajastie<\/p>\n<p><a href=\"https:\/\/www.helsinginuutiset.fi\/paikalliset\/9508171\" rel=\"nofollow noopener\" target=\"_blank\">Avausviikon<\/a><a href=\"https:\/\/www.helsinginuutiset.fi\/paikalliset\/9508171\" rel=\"nofollow noopener\" target=\"_blank\"> j\u00e4lkeen <\/a>suosituimpia p\u00e4ivi\u00e4 olivat lapsille suunnatut tapahtumat kuten lelujahti ja konep\u00e4iv\u00e4t, joissa lapsilla oli mahdollisuus tutustua maatilan ty\u00f6koneisiin.<\/p>\n<p>Lelujahti sai ik\u00e4v\u00e4n lieveilmi\u00f6n kun <a href=\"https:\/\/www.helsinginuutiset.fi\/paikalliset\/9618968\" rel=\"nofollow noopener\" target=\"_blank\">paikalle saapuneet aikuiset rohmusivat lapsille tarkoitettuja leluja. <\/a><\/p>\n<p>Jahtia ei en\u00e4\u00e4 j\u00e4rjestet\u00e4 samalla konseptilla.<\/p>\n<p><strong class=\"diks-storyline__impact\">Tilan<\/strong> m\u00f6nkij\u00e4rata<a href=\"https:\/\/www.helsinginuutiset.fi\/paikalliset\/9433537\" rel=\"nofollow noopener\" target=\"_blank\"> aiheutti huolta jo ennen tilan avaamista.<\/a><a href=\"https:\/\/www.helsinginuutiset.fi\/paikalliset\/9433537\" rel=\"nofollow noopener\" target=\"_blank\"> <\/a><\/p>\n<p>Rata kuitenkin toteutettiin, sill\u00e4 radalla ajetaan s\u00e4hk\u00f6m\u00f6nkij\u00f6ill\u00e4, joista ei l\u00e4hde meteli\u00e4.<\/p>\n<p>Karjulan tiedossa ei ole, ett\u00e4 rata olisi aiheuttanut valituksia. Maksullisista aktiviteeteista se on ollut suosituin.<\/p>\n<p>\t\t<a class=\"diks-gallery__link\" href=\"https:\/\/i.media.fi\/incoming\/9lg3xj\/11481574.jpg\/alternates\/FREE_1440\/11481574.jpg\" data-thumbnail=\"\" data-sub-html=\"Yritt\u00e4j\u00e4 kertoo lasten s\u00e4hk\u00f6m\u00f6nkij\u00e4radan olleen suosituin lasten maksullisista aktiviteeteista. Veeti Kajastie\" aria-label=\"Katso isompi kuva\" rel=\"nofollow noopener\" target=\"_blank\"><br \/>\n\t\t\t\t<img class=\"diks-figure__image\" src=\"https:\/\/www.europesays.com\/fi\/wp-content\/uploads\/2026\/08\/11481574.jpg\" loading=\"lazy\" decoding=\"sync\" alt=\"\"\/><\/p>\n<p>\t\t\t<\/a><br \/>\n\t\t\t\t\tYritt\u00e4j\u00e4 kertoo lasten s\u00e4hk\u00f6m\u00f6nkij\u00e4radan olleen suosituin lasten maksullisista aktiviteeteista. Veeti Kajastie<\/p>\n<p><strong class=\"diks-storyline__impact\">Kes\u00e4n <\/strong>aikana otsikoihin nousi my\u00f6s se, <a href=\"https:\/\/www.helsinginuutiset.fi\/paikalliset\/9557217\" rel=\"nofollow noopener\" target=\"_blank\">ettei tilalla ole en\u00e4\u00e4 anniskeluoikeuksia. <\/a><\/p>\n<p>Klaus Karjula <a href=\"https:\/\/yle.fi\/a\/74-20231655\" rel=\"nofollow noopener\" target=\"_blank\">kertoi Ylen jutussa kes\u00e4kuussa (Yle 20.6.),<\/a> ett\u00e4 nimenomaan anniskelun lopettamisesta on tullut eniten palautetta, niin positiivista kuin negatiivistakin.<\/p>\n<p>H\u00e4n perusteli alkoholittomuutta sill\u00e4, ett\u00e4 tila on lapsiperheiden paikka tutustua maatilaan ja el\u00e4imiin.<\/p>\n<p><strong class=\"diks-storyline__impact\">Karjula <\/strong>sanoo elokuun lopulla Helsingin Uutisille, ettei n\u00e4kemys ole muuttunut kes\u00e4n aikana.<\/p>\n<p>\u2013\u2009Sama konsepti meill\u00e4 on my\u00f6s pohjoisessa.<\/p>\n<p>Karjuloiden perheyritys py\u00f6ritt\u00e4\u00e4 my\u00f6s L\u00e4nnentilan el\u00e4myskeskusta Lumijoella Oulun l\u00e4hell\u00e4.<\/p>\n<p><strong class=\"diks-storyline__impact\">Kaupunki <\/strong>myi Haltialan tilan viime kev\u00e4\u00e4n\u00e4 uusille yritt\u00e4jille konseptikilpailun j\u00e4lkeen 200 000 eurolla.<\/p>\n<p>Tarkoitus oli s\u00e4ilytt\u00e4\u00e4 tila kaikille avoimena vierailukohteena ja toisaalta kehitt\u00e4\u00e4 alueelle uusia palveluita.<\/p>\n<p>Kauppaan kuului 31 rakennusta, joihin olisi mahdollistaa kehitt\u00e4\u00e4 uusia palveluita.<\/p>\n<p>\t\t<a class=\"diks-gallery__link\" href=\"https:\/\/i.media.fi\/incoming\/af43xv\/11291625.jpg\/alternates\/FREE_1440\/11291625.jpg\" data-thumbnail=\"\" data-sub-html=\"Helsingin kaupunki\" aria-label=\"Katso isompi kuva\" rel=\"nofollow noopener\" target=\"_blank\"><br \/>\n\t\t\t\t<img class=\"diks-figure__image\" src=\"https:\/\/www.europesays.com\/fi\/wp-content\/uploads\/2026\/08\/11291625.jpg\" loading=\"lazy\" decoding=\"sync\" alt=\"\"\/><\/p>\n<p>\t\t\t<\/a><br \/>\n\t\t\t\t\tHelsingin kaupunki<\/p>\n<p><strong class=\"diks-storyline__impact\">Kev\u00e4\u00e4ll\u00e4 <\/strong><a href=\"https:\/\/www.helsinginuutiset.fi\/paikalliset\/9212887?reload=true\" rel=\"nofollow noopener\" target=\"_blank\">Karjula ennakoi, ett\u00e4 rakennusten kunnostaminen alkaa uuden ravintolan rakentamisesta nykyisen kahvilarakennuksen viereen kes\u00e4kauden j\u00e4lkeen. <\/a><\/p>\n<p>T\u00e4m\u00e4n j\u00e4lkeen p\u00e4\u00e4st\u00e4isiin kunnostamaan vanhaa kahvilarakennusta.<\/p>\n<p>Varsinaisen tilan pihapiirin kunnostamisen j\u00e4lkeen kehitett\u00e4isiin Niskalaa ja viimeisen\u00e4 Kellarim\u00e4ke\u00e4.<\/p>\n<p>Niskalaan yritys kaavaili sauna- ja kahvilatoimintaa, Kellarim\u00e4keen taas majoitustoimintaa.<\/p>\n<p>\t\t<a class=\"diks-gallery__link\" href=\"https:\/\/i.media.fi\/incoming\/8rxvt6\/11290801.jpg\/alternates\/FREE_1440\/11290801.jpg\" data-thumbnail=\"\" data-sub-html=\"Havainnekuva Niskalan alueelle suunnitellusta saunasta. Havainnekuva\" aria-label=\"Katso isompi kuva\" rel=\"nofollow noopener\" target=\"_blank\"><br \/>\n\t\t\t\t<img class=\"diks-figure__image\" src=\"https:\/\/www.europesays.com\/fi\/wp-content\/uploads\/2026\/08\/11290801.jpg\" loading=\"lazy\" decoding=\"sync\" alt=\"\"\/><\/p>\n<p>\t\t\t<\/a><br \/>\n\t\t\t\t\tHavainnekuva Niskalan alueelle suunnitellusta saunasta. Havainnekuva<\/p>\n<p><strong class=\"diks-storyline__impact\">Nyt <\/strong>Karjula arvioi, ett\u00e4 uutta ravintolaa p\u00e4\u00e4st\u00e4\u00e4n rakentamaan vasta ensi tai sit\u00e4 seuraavana syksyn\u00e4.<\/p>\n<p>\u2013\u2009Kes\u00e4n kokemuksen perusteella nykyiset kahvila- ja ravintolapisteet pystyv\u00e4t palvelemaan hyvin isoa ihmism\u00e4\u00e4r\u00e4\u00e4.<\/p>\n<p>Ensi kes\u00e4lle suunnitellaan viljelytoiminnan aloittamista.<\/p>\n<p>\u2013\u2009Tarkoitus olisi alkaa viljell\u00e4 perunaa, sipulia, herneit\u00e4, mansikkaa..<\/p>\n<p>\u2013\u2009Haluamme tehd\u00e4 investoinnit sopivassa j\u00e4rjestyksess\u00e4 kokonaisuuden kannalta.<\/p>\n<p>\t\t<a class=\"diks-gallery__link\" href=\"https:\/\/i.media.fi\/incoming\/wrftpg\/11291587.jpg\/alternates\/FREE_1440\/11291587.jpg\" data-thumbnail=\"\" data-sub-html=\"Yritt\u00e4j\u00e4 Klaus Karjulan toiveissa on myyd\u00e4 oman tilan mansikoita Haltialassa ensi kes\u00e4n\u00e4. L\u00e4nnentila\" aria-label=\"Katso isompi kuva\" rel=\"nofollow noopener\" target=\"_blank\"><br \/>\n\t\t\t\t<img class=\"diks-figure__image\" src=\"https:\/\/www.europesays.com\/fi\/wp-content\/uploads\/2026\/08\/11291587.jpg\" loading=\"lazy\" decoding=\"sync\" alt=\"\"\/><\/p>\n<p>\t\t\t<\/a><br \/>\n\t\t\t\t\tYritt\u00e4j\u00e4 Klaus Karjulan toiveissa on myyd\u00e4 oman tilan mansikoita Haltialassa ensi kes\u00e4n\u00e4. L\u00e4nnentila<\/p>\n<p><strong class=\"diks-storyline__impact\">Kes\u00e4ll\u00e4 <\/strong>tilan palvelut olivat avoinna joka p\u00e4iv\u00e4. Nyt aukioloaikoja on hieman supistettu, optimaalisia aukioloaikoja haetaan:<\/p>\n<p>\u2013 Nyt n\u00e4ytt\u00e4\u00e4 silt\u00e4, ett\u00e4 pid\u00e4mme koko syyskuun tilan auki p\u00e4ivitt\u00e4in.<\/p>\n<p>Kahvila- ja ravintolapalvelut olisivat avoinna arkisin kello 11\u201319 ja viikonloppuisin kello 11\u201318.<\/p>\n<p>Lasten maksulliset aktiviteetit kuten minigolf, m\u00f6nkk\u00e4rirata ja trampoliinit ovat avoinna vain viikonloppuisin.<\/p>\n<p>Syyskuun puoliv\u00e4liin on suunnitteilla syysmarkkinat.<\/p>\n<p><strong class=\"diks-storyline__impact\">Loppuvuoden<\/strong> aukioloajoista Karjula sanoo, ett\u00e4 toiveissa on olla auki joka p\u00e4iv\u00e4.<\/p>\n<p>\u2013\u2009 Mutta etenemme kuukausi kerrallaan.<\/p>\n<p>Syyslomaviikolla ja joulunaikaan tilalla on varmasti ohjelmaa.<\/p>\n<p>\t\t\t\t\t<img class=\"diks-card__image\" src=\"https:\/\/www.europesays.com\/fi\/wp-content\/uploads\/2026\/08\/11432326.jpg\"   loading=\"lazy\" decoding=\"sync\" alt=\"\"\/><\/p>\n<p>\t\t\t\t\t<img class=\"diks-card__image\" src=\"https:\/\/www.europesays.com\/fi\/wp-content\/uploads\/2026\/08\/1787852660_53_11481579.jpg\"   loading=\"lazy\" decoding=\"sync\" alt=\"\"\/><\/p>\n<p>\t\t\t\t\t<img class=\"diks-card__image\" src=\"https:\/\/www.europesays.com\/fi\/wp-content\/uploads\/2026\/08\/1787852661_562_11481574.jpg\"   loading=\"lazy\" decoding=\"sync\" alt=\"\"\/><\/p>\n<p>\t\t\t\t\t<img class=\"diks-card__image\" src=\"https:\/\/www.europesays.com\/fi\/wp-content\/uploads\/2026\/08\/11194644.jpg\"   loading=\"lazy\" decoding=\"sync\" alt=\"\"\/><\/p>\n","protected":false},"excerpt":{"rendered":"Haltialan kotiel\u00e4intilan ensimm\u00e4inen kes\u00e4kausi alkaa olla takana uusien yritt\u00e4jien osalta. Tilaa py\u00f6ritt\u00e4v\u00e4n L\u00e4nnentila Oy:n toimitusjohtaja Klaus Karjula sanoo&hellip;\n","protected":false},"author":2,"featured_media":335105,"comment_status":"","ping_status":"","sticky":false,"template":"","format":"standard","meta":{"footnotes":"","_share_on_mastodon":"0"},"categories":[76],"tags":[79,77,33,31,30,2231,104,2353,952,402,900,2331,32,78],"class_list":["post-335104","post","type-post","status-publish","format-standard","has-post-thumbnail","category-talous","tag-business","tag-economy","tag-fi","tag-finland","tag-finnish","tag-helsingin-kaupunki","tag-helsinki","tag-hotellit-ja-majoitus","tag-oulu","tag-rakentaminen-kiinteistot","tag-ruoka","tag-ruoka-ja-juoma","tag-suomi","tag-talous"],"share_on_mastodon":{"url":"https:\/\/pubeurope.com\/@fi\/117168719433378790","error":""},"_links":{"self":[{"href":"https:\/\/www.europesays.com\/fi\/wp-json\/wp\/v2\/posts\/335104","targetHints":{"allow":["GET"]}}],"collection":[{"href":"https:\/\/www.europesays.com\/fi\/wp-json\/wp\/v2\/posts"}],"about":[{"href":"https:\/\/www.europesays.com\/fi\/wp-json\/wp\/v2\/types\/post"}],"author":[{"embeddable":true,"href":"https:\/\/www.europesays.com\/fi\/wp-json\/wp\/v2\/users\/2"}],"replies":[{"embeddable":true,"href":"https:\/\/www.europesays.com\/fi\/wp-json\/wp\/v2\/comments?post=335104"}],"version-history":[{"count":0,"href":"https:\/\/www.europesays.com\/fi\/wp-json\/wp\/v2\/posts\/335104\/revisions"}],"wp:featuredmedia":[{"embeddable":true,"href":"https:\/\/www.europesays.com\/fi\/wp-json\/wp\/v2\/media\/335105"}],"wp:attachment":[{"href":"https:\/\/www.europesays.com\/fi\/wp-json\/wp\/v2\/media?parent=335104"}],"wp:term":[{"taxonomy":"category","embeddable":true,"href":"https:\/\/www.europesays.com\/fi\/wp-json\/wp\/v2\/categories?post=335104"},{"taxonomy":"post_tag","embeddable":true,"href":"https:\/\/www.europesays.com\/fi\/wp-json\/wp\/v2\/tags?post=335104"}],"curies":[{"name":"wp","href":"https:\/\/api.w.org\/{rel}","templated":true}]}}