{"id":335250,"date":"2026-08-27T22:28:17","date_gmt":"2026-08-27T22:28:17","guid":{"rendered":"https:\/\/www.europesays.com\/fi\/335250\/"},"modified":"2026-08-27T22:28:17","modified_gmt":"2026-08-27T22:28:17","slug":"interin-eurotarina-oli-historiallisen-sykahdyttava-mutta-parkenin-viimeinen-luku-ei-tarjonnut-onnellista-loppua-ts-fi","status":"publish","type":"post","link":"https:\/\/www.europesays.com\/fi\/335250\/","title":{"rendered":"Interin eurotarina oli historiallisen syk\u00e4hdytt\u00e4v\u00e4, mutta Parkenin viimeinen luku ei tarjonnut onnellista loppua &#8211; ts.fi"},"content":{"rendered":"<ol>\n<li><a href=\"https:\/\/news.google.com\/rss\/articles\/CBMiQEFVX3lxTE85Z2Y0c2RhV0p5QUQ3ZzQyUE5HQVUwenE1blZxUTFYUGt5c1VXRzR4NXRvNGFlY2VsWkF3ZktjOEo?oc=5\" target=\"_blank\" rel=\"nofollow noopener\">Interin eurotarina oli historiallisen syk\u00e4hdytt\u00e4v\u00e4, mutta Parkenin viimeinen luku ei tarjonnut onnellista loppua<\/a>&nbsp;&nbsp;ts.fi<\/li>\n<li><a href=\"https:\/\/news.google.com\/rss\/articles\/CBMiQkFVX3lxTE9IcE1teVlHUjY3dGhKYWJlSzFQQWkzcTZrZ1Y1Z3ZEWWNQUHhWbFo0RDJVUTQzd3NLVFNqRUpjRzI0Zw?oc=5\" target=\"_blank\" rel=\"nofollow noopener\">Taas suomalaista jalkapallohistoriaa Parkenilla? Interin valmentaja ja kapteeni kertovat, miten Tanskan j\u00e4tti kaatuu<\/a>&nbsp;&nbsp;Yle<\/li>\n<li><a href=\"https:\/\/news.google.com\/rss\/articles\/CBMiSkFVX3lxTE5KNVlnZlA0dUJ1SVhEZEFIYmZ0ZVJUT2Vabjk5N1Q5NzNrUDNOaFoyZjY5SFNQMzdBX1p4YzJPWGZoTDJDYWpfYTF3?oc=5\" target=\"_blank\" rel=\"nofollow noopener\">Seuraamme urheilup\u00e4iv\u00e4\u00e4 | KuPS ja Inter taistelevat europaikoista<\/a>&nbsp;&nbsp;Etel\u00e4-Suomen Sanomat<\/li>\n<li><a href=\"https:\/\/news.google.com\/rss\/articles\/CBMimwFBVV95cUxNSDdoU1Ata3NrMHlkYXRnSGM3TTFpX2JnUFI0YXdVVmZmVUxJZDEtYnlESHd3SldLLTFXSDRqdGZIbUxIZDNqdk1jbUk2enJpLVRvQWxsemk4YUw0UFBVVDZzTW9QSTI1THZGcVJwT3VsNi1ZazNfTV95QlN3QWx0bUpOVG9DNVB2YndHS08xRGZNOVltUjk5Ynh5Yw?oc=5\" target=\"_blank\" rel=\"nofollow noopener\">FC K\u00f6\u00f6penhamina \u2013 Inter 27.8.2026 | Katso vetovihje &amp; kertoimet<\/a>&nbsp;&nbsp;Uhmapelaajat<\/li>\n<li><a href=\"https:\/\/news.google.com\/rss\/articles\/CBMijAFBVV95cUxOTnJLUXM4blRCbXpmQzVES2RZMi1aTnVXNXNYVTdsY1k4U1pXY3lNdkQzNEp4ZjZUN1VfTDZDN1M4anY2ZXlWOVNJZHJ6ajRFelc4RUI4dmxQa191dTlyVDdhVmsxOWFjQmprRkRfd1RVVHNtRG85UW1SMm1uYnV4TFV3eGdxN2VKWnlRRA?oc=5\" target=\"_blank\" rel=\"nofollow noopener\">FC Interin upea eurokes\u00e4 p\u00e4\u00e4ttyi K\u00f6\u00f6penhaminassa<\/a>&nbsp;&nbsp;SuomiFutis<\/li>\n<\/ol>\n","protected":false},"excerpt":{"rendered":"Interin eurotarina oli historiallisen syk\u00e4hdytt\u00e4v\u00e4, mutta Parkenin viimeinen luku ei tarjonnut onnellista loppua&nbsp;&nbsp;ts.fi Taas suomalaista jalkapallohistoriaa Parkenilla? Interin&hellip;\n","protected":false},"author":2,"featured_media":335251,"comment_status":"","ping_status":"","sticky":false,"template":"","format":"standard","meta":{"footnotes":"","_share_on_mastodon":"0"},"categories":[158],"tags":[35164,33,31,30,43,159,32,1014,160],"class_list":["post-335250","post","type-post","status-publish","format-standard","has-post-thumbnail","category-urheilu","tag-fc-inter","tag-fi","tag-finland","tag-finnish","tag-jalkapallo","tag-sports","tag-suomi","tag-tanska","tag-urheilu"],"share_on_mastodon":{"url":"https:\/\/pubeurope.com\/@fi\/117169835788257613","error":""},"_links":{"self":[{"href":"https:\/\/www.europesays.com\/fi\/wp-json\/wp\/v2\/posts\/335250","targetHints":{"allow":["GET"]}}],"collection":[{"href":"https:\/\/www.europesays.com\/fi\/wp-json\/wp\/v2\/posts"}],"about":[{"href":"https:\/\/www.europesays.com\/fi\/wp-json\/wp\/v2\/types\/post"}],"author":[{"embeddable":true,"href":"https:\/\/www.europesays.com\/fi\/wp-json\/wp\/v2\/users\/2"}],"replies":[{"embeddable":true,"href":"https:\/\/www.europesays.com\/fi\/wp-json\/wp\/v2\/comments?post=335250"}],"version-history":[{"count":0,"href":"https:\/\/www.europesays.com\/fi\/wp-json\/wp\/v2\/posts\/335250\/revisions"}],"wp:featuredmedia":[{"embeddable":true,"href":"https:\/\/www.europesays.com\/fi\/wp-json\/wp\/v2\/media\/335251"}],"wp:attachment":[{"href":"https:\/\/www.europesays.com\/fi\/wp-json\/wp\/v2\/media?parent=335250"}],"wp:term":[{"taxonomy":"category","embeddable":true,"href":"https:\/\/www.europesays.com\/fi\/wp-json\/wp\/v2\/categories?post=335250"},{"taxonomy":"post_tag","embeddable":true,"href":"https:\/\/www.europesays.com\/fi\/wp-json\/wp\/v2\/tags?post=335250"}],"curies":[{"name":"wp","href":"https:\/\/api.w.org\/{rel}","templated":true}]}}