{"id":335276,"date":"2026-08-27T23:21:18","date_gmt":"2026-08-27T23:21:18","guid":{"rendered":"https:\/\/www.europesays.com\/fi\/335276\/"},"modified":"2026-08-27T23:21:18","modified_gmt":"2026-08-27T23:21:18","slug":"joel-harkimon-deittielaman-paljastukset-mtvlla-uutta-vireilla","status":"publish","type":"post","link":"https:\/\/www.europesays.com\/fi\/335276\/","title":{"rendered":"Joel Harkimon deittiel\u00e4m\u00e4n paljastukset MTV:ll\u00e4 &#8211; Uutta vireill\u00e4!"},"content":{"rendered":"<p class=\"article-content article-content-width !bg-background\">Purjehtiva poliitikko <a alt=\"Haku\" class=\"text-primary-red font-extrabold\" href=\"https:\/\/www.seiska.fi\/haku?q=Joel Harkimo\" rel=\"nofollow noopener\" target=\"_blank\">Joel Harkimo<\/a>, 36, kertoi <a href=\"https:\/\/www.mtvuutiset.fi\/artikkeli\/joel-harkimo-vastaa-salaperaisesti-suhdeuteluihin-on-jotain-vireilla\/9383980\" target=\"_blank\" rel=\"nofollow noopener\">MTV:n Huomenta Suomessa<\/a> torstaina (27.8.) kokeneensa viimeaikoina virkistymist\u00e4 deittimaailmassa.<\/p>\n<p class=\"font-weight-bold m-font-weight-bold article-content article-content-width !bg-background\">Katso my\u00f6s! Joel Harkimo avasi veneens\u00e4 ovet Seiskalle:<\/p>\n<p class=\"article-content article-content-width !bg-background\">Meneill\u00e4\u00e4n on ollut Joelin mukaan &#8221;jotain pient\u00e4&#8221;.<\/p>\n<p class=\"article-content article-content-width !bg-background\"> \u2013\u00a0Tottakai jossain vaiheessa olisi kiva l\u00f6yt\u00e4\u00e4 el\u00e4m\u00e4\u00e4n joku kumppani. Olen piipahtanut deittiapeissa. On t\u00e4ss\u00e4 ollut jotain pient\u00e4. On v\u00e4h\u00e4n vireill\u00e4 t\u00e4ll\u00e4 hetkell\u00e4, joo, Joel vastasi uteluihin. <\/p>\n<p class=\"article-content article-content-width !bg-background\">Joel ja h\u00e4nen ex-vaimonsa <a alt=\"Haku\" class=\"text-primary-red font-extrabold\" href=\"https:\/\/www.seiska.fi\/haku?q=Janni Hussi\" rel=\"nofollow noopener\" target=\"_blank\">Janni Hussi<\/a> ilmoittivat erostaan viime kes\u00e4n\u00e4.\u00a0<\/p>\n<p class=\"article-content article-content-width !bg-background\">Eron j\u00e4lkeen Joelin suhdetilanne on yhdistetty muun muassa tanssija <a alt=\"Haku\" class=\"text-primary-red font-extrabold\" href=\"https:\/\/www.seiska.fi\/haku?q=Kastanja Rauhalaan\" rel=\"nofollow noopener\" target=\"_blank\">Kastanja Rauhalaan<\/a>.<\/p>\n<p class=\"article-content article-content-width !bg-background\">Seiskan paparazzi bongasi vuodenvaihteessa Jollen ja Tanssii t\u00e4htien kanssa -ohjelmasta tutun Kastanjan lentoasemalla saapuvien terminaalissa, kun he saapuivat Italiasta.<\/p>\n<p class=\"article-content article-content-width !bg-background\">Kaksikon v\u00e4lit eiv\u00e4t kuitenkaan ole Joelin mukaan romanttiset.<\/p>\n<p class=\"article-content article-content-width !bg-background\">\u2013 Me olemme ihan vaan yst\u00e4vi\u00e4, <a href=\"https:\/\/www.seiska.fi\/vain-seiskassa\/joel-harkimolta-suhdepaljastus-totuus-valeista-kastanjaan\/2227106\" target=\"_blank\" rel=\"nofollow noopener\">Joel lausui Seiskalle aiemmin elokuussa<\/a>.<\/p>\n<p class=\"article-content article-content-width !bg-background\">\u2013 Olen sinkku t\u00e4ll\u00e4 hetkell\u00e4, h\u00e4n totesi hitaasti sanojaan asetellen.<\/p>\n<p>                <img loading=\"lazy\" decoding=\"async\" src=\"https:\/\/www.europesays.com\/fi\/wp-content\/uploads\/2026\/08\/2246716.webp\" width=\"576\" height=\"720\" alt=\"Joel valmistautuu parhaillaan maailman ymp\u00e4ri kulkevaan Global Solo Challenge -purjehdukseen. L\u00e4ht\u00f6 on syksyll\u00e4 2027.\" \/>            <\/p>\n<p>\n            Joel valmistautuu parhaillaan maailman ymp\u00e4ri kulkevaan Global Solo Challenge -purjehdukseen. L\u00e4ht\u00f6 on syksyll\u00e4 2027.<br \/>\n            Matti Matikainen\n        <\/p>\n","protected":false},"excerpt":{"rendered":"Purjehtiva poliitikko Joel Harkimo, 36, kertoi MTV:n Huomenta Suomessa torstaina (27.8.) kokeneensa viimeaikoina virkistymist\u00e4 deittimaailmassa. Katso my\u00f6s! Joel&hellip;\n","protected":false},"author":2,"featured_media":335277,"comment_status":"","ping_status":"","sticky":false,"template":"","format":"standard","meta":{"footnotes":"","_share_on_mastodon":"0"},"categories":[130],"tags":[41616,137,33,31,30,2597,3520,3055,212,651,32,109],"class_list":["post-335276","post","type-post","status-publish","format-standard","has-post-thumbnail","category-viihde","tag-deittielama","tag-entertainment","tag-fi","tag-finland","tag-finnish","tag-janni-hussi","tag-joel-harkimo","tag-kastanja-rauhala","tag-lifestyle","tag-suhteet","tag-suomi","tag-viihde"],"share_on_mastodon":{"url":"https:\/\/pubeurope.com\/@fi\/117170044504578644","error":""},"_links":{"self":[{"href":"https:\/\/www.europesays.com\/fi\/wp-json\/wp\/v2\/posts\/335276","targetHints":{"allow":["GET"]}}],"collection":[{"href":"https:\/\/www.europesays.com\/fi\/wp-json\/wp\/v2\/posts"}],"about":[{"href":"https:\/\/www.europesays.com\/fi\/wp-json\/wp\/v2\/types\/post"}],"author":[{"embeddable":true,"href":"https:\/\/www.europesays.com\/fi\/wp-json\/wp\/v2\/users\/2"}],"replies":[{"embeddable":true,"href":"https:\/\/www.europesays.com\/fi\/wp-json\/wp\/v2\/comments?post=335276"}],"version-history":[{"count":0,"href":"https:\/\/www.europesays.com\/fi\/wp-json\/wp\/v2\/posts\/335276\/revisions"}],"wp:featuredmedia":[{"embeddable":true,"href":"https:\/\/www.europesays.com\/fi\/wp-json\/wp\/v2\/media\/335277"}],"wp:attachment":[{"href":"https:\/\/www.europesays.com\/fi\/wp-json\/wp\/v2\/media?parent=335276"}],"wp:term":[{"taxonomy":"category","embeddable":true,"href":"https:\/\/www.europesays.com\/fi\/wp-json\/wp\/v2\/categories?post=335276"},{"taxonomy":"post_tag","embeddable":true,"href":"https:\/\/www.europesays.com\/fi\/wp-json\/wp\/v2\/tags?post=335276"}],"curies":[{"name":"wp","href":"https:\/\/api.w.org\/{rel}","templated":true}]}}