{"id":335308,"date":"2026-08-28T00:18:10","date_gmt":"2026-08-28T00:18:10","guid":{"rendered":"https:\/\/www.europesays.com\/fi\/335308\/"},"modified":"2026-08-28T00:18:10","modified_gmt":"2026-08-28T00:18:10","slug":"kymmenien-jarjestojen-kannanotossa-vaaditaan-vakivallan-ehkaisyn-leikkaamisen-lopettamista-suomessa-tapettu-tana-vuonna-ennatysmaara-naisia-uutissuomalainen","status":"publish","type":"post","link":"https:\/\/www.europesays.com\/fi\/335308\/","title":{"rendered":"Kymmenien j\u00e4rjest\u00f6jen kannanotossa vaaditaan v\u00e4kivallan ehk\u00e4isyn leikkaamisen lopettamista \u2013 Suomessa tapettu t\u00e4n\u00e4 vuonna enn\u00e4tysm\u00e4\u00e4r\u00e4 naisia | Uutissuomalainen"},"content":{"rendered":"<p>J\u00e4rjest\u00f6t ovat allekirjoittaneet yhteisen kannanoton, jossa vaaditaan hallitusta lopettamaan v\u00e4kivaltaa ehk\u00e4isevien j\u00e4rjest\u00f6jen rahoituksen leikkaaminen, <a href=\"https:\/\/www.sttinfo.fi\/tiedote\/72268932\/jarjestojen-yhteinen-kannanotto-vakivallan-ehkaisysta-ei-saa-leikata?publisherId=69820901&amp;lang=fi\" rel=\"nofollow noopener\" target=\"_blank\">kertoo<\/a> Naisj\u00e4rjest\u00f6jen Keskusliitto. Kannanotossa on mukana 22 j\u00e4rjest\u00f6\u00e4.<\/p>\n<p>T\u00e4n\u00e4 vuonna elokuuhun menness\u00e4 tapettu enn\u00e4tysm\u00e4\u00e4r\u00e4, yhteens\u00e4 15 naista, nykyisen tai entisen kumppanin toimesta. M\u00e4\u00e4r\u00e4 vastaa noin kaksi naista kuukaudessa.<\/p>\n<p>V\u00e4kivalta aiheuttaa inhimillist\u00e4 k\u00e4rsimyst\u00e4 ja merkitt\u00e4vi\u00e4 kustannuksia. Sen v\u00e4hent\u00e4miseksi on huolehdittava siit\u00e4, ett\u00e4 kaikki v\u00e4kivallan osapuolet saavat tarvitsemansa avun, kannanotossa kerrotaan.<\/p>\n<p><strong class=\"diks-storyline__impact\">Pelkk\u00e4 lains\u00e4\u00e4d\u00e4nt\u00f6<\/strong> tai rangaistusten koventaminen ei lopeta j\u00e4rjest\u00f6jen mukaan v\u00e4kivaltaa, vaan v\u00e4kivaltaisten toimintamallien muuttaminen vaatii aikaa, ammatillista tukea ja pitk\u00e4j\u00e4nteist\u00e4 ty\u00f6skentely\u00e4.<\/p>\n<p>Suomi on sitoutunut Istanbulin sopimukseen ja v\u00e4kivallan ehk\u00e4isyyn, ja tehnyt viime vuonna toimeenpanosuunnitelman GREVIO:n suositusten perusteella. GREVIO on Euroopan neuvoston riippumaton asiantuntijaryhm\u00e4, joka valvoo Istanbulin sopimuksen t\u00e4yt\u00e4nt\u00f6\u00f6npanoa.<\/p>\n<p>N\u00e4it\u00e4 velvoitteita ei voida j\u00e4rjest\u00f6jen mukaan t\u00e4ytt\u00e4\u00e4 heikent\u00e4m\u00e4ll\u00e4 toimijoita, jotka tekev\u00e4t v\u00e4kivallan vastaista ty\u00f6t\u00e4. Hyvinvointialueilla ei ole valmiita rakenteita eik\u00e4 resursseja korvata j\u00e4rjest\u00f6jen erityisosaamista, kannanotossa kerrotaan.<\/p>\n<p><strong class=\"diks-storyline__impact\">Kun j\u00e4rjest\u00f6jen rahoituksesta<\/strong> leikataan, ty\u00f6 ei siirry muualle, vaan j\u00e4\u00e4 kokonaan tekem\u00e4tt\u00e4, j\u00e4rjest\u00f6t kertovat. Leikkaukset lis\u00e4\u00e4v\u00e4t huomattavasti yhteiskunnallisia kustannuksia ja turvattomuutta, huono-osaisuutta ja eriarvoisuutta, kannanotossa kerrotaan.<\/p>\n<p>J\u00e4rjest\u00f6t vaativat hallitusta sitoutumaan Istanbulin sopimukseen ja arvioimaan j\u00e4rjest\u00f6ihin kohdistuvien leikkausten vaikutukset uudelleen ja turvaamaan v\u00e4kivallan ehk\u00e4isyn, v\u00e4kivallan kokijoiden tukemisen sek\u00e4 tekij\u00e4ty\u00f6n jatkuvuuden.<\/p>\n<p>V\u00e4kivallan ehk\u00e4isy ei ole menoer\u00e4, kannanotossa huomautetaan.<\/p>\n","protected":false},"excerpt":{"rendered":"J\u00e4rjest\u00f6t ovat allekirjoittaneet yhteisen kannanoton, jossa vaaditaan hallitusta lopettamaan v\u00e4kivaltaa ehk\u00e4isevien j\u00e4rjest\u00f6jen rahoituksen leikkaaminen, kertoo Naisj\u00e4rjest\u00f6jen Keskusliitto. Kannanotossa&hellip;\n","protected":false},"author":2,"featured_media":335309,"comment_status":"","ping_status":"","sticky":false,"template":"","format":"standard","meta":{"footnotes":"","_share_on_mastodon":"0"},"categories":[14],"tags":[22,23,26,27,33,31,30,863,17,4738,24,25,28,29,15,18,21,637,103,32,167,19,20,939,56,16,59,60,61,796],"class_list":["post-335308","post","type-post","status-publish","format-standard","has-post-thumbnail","category-ulkomaat","tag-breaking-news","tag-breakingnews","tag-featured-news","tag-featurednews","tag-fi","tag-finland","tag-finnish","tag-hallitus","tag-headlines","tag-jarjestotoiminta","tag-latest-news","tag-latestnews","tag-main-news","tag-mainnews","tag-news","tag-otsikot","tag-paauutiset","tag-politiikka","tag-sosiaalikysymykset","tag-suomi","tag-terveys","tag-top-stories","tag-topstories","tag-tyo","tag-ulkomaat","tag-uutiset","tag-world","tag-world-news","tag-worldnews","tag-yhteiskunta"],"share_on_mastodon":{"url":"","error":"Validation failed: Text character limit of 500 exceeded"},"_links":{"self":[{"href":"https:\/\/www.europesays.com\/fi\/wp-json\/wp\/v2\/posts\/335308","targetHints":{"allow":["GET"]}}],"collection":[{"href":"https:\/\/www.europesays.com\/fi\/wp-json\/wp\/v2\/posts"}],"about":[{"href":"https:\/\/www.europesays.com\/fi\/wp-json\/wp\/v2\/types\/post"}],"author":[{"embeddable":true,"href":"https:\/\/www.europesays.com\/fi\/wp-json\/wp\/v2\/users\/2"}],"replies":[{"embeddable":true,"href":"https:\/\/www.europesays.com\/fi\/wp-json\/wp\/v2\/comments?post=335308"}],"version-history":[{"count":0,"href":"https:\/\/www.europesays.com\/fi\/wp-json\/wp\/v2\/posts\/335308\/revisions"}],"wp:featuredmedia":[{"embeddable":true,"href":"https:\/\/www.europesays.com\/fi\/wp-json\/wp\/v2\/media\/335309"}],"wp:attachment":[{"href":"https:\/\/www.europesays.com\/fi\/wp-json\/wp\/v2\/media?parent=335308"}],"wp:term":[{"taxonomy":"category","embeddable":true,"href":"https:\/\/www.europesays.com\/fi\/wp-json\/wp\/v2\/categories?post=335308"},{"taxonomy":"post_tag","embeddable":true,"href":"https:\/\/www.europesays.com\/fi\/wp-json\/wp\/v2\/tags?post=335308"}],"curies":[{"name":"wp","href":"https:\/\/api.w.org\/{rel}","templated":true}]}}