{"id":335314,"date":"2026-08-28T00:39:18","date_gmt":"2026-08-28T00:39:18","guid":{"rendered":"https:\/\/www.europesays.com\/fi\/335314\/"},"modified":"2026-08-28T00:39:18","modified_gmt":"2026-08-28T00:39:18","slug":"lauri-markkasen-kasieleen-naki-koko-veikkaus-areena-nyt-han-selittaa","status":"publish","type":"post","link":"https:\/\/www.europesays.com\/fi\/335314\/","title":{"rendered":"Lauri Markkasen k\u00e4sieleen n\u00e4ki koko Veikkaus-areena \u2013 Nyt h\u00e4n selitt\u00e4\u00e4"},"content":{"rendered":"<p>Markkanen my\u00f6nsi Ruotsin nerokkuuden.<\/p>\n<p class=\"paragraph\"><a href=\"https:\/\/www.iltalehti.fi\/henkilot\/Lauri Markkanen\" class=\"article-link-person-page\" rel=\"nofollow noopener\" target=\"_blank\">Lauri Markkasen<\/a> p\u00e4reet paloivat totaalisesti Ruotsia vastaan k\u00e4ydyss\u00e4 koripallon MM-karsintaottelussa. Loppulukemat merkittiin l\u00e4nsinaapurille 86\u201381.<\/p>\n<p class=\"paragraph\">Suomalaist\u00e4hti heilutteli k\u00e4si\u00e4\u00e4n hurjasti yl\u00f6s ja alas, kun ottelun tuomari vihelsi h\u00e4nelle rikkeen <strong>Bobi Klintmania<\/strong> vastaan. Markkanen itse koki, ett\u00e4 Klintman oli syyllistynyt rikkeeseen. <a href=\"https:\/\/www.iltalehti.fi\/koripallo\/6cd7dda8-feb2-4f55-9c06-c7a4f86afe87\" rel=\"nofollow noopener\" target=\"_blank\">Ruotsalaisen kasvoille v\u00e4l\u00e4hti ilkikurinen hymy<\/a>.<\/p>\n<p class=\"paragraph\">Suurieleinen protestointi ei takuulla j\u00e4\u00e4nyt kenelt\u00e4k\u00e4\u00e4n Veikkaus-areenassa huomaamatta.<\/p>\n<p class=\"paragraph\">\u2013 T\u00e4m\u00e4 on tunteiden peli. Niit\u00e4 pit\u00e4\u00e4 pysty\u00e4 hallitsemaan. Jos t\u00e4mm\u00f6isess\u00e4 t\u00e4yteen myydyss\u00e4 Veikkaus-areenan peliss\u00e4 ei ole tunteet pinnassa, sitten voi katsoa peiliin, Markkanen kommentoi purkaustaan.<\/p>\n<p><img decoding=\"async\" class=\"image image-show image-preview\" src=\"https:\/\/www.europesays.com\/fi\/wp-content\/uploads\/2026\/08\/5b15158105cb97da53a6cb801da90d3a1c2fbd2d6c6227fc26d8a33ebfc98f2c.jpg\" alt=\"\"\/><img decoding=\"async\" class=\"image image-show\" src=\"https:\/\/www.europesays.com\/fi\/wp-content\/uploads\/2026\/08\/1787877558_206_5b15158105cb97da53a6cb801da90d3a1c2fbd2d6c6227fc26d8a33ebfc98f2c.jpg\" alt=\"\"\/><\/p>\n<p>Lauri Markkanen joutui tiukkaan puristukseen. Jenni G\u00e4stgivar<\/p>\n<p class=\"paragraph\">NBA-t\u00e4hti pohti, ett\u00e4 pelin kuumeneminen olisi voinut jopa sopia h\u00e4nelle. Heti Klintman-episodista sisuunnuttuaan Markkanen upotti pari illan harvoista pisteist\u00e4\u00e4n.<\/p>\n<p class=\"paragraph\">\u2013 Totta kai sit\u00e4 voisi j\u00e4lkik\u00e4teen sanoa, ett\u00e4 kyll\u00e4 [sellainen olisi sopinut]. Mutta kyll\u00e4 meid\u00e4n joukkue on tosi tunnepitoinen. Haluamme kaikki voittaa. Ei se siit\u00e4 j\u00e4\u00e4 kiinni.<\/p>\n<p>Ruotsi koulutti<\/p>\n<p class=\"paragraph\">Ruotsin <a href=\"https:\/\/www.iltalehti.fi\/henkilot\/Viktor Gaddefors\" class=\"article-link-person-page\" rel=\"nofollow noopener\" target=\"_blank\">Viktor Gaddefors<\/a>, <strong>Denzel Andersson<\/strong> ja muut j\u00e4rk\u00e4leet onnistuivat piment\u00e4m\u00e4\u00e4n Suomen suurimman t\u00e4hden. H\u00e4n ker\u00e4si lopulta vain 11 pistett\u00e4.<\/p>\n<p class=\"paragraph\">\u2013 Ruotsi oli fyysinen. Emme saaneet luotua palloscreenist\u00e4 niin paljoa etua kuin olisimme halunneet. He saivat meid\u00e4t ulos pelipaikoiltamme ja kiireeseen, Markkanen arvioi.<\/p>\n<p class=\"paragraph\">\u2013 Hy\u00f6kk\u00e4ysaikaa on kuitenkin paljon, niin olisi pit\u00e4nyt rauhoittua ja pelata omalla tempolla. He laittoivat meid\u00e4t nopeuttamaan peli\u00e4mme.<\/p>\n<p>Ruotsi jakoi suomalaisille makuupaikkoja. Jenni G\u00e4stgivar<\/p>\n<p class=\"paragraph\">Markkanen pelasi suomalaisista eniten (31.45), mutta h\u00e4nk\u00e4\u00e4n ei voinut huhkia kent\u00e4ll\u00e4 m\u00e4\u00e4r\u00e4\u00e4ns\u00e4 enemp\u00e4\u00e4 loppukirin aikana.<\/p>\n<p class=\"paragraph\">\u2013 Aina sit\u00e4 haluaisi pelata niin paljon kuin mahdollista. Koin, ett\u00e4 ei ollut ehk\u00e4 sellaista rytmi\u00e4 hy\u00f6kk\u00e4ysp\u00e4\u00e4ss\u00e4, niin yritin saada sellaista luotua. Aika alkoi kuitenkin juosta loppuun.<\/p>\n<p class=\"paragraph\">\u2013 Koin, ett\u00e4 pystyn vaikuttamaan peliin, mutta ymm\u00e4rr\u00e4n, ettei sellaista intensiteetti\u00e4 pysty yll\u00e4pit\u00e4m\u00e4\u00e4n.<\/p>\n","protected":false},"excerpt":{"rendered":"Markkanen my\u00f6nsi Ruotsin nerokkuuden. Lauri Markkasen p\u00e4reet paloivat totaalisesti Ruotsia vastaan k\u00e4ydyss\u00e4 koripallon MM-karsintaottelussa. Loppulukemat merkittiin l\u00e4nsinaapurille 86\u201381.&hellip;\n","protected":false},"author":2,"featured_media":335315,"comment_status":"","ping_status":"","sticky":false,"template":"","format":"standard","meta":{"footnotes":"","_share_on_mastodon":"0"},"categories":[158],"tags":[35,1274,33,31,30,1511,41,159,32,160,2957,161],"class_list":["post-335314","post","type-post","status-publish","format-standard","has-post-thumbnail","category-urheilu","tag-24h","tag-ammattiurheilu","tag-fi","tag-finland","tag-finnish","tag-joukkoviestinta","tag-liikunta-ja-urheilu","tag-sports","tag-suomi","tag-urheilu","tag-urheilujarjestot","tag-urheilutapahtumat"],"share_on_mastodon":{"url":"https:\/\/pubeurope.com\/@fi\/117170351204373537","error":""},"_links":{"self":[{"href":"https:\/\/www.europesays.com\/fi\/wp-json\/wp\/v2\/posts\/335314","targetHints":{"allow":["GET"]}}],"collection":[{"href":"https:\/\/www.europesays.com\/fi\/wp-json\/wp\/v2\/posts"}],"about":[{"href":"https:\/\/www.europesays.com\/fi\/wp-json\/wp\/v2\/types\/post"}],"author":[{"embeddable":true,"href":"https:\/\/www.europesays.com\/fi\/wp-json\/wp\/v2\/users\/2"}],"replies":[{"embeddable":true,"href":"https:\/\/www.europesays.com\/fi\/wp-json\/wp\/v2\/comments?post=335314"}],"version-history":[{"count":0,"href":"https:\/\/www.europesays.com\/fi\/wp-json\/wp\/v2\/posts\/335314\/revisions"}],"wp:featuredmedia":[{"embeddable":true,"href":"https:\/\/www.europesays.com\/fi\/wp-json\/wp\/v2\/media\/335315"}],"wp:attachment":[{"href":"https:\/\/www.europesays.com\/fi\/wp-json\/wp\/v2\/media?parent=335314"}],"wp:term":[{"taxonomy":"category","embeddable":true,"href":"https:\/\/www.europesays.com\/fi\/wp-json\/wp\/v2\/categories?post=335314"},{"taxonomy":"post_tag","embeddable":true,"href":"https:\/\/www.europesays.com\/fi\/wp-json\/wp\/v2\/tags?post=335314"}],"curies":[{"name":"wp","href":"https:\/\/api.w.org\/{rel}","templated":true}]}}