{"id":335324,"date":"2026-08-28T00:46:15","date_gmt":"2026-08-28T00:46:15","guid":{"rendered":"https:\/\/www.europesays.com\/fi\/335324\/"},"modified":"2026-08-28T00:46:15","modified_gmt":"2026-08-28T00:46:15","slug":"sami-pajari-nautti-harvinaisesta-hengahdystauosta-nyt-edessa-voi-olla-taysi-kaaos","status":"publish","type":"post","link":"https:\/\/www.europesays.com\/fi\/335324\/","title":{"rendered":"Sami Pajari nautti harvinaisesta heng\u00e4hdystauosta \u2013 nyt edess\u00e4 voi olla \u201dt\u00e4ysi kaaos\u201d"},"content":{"rendered":"<p class=\"wp-block-paragraph\">Rallin MM-sarja jatkuu tulevana viikonloppuna Paraguayn osakilpailulla. Kuljettajilla ja tiimeill\u00e4 on allaan mukava kolmen viikon kilpailutauko, joten akut pit\u00e4isi olla nyt ladattuna kauden loppurutistusta varten.<\/p>\n<p class=\"wp-block-paragraph\">Toyotan <strong>Sami Pajari<\/strong> sanoi suoraan, ett\u00e4 ensimm\u00e4inen \u201dlomaviikko\u201d meni puhtaasti lev\u00e4tess\u00e4.<\/p>\n<p class=\"wp-block-paragraph\">\u2013 T\u00e4m\u00e4 kausi \u2013 ja toki kaikki kaudet \u2013 on todella, todella kiireinen, mutta jotenkin tuntuu, ett\u00e4 t\u00e4m\u00e4 vuosi on ollut viel\u00e4 tavallistakin intensiivisempi. On tietysti mukavaa saada v\u00e4lill\u00e4 v\u00e4h\u00e4n aikaa lev\u00e4t\u00e4.<\/p>\n<p class=\"wp-block-paragraph\">\u2013 Mutta rajan l\u00f6yt\u00e4minen on aina hankalaa, koska ty\u00f6 on jotain, mist\u00e4 todella nautin. Sit\u00e4 odottaa aina seuraavaa rallia ja haluaa p\u00e4\u00e4st\u00e4 takaisin tositoimiin. Pitk\u00e4ll\u00e4 aikav\u00e4lill\u00e4 on kuitenkin mielest\u00e4ni todella t\u00e4rke\u00e4\u00e4 v\u00e4lill\u00e4 olla tekem\u00e4tt\u00e4 yht\u00e4\u00e4n mit\u00e4\u00e4n ja rentoutua hieman. Sen j\u00e4lkeen on viel\u00e4 mukavampaa palata takaisin, suomalaiskuski puntaroi.<\/p>\n<p class=\"wp-block-paragraph\">Pajari l\u00e4hti kes\u00e4tauolle kahden voiton saattelemana, kun ensin hein\u00e4kuussa ajetusta Viron osakilpailusta irtosi uran ensimm\u00e4inen WRC-voitto ja elokuun alussa Pajari juhli Jyv\u00e4skyl\u00e4ss\u00e4 Suomen MM-rallin voittoa.<\/p>\n<p class=\"wp-block-paragraph\">\u2013 Oli mukavaa, ett\u00e4 saimme mahdollisuuden juhlia kunnolla yhdess\u00e4 tiimin kanssa, koska Suomi on k\u00e4yt\u00e4nn\u00f6ss\u00e4 tiimin toinen koti. Suurin osa tiimist\u00e4 oli viel\u00e4 paikan p\u00e4\u00e4ll\u00e4, joten pystyimme juhlimaan yhdess\u00e4 heid\u00e4n kanssaan, mik\u00e4 oli todella hienoa. Sunnuntai-iltana juhlimme sitten ihan kunnolla.<\/p>\n<p class=\"wp-block-paragraph\">\u2013 En sano, ett\u00e4 olisin k\u00e4ytt\u00e4nyt koko seuraavan viikon siit\u00e4 toipumiseen, mutta meill\u00e4 oli kyll\u00e4 hyv\u00e4t juhlat, Pajari naurahtaa.<\/p>\n<p class=\"wp-block-paragraph\">Pajari on ollut t\u00e4ll\u00e4 kaudella uskomattoman kovassa ja ennen kaikkea tasaisessa vireess\u00e4. Toyota-kuski on napsinut palkintokorokesijoituksia liukuhihnalta ja on noussut MM-pistetilanteessa jo toiseksi.<\/p>\n<p class=\"wp-block-paragraph\">K\u00e4rjess\u00e4 olevaan tiimikaveri <strong>Elfyn Evansiin<\/strong> on eroa 30 pistett\u00e4. Pajari ei ota tilanteesta ylim\u00e4\u00e4r\u00e4ist\u00e4 painetta, vaikka h\u00e4net nostetaankin Paraguayn kisan voittajasuosikiksi.<\/p>\n<p class=\"wp-block-paragraph\">\u2013 Meill\u00e4 on ollut todella hyv\u00e4 putki jo melko pitk\u00e4\u00e4n, tietenkin nyt kahden voiton my\u00f6t\u00e4. Mutta jo ennen niit\u00e4kin meill\u00e4 meni hyvin.<\/p>\n<p class=\"wp-block-paragraph\">\u2013 Ja on hienoa olla mukana mestaruustaistelussa, jos sit\u00e4 haluaa siksi kutsua. Olemme nyt toisena. Siin\u00e4 ei mielest\u00e4ni ole mit\u00e4\u00e4n salaisuutta. Minun t\u00e4ytyy vain jatkaa t\u00e4sm\u00e4lleen samalla tavalla kuin olemme t\u00e4h\u00e4nkin asti tehneet.<\/p>\n<p class=\"wp-block-paragraph\">Paraguayn kisasta Pajari odottaa haastavaa, varsinkin jo ennusteissa luvatut sateet iskev\u00e4t rallireitille.<\/p>\n<p class=\"wp-block-paragraph\">\u2013 Joku sanoi, ett\u00e4 t\u00e4st\u00e4 voi tulla melkein toinen Kenia. Jos sade tulee, olosuhteista voi tulla \u00e4\u00e4rimm\u00e4isen vaikeat. Huominen vaikuttaa viel\u00e4 hieman suoraviivaisemmalta, vaikka t\u00e4\u00e4ll\u00e4kin haasteita riitt\u00e4\u00e4 lukuisten hyppyjen ja painanteiden vuoksi.<\/p>\n<p class=\"wp-block-paragraph\">\u2013 My\u00f6s rengasrikkoja voi tulla paljon. T\u00e4st\u00e4 ei siis miss\u00e4\u00e4n nimess\u00e4 tule helppoa. Mutta etenkin jos sade saapuu lauantaina, sunnuntaista tulee todenn\u00e4k\u00f6isesti t\u00e4ysi kaaos, Pajari ennakoi.<\/p>\n","protected":false},"excerpt":{"rendered":"Rallin MM-sarja jatkuu tulevana viikonloppuna Paraguayn osakilpailulla. Kuljettajilla ja tiimeill\u00e4 on allaan mukava kolmen viikon kilpailutauko, joten akut&hellip;\n","protected":false},"author":2,"featured_media":335325,"comment_status":"","ping_status":"","sticky":false,"template":"","format":"standard","meta":{"footnotes":"","_share_on_mastodon":"0"},"categories":[5],"tags":[22,23,6556,26,27,33,31,30,17,24,25,28,29,15,18,21,6120,3540,5803,32,19,20,4600,16],"class_list":["post-335324","post","type-post","status-publish","format-standard","has-post-thumbnail","category-otsikot","tag-breaking-news","tag-breakingnews","tag-elfyn-evans","tag-featured-news","tag-featurednews","tag-fi","tag-finland","tag-finnish","tag-headlines","tag-latest-news","tag-latestnews","tag-main-news","tag-mainnews","tag-news","tag-otsikot","tag-paauutiset","tag-paraguayn-mm-ralli","tag-rallin-mm-sarja","tag-sami-pajari","tag-suomi","tag-top-stories","tag-topstories","tag-toyota-gazoo-racing","tag-uutiset"],"share_on_mastodon":{"url":"https:\/\/pubeurope.com\/@fi\/117170378285676321","error":""},"_links":{"self":[{"href":"https:\/\/www.europesays.com\/fi\/wp-json\/wp\/v2\/posts\/335324","targetHints":{"allow":["GET"]}}],"collection":[{"href":"https:\/\/www.europesays.com\/fi\/wp-json\/wp\/v2\/posts"}],"about":[{"href":"https:\/\/www.europesays.com\/fi\/wp-json\/wp\/v2\/types\/post"}],"author":[{"embeddable":true,"href":"https:\/\/www.europesays.com\/fi\/wp-json\/wp\/v2\/users\/2"}],"replies":[{"embeddable":true,"href":"https:\/\/www.europesays.com\/fi\/wp-json\/wp\/v2\/comments?post=335324"}],"version-history":[{"count":0,"href":"https:\/\/www.europesays.com\/fi\/wp-json\/wp\/v2\/posts\/335324\/revisions"}],"wp:featuredmedia":[{"embeddable":true,"href":"https:\/\/www.europesays.com\/fi\/wp-json\/wp\/v2\/media\/335325"}],"wp:attachment":[{"href":"https:\/\/www.europesays.com\/fi\/wp-json\/wp\/v2\/media?parent=335324"}],"wp:term":[{"taxonomy":"category","embeddable":true,"href":"https:\/\/www.europesays.com\/fi\/wp-json\/wp\/v2\/categories?post=335324"},{"taxonomy":"post_tag","embeddable":true,"href":"https:\/\/www.europesays.com\/fi\/wp-json\/wp\/v2\/tags?post=335324"}],"curies":[{"name":"wp","href":"https:\/\/api.w.org\/{rel}","templated":true}]}}