{"id":335336,"date":"2026-08-28T01:11:13","date_gmt":"2026-08-28T01:11:13","guid":{"rendered":"https:\/\/www.europesays.com\/fi\/335336\/"},"modified":"2026-08-28T01:11:13","modified_gmt":"2026-08-28T01:11:13","slug":"savupiippuun-kiivenneet-ymparistoaktivistit-pysayttivat-ruotsin-laivan-tukholmassa-uutissuomalainen","status":"publish","type":"post","link":"https:\/\/www.europesays.com\/fi\/335336\/","title":{"rendered":"Savupiippuun kiivenneet ymp\u00e4rist\u00f6aktivistit pys\u00e4yttiv\u00e4t Ruotsin-laivan Tukholmassa | Uutissuomalainen"},"content":{"rendered":"<p>Ymp\u00e4rist\u00f6aktivistit viiv\u00e4styttiv\u00e4t Viking Linen matkustajalaivan l\u00e4ht\u00f6\u00e4 Tukholmasta. Cinderellan oli tarkoitus l\u00e4hte\u00e4 kohti Suomea t\u00e4n\u00e4\u00e4n puoli viidelt\u00e4 iltap\u00e4iv\u00e4ll\u00e4 paikallista aikaa. Aktivisteja kiipesi laivan savupiippuun ja kiinnitti siihen tekstikankaan, jossa vaadittiin sek\u00e4 suomeksi ett\u00e4 ruotsiksi Neovaa pois Ruotsista.<\/p>\n<p>Tempauksen tekij\u00e4ksi ilmoittautui <a href=\"https:\/\/aterstallvatmarker.se\/\" rel=\"nofollow noopener\" target=\"_blank\">\u00c5terst\u00e4ll V\u00e5tmarke<\/a>r -ryhm\u00e4. Liike kertoi vastustavansa suomalaisen valtionyhti\u00f6n Neovan turpeennostoa Ruotsissa.<\/p>\n<p>\u00c5terst\u00e4ll V\u00e5tmarkerin ja Elokapinan aktivistit sotkivat Eduskuntatalon pylv\u00e4\u00e4t punaisella maalilla syksyll\u00e4 2024 vastalauseena turpeen noston jatkumiselle.<\/p>\n<p>Viking Linen viestinn\u00e4st\u00e4 kerrottiin illalla STT:lle, ett\u00e4 laivan l\u00e4ht\u00f6 my\u00f6h\u00e4styi noin tunnilla, ja viiv\u00e4styst\u00e4 kirit\u00e4\u00e4n kiinni matkan aikana.<\/p>\n","protected":false},"excerpt":{"rendered":"Ymp\u00e4rist\u00f6aktivistit viiv\u00e4styttiv\u00e4t Viking Linen matkustajalaivan l\u00e4ht\u00f6\u00e4 Tukholmasta. Cinderellan oli tarkoitus l\u00e4hte\u00e4 kohti Suomea t\u00e4n\u00e4\u00e4n puoli viidelt\u00e4 iltap\u00e4iv\u00e4ll\u00e4 paikallista&hellip;\n","protected":false},"author":2,"featured_media":335337,"comment_status":"","ping_status":"","sticky":false,"template":"","format":"standard","meta":{"footnotes":"","_share_on_mastodon":"0"},"categories":[12],"tags":[22,23,26,27,33,31,30,17,24,25,121,28,29,3036,15,18,21,32,822,19,20,2693,16,2569,2568,3613],"class_list":["post-335336","post","type-post","status-publish","format-standard","has-post-thumbnail","category-suomi","tag-breaking-news","tag-breakingnews","tag-featured-news","tag-featurednews","tag-fi","tag-finland","tag-finnish","tag-headlines","tag-latest-news","tag-latestnews","tag-liikenne-ja-kuljetus","tag-main-news","tag-mainnews","tag-meri-ja-rannikkoliikenne","tag-news","tag-otsikot","tag-paauutiset","tag-suomi","tag-teollisuustuotteet-ja-palvelut-sektori","tag-top-stories","tag-topstories","tag-tukholma","tag-uutiset","tag-vesikulkuneuvot","tag-vesiliikenne","tag-viking-line"],"share_on_mastodon":{"url":"https:\/\/pubeurope.com\/@fi\/117170476460547233","error":""},"_links":{"self":[{"href":"https:\/\/www.europesays.com\/fi\/wp-json\/wp\/v2\/posts\/335336","targetHints":{"allow":["GET"]}}],"collection":[{"href":"https:\/\/www.europesays.com\/fi\/wp-json\/wp\/v2\/posts"}],"about":[{"href":"https:\/\/www.europesays.com\/fi\/wp-json\/wp\/v2\/types\/post"}],"author":[{"embeddable":true,"href":"https:\/\/www.europesays.com\/fi\/wp-json\/wp\/v2\/users\/2"}],"replies":[{"embeddable":true,"href":"https:\/\/www.europesays.com\/fi\/wp-json\/wp\/v2\/comments?post=335336"}],"version-history":[{"count":0,"href":"https:\/\/www.europesays.com\/fi\/wp-json\/wp\/v2\/posts\/335336\/revisions"}],"wp:featuredmedia":[{"embeddable":true,"href":"https:\/\/www.europesays.com\/fi\/wp-json\/wp\/v2\/media\/335337"}],"wp:attachment":[{"href":"https:\/\/www.europesays.com\/fi\/wp-json\/wp\/v2\/media?parent=335336"}],"wp:term":[{"taxonomy":"category","embeddable":true,"href":"https:\/\/www.europesays.com\/fi\/wp-json\/wp\/v2\/categories?post=335336"},{"taxonomy":"post_tag","embeddable":true,"href":"https:\/\/www.europesays.com\/fi\/wp-json\/wp\/v2\/tags?post=335336"}],"curies":[{"name":"wp","href":"https:\/\/api.w.org\/{rel}","templated":true}]}}