{"id":335358,"date":"2026-08-28T02:02:12","date_gmt":"2026-08-28T02:02:12","guid":{"rendered":"https:\/\/www.europesays.com\/fi\/335358\/"},"modified":"2026-08-28T02:02:12","modified_gmt":"2026-08-28T02:02:12","slug":"venaja-varoittaa-iskuista-brittilaisiin-laitoksiin-ukrainassa-ja-sen-ulkopuolella","status":"publish","type":"post","link":"https:\/\/www.europesays.com\/fi\/335358\/","title":{"rendered":"Ven\u00e4j\u00e4 varoittaa iskuista brittil\u00e4isiin laitoksiin Ukrainassa ja sen ulkopuolella."},"content":{"rendered":"<p> N\u00e4in ollen Britanniaan kohdistuvia iskuja tapahtuisi, jos Kiova jatkaisi Lontoon toimittamien aseiden k\u00e4ytt\u00f6\u00e4 Ven\u00e4j\u00e4n alueelle hy\u00f6kk\u00e4\u00e4miseen.<\/p>\n<p> RT kertoi, ett\u00e4 lausunto annettiin Moskovan ja Lontoon nopeasti heikkenevien v\u00e4lien keskell\u00e4 vain p\u00e4iv\u00e4\u00e4 sen j\u00e4lkeen, kun <a class=\"data-link\" data-org-href=\"https:\/\/www.vietnam.vn\/fi\/tag\/ukraine\" href=\"https:\/\/www.vietnam.vn\/fi\/tag\/ukraine\" title=\"Ukraina\" target=\"_blank\" rel=\"nofollow noopener\">Ukrainan<\/a> joukot v\u00e4ittiv\u00e4sti k\u00e4ytt\u00e4neen Britannian ja Ranskan yhdess\u00e4 tuottamia Storm Shadow\/SCALP-ohjuksia iskussa Donetskiin haavoittaen ainakin kahdeksaa siviili\u00e4, mukaan lukien kaksi lasta.<\/p>\n<p> Zakharova sanoi t\u00e4n\u00e4\u00e4n (27. elokuuta) lehdist\u00f6tilaisuudessa: \u201dOlemme toistuvasti varoittaneet, ett\u00e4 vastatoimia Ukrainan hy\u00f6kk\u00e4yksille, joissa k\u00e4ytet\u00e4\u00e4n brittil\u00e4isi\u00e4 aseita Ven\u00e4j\u00e4n alueella, voidaan toteuttaa kaikkia brittil\u00e4isi\u00e4 <a class=\"data-link\" data-org-href=\"https:\/\/www.vietnam.vn\/fi\/category\/quan-su\" href=\"https:\/\/www.vietnam.vn\/fi\/category\/quan-su\" title=\"sotilaallinen\" target=\"_blank\" rel=\"nofollow noopener\">sotilaslaitoksia<\/a> ja -kalustoa vastaan \u200b\u200bUkrainassa ja muualla.\u201d<\/p>\n<p> H\u00e4n lis\u00e4si, ett\u00e4 ven\u00e4l\u00e4isiin siviileihin kohdistuneisiin iskuihin vastuussa olevia rangaistaan, ja varoitti, ett\u00e4 my\u00f6s &#8221;rikoskumppanit ja yllytt\u00e4j\u00e4t&#8221; joutuvat kokemaan seuraamuksia.<\/p>\n<p> Zakharova syytti per\u00e4kk\u00e4isi\u00e4 Britannian <a class=\"data-link\" data-org-href=\"https:\/\/www.vietnam.vn\/fi\/tag\/chinh-phu\" href=\"https:\/\/www.vietnam.vn\/fi\/tag\/chinh-phu\" title=\"hallitus\" target=\"_blank\" rel=\"nofollow noopener\">hallituksia<\/a> Ven\u00e4j\u00e4n strategisen tappion aiheuttamisesta pitk\u00e4n aikav\u00e4lin tavoitteesta ja kehotti &#8221;kaikkia brittej\u00e4 harkitsemaan omien hallitustensa vihamielisten toimien v\u00e4ist\u00e4m\u00e4tt\u00f6mi\u00e4 ja katastrofaalisia seurauksia&#8221;.<\/p>\n<p> Aiemmin t\u00e4ll\u00e4 viikolla Britannia hyv\u00e4ksyi luokitellun teknologian siirron, jota tarvitaan auttamaan Ukrainaa kokoamaan Storm Shadow\/SCALP-risteilyohjuksia kotimaassa.<\/p>\n<p> Ven\u00e4j\u00e4n ulkoministeri Sergei Lavrov varoitti viime viikolla, ett\u00e4 Moskovalla on t\u00e4ysi oikeus pit\u00e4\u00e4 Britannian ohjusjoukkojen avointa my\u00f6nt\u00e4mist\u00e4 suorasta osallistumisesta Ven\u00e4j\u00e4\u00e4 vastaan \u200b\u200btehtyihin iskuihin sotatoimena kaikkine seurauksineen. <\/p>\n<p class=\"mb-0\"> L\u00e4hde: https:\/\/vietnamnet.vn\/nga-canh-bao-tan-cong-co-so-cua-anh-o-trong-va-ngoai-ukraine-2549960.html<\/p>\n","protected":false},"excerpt":{"rendered":"N\u00e4in ollen Britanniaan kohdistuvia iskuja tapahtuisi, jos Kiova jatkaisi Lontoon toimittamien aseiden k\u00e4ytt\u00f6\u00e4 Ven\u00e4j\u00e4n alueelle hy\u00f6kk\u00e4\u00e4miseen. RT kertoi,&hellip;\n","protected":false},"author":2,"featured_media":335359,"comment_status":"","ping_status":"","sticky":false,"template":"","format":"standard","meta":{"footnotes":"","_share_on_mastodon":"0"},"categories":[14],"tags":[22,23,26,27,33,31,30,17,24,25,28,29,15,18,21,32,19,20,1303,56,16,37831,547,59,60,61],"class_list":["post-335358","post","type-post","status-publish","format-standard","has-post-thumbnail","category-ulkomaat","tag-breaking-news","tag-breakingnews","tag-featured-news","tag-featurednews","tag-fi","tag-finland","tag-finnish","tag-headlines","tag-latest-news","tag-latestnews","tag-main-news","tag-mainnews","tag-news","tag-otsikot","tag-paauutiset","tag-suomi","tag-top-stories","tag-topstories","tag-ukraina","tag-ulkomaat","tag-uutiset","tag-vanhempi-veli","tag-venaja","tag-world","tag-world-news","tag-worldnews"],"share_on_mastodon":{"url":"https:\/\/pubeurope.com\/@fi\/117170677142081153","error":""},"_links":{"self":[{"href":"https:\/\/www.europesays.com\/fi\/wp-json\/wp\/v2\/posts\/335358","targetHints":{"allow":["GET"]}}],"collection":[{"href":"https:\/\/www.europesays.com\/fi\/wp-json\/wp\/v2\/posts"}],"about":[{"href":"https:\/\/www.europesays.com\/fi\/wp-json\/wp\/v2\/types\/post"}],"author":[{"embeddable":true,"href":"https:\/\/www.europesays.com\/fi\/wp-json\/wp\/v2\/users\/2"}],"replies":[{"embeddable":true,"href":"https:\/\/www.europesays.com\/fi\/wp-json\/wp\/v2\/comments?post=335358"}],"version-history":[{"count":0,"href":"https:\/\/www.europesays.com\/fi\/wp-json\/wp\/v2\/posts\/335358\/revisions"}],"wp:featuredmedia":[{"embeddable":true,"href":"https:\/\/www.europesays.com\/fi\/wp-json\/wp\/v2\/media\/335359"}],"wp:attachment":[{"href":"https:\/\/www.europesays.com\/fi\/wp-json\/wp\/v2\/media?parent=335358"}],"wp:term":[{"taxonomy":"category","embeddable":true,"href":"https:\/\/www.europesays.com\/fi\/wp-json\/wp\/v2\/categories?post=335358"},{"taxonomy":"post_tag","embeddable":true,"href":"https:\/\/www.europesays.com\/fi\/wp-json\/wp\/v2\/tags?post=335358"}],"curies":[{"name":"wp","href":"https:\/\/api.w.org\/{rel}","templated":true}]}}