{"id":335534,"date":"2026-08-28T07:04:40","date_gmt":"2026-08-28T07:04:40","guid":{"rendered":"https:\/\/www.europesays.com\/fi\/335534\/"},"modified":"2026-08-28T07:04:40","modified_gmt":"2026-08-28T07:04:40","slug":"xiaomi-tuo-alykodin-ja-puettavat-laitteet-seuraavalle-tasolle-errori-net","status":"publish","type":"post","link":"https:\/\/www.europesays.com\/fi\/335534\/","title":{"rendered":"Xiaomi tuo \u00e4lykodin ja puettavat laitteet seuraavalle tasolle \u2013 errori.net"},"content":{"rendered":"<p class=\"wp-block-paragraph\"><a href=\"https:\/\/errori.net\/aiheet\/xiaomi\/\" class=\"st_tag internal_tag \" rel=\"tag nofollow noopener\" title=\"Artikkelit liittyen aiheeseen: Xiaomi\" target=\"_blank\">Xiaomi<\/a> on julkistanut uuden lippulaivamallistonsa, <a href=\"https:\/\/errori.net\/aiheet\/xiaomi-15t\/\" class=\"st_tag internal_tag \" rel=\"tag nofollow noopener\" title=\"Artikkelit liittyen aiheeseen: Xiaomi 15T\" target=\"_blank\">Xiaomi 15T<\/a> -sarjan, joka tarjoaa huippuluokan kamerat, suuren n\u00e4yt\u00f6n ja suorituskyky\u00e4 s\u00e4\u00e4stelem\u00e4tt\u00e4. Sarjaan kuuluvat Xiaomi 15T ja tehokkaampi 15T Pro, joista molemmat lupaavat yhdist\u00e4\u00e4 tyylikk\u00e4\u00e4n muotoilun ja kest\u00e4v\u00e4n rakenteen.<\/p>\n<p class=\"wp-block-paragraph\">Kamerapuolella Xiaomi on tehnyt yhteisty\u00f6t\u00e4 Leican kanssa, Pro-mallissa p\u00e4\u00e4kameran polttov\u00e4li ylt\u00e4\u00e4 jopa 115 millimetriin, ja mukana on 5x optinen zoom sek\u00e4 jopa 20x Ultra Zoom. Molemmissa malleissa on 32 megapikselin etukamera ja tuki 4K-videokuvaamiseen, Pro-mallissa jopa 8K 30 fps ja 4K 120 fps. Lis\u00e4ksi Xiaomi AISP 2.0 -j\u00e4rjestelm\u00e4 huolehtii siit\u00e4, ett\u00e4 kuvat ja videot n\u00e4ytt\u00e4v\u00e4t hyv\u00e4lt\u00e4 joka tilanteessa.<\/p>\n<p class=\"wp-block-paragraph\">N\u00e4ytt\u00f6 on molemmissa malleissa 6,83-tuumainen AMOLED, ja Pro-mallin virkistystaajuus ylt\u00e4\u00e4 144 Hz:iin, mik\u00e4 tekee esimerkiksi pelien ja videon seuraamisesta uskomattoman sulavaa. Suorituskyvyst\u00e4 vastaavat MediaTek Dimensity 9400+ (Pro) ja Dimensity 8400-Ultra (15T), ja laitteen j\u00e4\u00e4hdytyksest\u00e4 huolehtii tehokas 3D IceLoop -j\u00e4rjestelm\u00e4.<\/p>\n<p class=\"wp-block-paragraph\">Uutuutena sarjaan tulee Xiaomi Offline Communication, jonka avulla voi soittaa puheluita ilman matkapuhelin- tai Wi-Fi-yhteytt\u00e4 jopa 1,9 kilometrin et\u00e4isyydelle Pro-mallilla. Lis\u00e4ksi uusi HyperOS 3 ja HyperAI tekev\u00e4t laitteiden k\u00e4yt\u00f6st\u00e4 \u00e4lyk\u00e4st\u00e4 ja sujuvaa.<\/p>\n<p class=\"wp-block-paragraph\">Rakenteeltaan laitteet ovat IP68-luokiteltuja, eli vesi ja p\u00f6ly eiv\u00e4t haittaa, ja n\u00e4yt\u00f6t on suojattu Corning\u00ae Gorilla\u00ae Glass 7i -lasilla. Pro-mallissa on my\u00f6s tukeva alumiinirunko, joka kest\u00e4\u00e4 kolhuja paremmin.<\/p>\n<p class=\"wp-block-paragraph\">Hinnat asettuvat 649 eurosta (Xiaomi 15T, 12+256 Gt) 899 euroon (<a href=\"https:\/\/errori.net\/aiheet\/xiaomi-15t-pro\/\" class=\"st_tag internal_tag \" rel=\"tag nofollow noopener\" title=\"Artikkelit liittyen aiheeseen: Xiaomi 15T Pro\" target=\"_blank\">Xiaomi 15T Pro<\/a>, 12+512 Gt), ja laitteet tulevat myyntiin Proshopissa ja Mistorella. Xiaomi 15T -sarja lupaa siis tehokkaan, monipuolisen ja tyylikk\u00e4\u00e4n kumppanin niin valokuvaukseen kuin p\u00e4ivitt\u00e4iseen k\u00e4ytt\u00f6\u00f6n.<\/p>\n","protected":false},"excerpt":{"rendered":"Xiaomi on julkistanut uuden lippulaivamallistonsa, Xiaomi 15T -sarjan, joka tarjoaa huippuluokan kamerat, suuren n\u00e4yt\u00f6n ja suorituskyky\u00e4 s\u00e4\u00e4stelem\u00e4tt\u00e4. Sarjaan&hellip;\n","protected":false},"author":2,"featured_media":335535,"comment_status":"","ping_status":"","sticky":false,"template":"","format":"standard","meta":{"footnotes":"","_share_on_mastodon":"0"},"categories":[86],"tags":[420,33,31,30,421,32,91,92,11410,41637,41638,41639,41640],"class_list":["post-335534","post","type-post","status-publish","format-standard","has-post-thumbnail","category-laitteet","tag-equipment","tag-fi","tag-finland","tag-finnish","tag-laitteet","tag-suomi","tag-technology","tag-teknologia","tag-xiaomi","tag-xiaomi-robot-vacuum-5","tag-xiaomi-robot-vacuum-5-pro","tag-xiaomi-smart-camera-c701","tag-xiaomi-watch-s4"],"share_on_mastodon":{"url":"https:\/\/pubeurope.com\/@fi\/117171864567042544","error":""},"_links":{"self":[{"href":"https:\/\/www.europesays.com\/fi\/wp-json\/wp\/v2\/posts\/335534","targetHints":{"allow":["GET"]}}],"collection":[{"href":"https:\/\/www.europesays.com\/fi\/wp-json\/wp\/v2\/posts"}],"about":[{"href":"https:\/\/www.europesays.com\/fi\/wp-json\/wp\/v2\/types\/post"}],"author":[{"embeddable":true,"href":"https:\/\/www.europesays.com\/fi\/wp-json\/wp\/v2\/users\/2"}],"replies":[{"embeddable":true,"href":"https:\/\/www.europesays.com\/fi\/wp-json\/wp\/v2\/comments?post=335534"}],"version-history":[{"count":0,"href":"https:\/\/www.europesays.com\/fi\/wp-json\/wp\/v2\/posts\/335534\/revisions"}],"wp:featuredmedia":[{"embeddable":true,"href":"https:\/\/www.europesays.com\/fi\/wp-json\/wp\/v2\/media\/335535"}],"wp:attachment":[{"href":"https:\/\/www.europesays.com\/fi\/wp-json\/wp\/v2\/media?parent=335534"}],"wp:term":[{"taxonomy":"category","embeddable":true,"href":"https:\/\/www.europesays.com\/fi\/wp-json\/wp\/v2\/categories?post=335534"},{"taxonomy":"post_tag","embeddable":true,"href":"https:\/\/www.europesays.com\/fi\/wp-json\/wp\/v2\/tags?post=335534"}],"curies":[{"name":"wp","href":"https:\/\/api.w.org\/{rel}","templated":true}]}}