{"id":335564,"date":"2026-08-28T07:50:16","date_gmt":"2026-08-28T07:50:16","guid":{"rendered":"https:\/\/www.europesays.com\/fi\/335564\/"},"modified":"2026-08-28T07:50:16","modified_gmt":"2026-08-28T07:50:16","slug":"valtava-sotaharjoitusalue-katkee-salaisuuden-nama-rauhoitetut-raakut-elavat-pommien-ja-sotilaiden-keskella-lappi","status":"publish","type":"post","link":"https:\/\/www.europesays.com\/fi\/335564\/","title":{"rendered":"Valtava sotaharjoitus\u00adalue k\u00e4tkee salaisuuden: n\u00e4m\u00e4 rauhoitetut raakut el\u00e4v\u00e4t pommien ja sotilaiden keskell\u00e4 | Lappi"},"content":{"rendered":"<p class=\"aw__sc-1qwuw0s-0 aw__sc-1vg2sqm-0 epAWpq ecELkD yle__article__paragraph\">Suurten sota\u00adharjoitusten n\u00e4ytt\u00e4m\u00f6n\u00e4 toimiva Rovaj\u00e4rvi on my\u00f6s uhanalaisten raakkujen koti. Harjoituksista ei ole ainakaan viel\u00e4 ollut haittaa raakuille.<\/p>\n<p>Raakku eli jokihelmisimpukka on eritt\u00e4in uhanalainen nilvi\u00e4inen, jota on Suomessa eniten pohjoisessa. Video: Elina Ervasti \/ Yle.<\/p>\n<ul class=\"aw__sc-1yb43iq-0 gFXHv yle__article__list yle__article__list--ul\">\n<li class=\"aw__sc-1yb43iq-1 gVAzbt\">Mets\u00e4hallitus on l\u00f6yt\u00e4nyt Rovaj\u00e4rven ampuma-alueelta Lapissa noin 30 000 eritt\u00e4in uhanalaista raakkua.<\/li>\n<li class=\"aw__sc-1yb43iq-1 gVAzbt\">M\u00e4\u00e4r\u00e4 on suuri, sill\u00e4 tutkittu on vasta kaksi pient\u00e4 jokea. Raakut kertovat veden hyv\u00e4st\u00e4 laadusta.<\/li>\n<li class=\"aw__sc-1yb43iq-1 gVAzbt\">Alueella j\u00e4rjestet\u00e4\u00e4n paljon sotaharjoituksia. Asiantuntijan mukaan ne ja raakut voidaan sovittaa yhteen.<\/li>\n<\/ul>\n<p class=\"aw__sc-1qwuw0s-0 aw__sc-ngllmo-0 epAWpq fzYpjk yle__article__paragraph\">L\u00e4nsi-Euroopan suurimmalla ampuma-alueella Rovaj\u00e4rvell\u00e4 Lapissa el\u00e4\u00e4 kymmeni\u00e4 tuhansia eritt\u00e4in uhanalaisia raakkuja. Mets\u00e4hallitus on l\u00f6yt\u00e4nyt Rovaj\u00e4rvelt\u00e4 jo noin 30 000 jokihelmisimpukkaa, vaikka on k\u00e4ynyt l\u00e4pi vasta kaksi pient\u00e4 jokea.<\/p>\n<p class=\"aw__sc-1qwuw0s-0 aw__sc-ngllmo-0 epAWpq fzYpjk yle__article__paragraph\">\u2013 T\u00e4llaisiin pikkujokiin se on merkitt\u00e4v\u00e4 m\u00e4\u00e4r\u00e4. Vaikuttaa lupaavalta, kertoo luonnonsuojelun erityisasiantuntija <strong class=\"aw__sc-ngllmo-2 gdRrun yle__article__strong\">Jari Ilmonen<\/strong> Mets\u00e4hallituksesta.<\/p>\n<p class=\"aw__sc-1qwuw0s-0 aw__sc-ngllmo-0 epAWpq fzYpjk yle__article__paragraph\">H\u00e4n on k\u00e4ynyt snorklaten l\u00e4pi Rovaj\u00e4rven joenpohjia parin kes\u00e4viikon ajan.<\/p>\n<p class=\"aw__sc-1qwuw0s-0 aw__sc-ngllmo-0 epAWpq fzYpjk yle__article__paragraph\">Puolustusvoimat j\u00e4rjest\u00e4\u00e4 Rovaj\u00e4rvell\u00e4 <a class=\"aw__sc-ngllmo-1 bTDnwX yle__article__link\" href=\"https:\/\/yle.fi\/a\/74-20148057\" role=\"link\" rel=\"nofollow noopener\" target=\"_blank\">kiihtyv\u00e4\u00e4n tahtiin sotaharjoituksia<\/a>, my\u00f6s suuria kansainv\u00e4lisi\u00e4 Nato-harjoituksia. Alueella muun muassa ammutaan raskailla tykist\u00f6n aseilla ja ajetaan panssariajoneuvoilla.<\/p>\n<p>\u201dEn ole n\u00e4hnyt haittaa harjoitustoiminnasta\u201d<\/p>\n<p class=\"aw__sc-1qwuw0s-0 aw__sc-ngllmo-0 epAWpq fzYpjk yle__article__paragraph\">Sotaharjoitusten melskeen ja raakkujen yhteensovittaminen on Jari Ilmosen mukaan mahdollista.<\/p>\n<p class=\"aw__sc-1qwuw0s-0 aw__sc-ngllmo-0 epAWpq fzYpjk yle__article__paragraph\">Ilmosen mukaan harjoitukset keskittyv\u00e4t toisaalle eik\u00e4 panssarivaunuilla muutenkaan jyr\u00e4t\u00e4 joen poikki.<\/p>\n<p class=\"aw__sc-1qwuw0s-0 aw__sc-ngllmo-0 epAWpq fzYpjk yle__article__paragraph\">\u2013 Niiss\u00e4 vesist\u00f6iss\u00e4, joissa itse olen (Rovaj\u00e4rvell\u00e4) k\u00e4ynyt, en ole n\u00e4hnyt mink\u00e4\u00e4nlaista haittaa harjoitustoiminnasta. Eli jos vesist\u00f6j\u00e4 v\u00e4ltell\u00e4\u00e4n ja varsinkin raakkuvesist\u00f6j\u00e4, niin mik\u00e4p\u00e4s siin\u00e4.<\/p>\n<p><img decoding=\"async\" alt=\"Ihminen mustassa kumipuvussa ja maskissa vedess\u00e4.\" src=\"https:\/\/www.europesays.com\/fi\/wp-content\/uploads\/2026\/08\/1787752428.jpeg\" loading=\"lazy\" class=\"aw__sc-dklauk-0 LPzKX\"\/><\/p>\n<p>Avaa kuvien katselu<\/p>\n<p>Jari Ilmonen tutkii raakkupuroa, jonka tarkkaa sijaintia ei saa paljastaa. N\u00e4in turvataan uhanalaisten jokihelmisimpukoiden rauha. Kuva: Elina Ervasti<\/p>\n<p class=\"aw__sc-1qwuw0s-0 aw__sc-ngllmo-0 epAWpq fzYpjk yle__article__paragraph\">Puolustusvoimista vakuutetaan, ett\u00e4 sotaharjoituksissa otetaan huomioon suojelu- ja pohjavesialueisiin liittyv\u00e4t rajoitukset.<\/p>\n<p class=\"aw__sc-1qwuw0s-0 aw__sc-ngllmo-0 epAWpq fzYpjk yle__article__paragraph\">\u2013 Vesist\u00f6iss\u00e4 el\u00e4vien lajistojen suojelu otetaan huomioon siltojen ja muun vesist\u00f6rakentamisen yhteydess\u00e4 sek\u00e4 ylityspaikkojen m\u00e4\u00e4rittelyss\u00e4, J\u00e4\u00e4k\u00e4riprikaatin esikuntap\u00e4\u00e4llikk\u00f6, everstiluutnantti <strong class=\"aw__sc-ngllmo-2 gdRrun yle__article__strong\">Petri Sipil\u00e4<\/strong> kertoo s\u00e4hk\u00f6postitse.<\/p>\n<p class=\"aw__sc-1qwuw0s-0 aw__sc-ngllmo-0 epAWpq fzYpjk yle__article__paragraph\">Sipil\u00e4n mukaan harjoitustoimintaa ei ole t\u00e4ll\u00e4 hetkell\u00e4 tarvetta muuttaa raakkuesiintymien vuoksi.<\/p>\n<p>Raakkunuoret piiloutuvat pohjasoraan<\/p>\n<p class=\"aw__sc-1qwuw0s-0 aw__sc-ngllmo-0 epAWpq fzYpjk yle__article__paragraph\">Rovaj\u00e4rven raakkupopulaatiot ovat Mets\u00e4hallituksen Jari Ilmosen mukaan lupaavia, mahdollisesti elinvoimaisia.<\/p>\n<p class=\"aw__sc-1qwuw0s-0 aw__sc-ngllmo-0 epAWpq fzYpjk yle__article__paragraph\">\u2013 T\u00e4\u00e4ll\u00e4 on my\u00f6s pieni\u00e4 raakkuja, eli ne pystyv\u00e4t lis\u00e4\u00e4ntym\u00e4\u00e4n ainakin jonkin verran. Eli v\u00e4hint\u00e4\u00e4nkin toivoa on.<\/p>\n<p class=\"aw__sc-1qwuw0s-0 aw__sc-ngllmo-0 epAWpq fzYpjk yle__article__paragraph\">Jotta populaatio pysyisi elinvoimaisena, v\u00e4hint\u00e4\u00e4n kymmenesosan pit\u00e4isi pohjoismaisen arviointimenetelm\u00e4n mukaan olla nuoria raakkuja.<\/p>\n<p class=\"aw__sc-1qwuw0s-0 aw__sc-ngllmo-0 epAWpq fzYpjk yle__article__paragraph\"><strong class=\"aw__sc-ngllmo-2 gdRrun yle__article__strong\">Raakkuja mitataan ja niiden ik\u00e4 arvioidaan vuosirenkaista ennen palauttamista veteen:<\/strong><\/p>\n<p><img decoding=\"async\" alt=\"Nainen ja kumipukuinen mies tutkivat raakkuja ruohikolla.\" src=\"https:\/\/www.europesays.com\/fi\/wp-content\/uploads\/2026\/08\/1787752446.jpeg\" class=\"aw__sc-dklauk-0 LPzKX\"\/><\/p>\n<p>Avaa kuvien katselu<\/p>\n<p><img decoding=\"async\" alt=\"K\u00e4dess\u00e4 mitataan raakkua, mustan simpukan n\u00e4k\u00f6ist\u00e4 nilvi\u00e4ist\u00e4.\" src=\"https:\/\/www.europesays.com\/fi\/wp-content\/uploads\/2026\/08\/1787752458.jpeg\" class=\"aw__sc-dklauk-0 LPzKX\"\/><\/p>\n<p>Avaa kuvien katselu<\/p>\n<p><img decoding=\"async\" alt=\"Raakkuja punaisella alustalla ruohikossa.\" src=\"https:\/\/www.europesays.com\/fi\/wp-content\/uploads\/2026\/08\/1787752466.jpeg\" class=\"aw__sc-dklauk-0 LPzKX\"\/><\/p>\n<p>Avaa kuvien katselu<\/p>\n<p><img decoding=\"async\" alt=\"Mies kumipuvussa mahallaan purossa.\" src=\"https:\/\/www.europesays.com\/fi\/wp-content\/uploads\/2026\/08\/1787752438.jpeg\" class=\"aw__sc-dklauk-0 LPzKX\"\/><\/p>\n<p>Avaa kuvien katselu<\/p>\n<p class=\"aw__sc-1qwuw0s-0 aw__sc-ngllmo-0 epAWpq fzYpjk yle__article__paragraph\">T\u00e4h\u00e4n menness\u00e4 nuoria jokihelmisimpukoita on Rovaj\u00e4rvelt\u00e4 l\u00f6ytynyt, mutta ei riitt\u00e4v\u00e4sti.<\/p>\n<p class=\"aw__sc-1qwuw0s-0 aw__sc-ngllmo-0 epAWpq fzYpjk yle__article__paragraph\">Syyn\u00e4 voi olla sekin, ett\u00e4 niit\u00e4 on vaikea havaita kivikkoisissa joissa.<\/p>\n<p class=\"aw__sc-1qwuw0s-0 aw__sc-ngllmo-0 epAWpq fzYpjk yle__article__paragraph\">\u2013 Varsinkin nuoria raakkuja on todella vaikea l\u00f6yt\u00e4\u00e4, kun ne piiloilevat pohjasorassa kivenkoloissa.<\/p>\n<p>Vain parhaat vedet kelpaavat<\/p>\n<p class=\"aw__sc-1qwuw0s-0 aw__sc-ngllmo-0 epAWpq fzYpjk yle__article__paragraph\">Raakku eli jokihelmisimpukka voi el\u00e4\u00e4 jopa yli 200-vuotiaaksi. Laji on vaatelias ja sen l\u00e4sn\u00e4olo kertoo vesist\u00f6n hyv\u00e4st\u00e4 kunnosta.<\/p>\n<p class=\"aw__sc-1qwuw0s-0 aw__sc-ngllmo-0 epAWpq fzYpjk yle__article__paragraph\">\u2013 Veden ja pohjan laadun pit\u00e4\u00e4 olla kunnossa, eli ne vaativat hyv\u00e4\u00e4, hapekasta pohjaa.<\/p>\n<p class=\"aw__sc-1qwuw0s-0 aw__sc-ngllmo-0 epAWpq fzYpjk yle__article__paragraph\">Iso raakkujoukko pit\u00e4\u00e4 my\u00f6s huolta siit\u00e4, ett\u00e4 vesi pysyy puhtaana. Raakut puhdistavat vett\u00e4 suodattaessaan siit\u00e4 ravintoa itselleen.<\/p>\n<p class=\"aw__sc-1qwuw0s-0 aw__sc-ngllmo-0 epAWpq fzYpjk yle__article__paragraph\"><strong class=\"aw__sc-ngllmo-2 gdRrun yle__article__strong\">Jari Ilmonen kertoo vaativaisten raakkujen olevan suureksi hy\u00f6dyksi:<\/strong><\/p>\n<p>Video: Elina Ervasti \/ Yle.<\/p>\n<p class=\"aw__sc-1qwuw0s-0 aw__sc-ngllmo-0 epAWpq fzYpjk yle__article__paragraph\">Mets\u00e4hallitus selvitt\u00e4\u00e4 Lapin vesist\u00f6iss\u00e4 laajemminkin raakkupopulaatioiden tilaa ja esiintymisalueita.<\/p>\n<p class=\"aw__sc-1qwuw0s-0 aw__sc-ngllmo-0 epAWpq fzYpjk yle__article__paragraph\">\u2013 Raakkuhavaintoja on Lapissa noin sadasta joesta ja l\u00f6ytym\u00e4tt\u00f6mi\u00e4 viel\u00e4 varmasti kymmeni\u00e4, Ilmonen sanoo.<\/p>\n<p class=\"aw__sc-1qwuw0s-0 aw__sc-ngllmo-0 epAWpq fzYpjk yle__article__paragraph\">Rovaj\u00e4rven ampuma-alueella on h\u00e4nen mukaansa puolenkymment\u00e4 jokea tai puroa, joissa on havaittu raakkuja. Lis\u00e4\u00e4kin voi l\u00f6yty\u00e4.<\/p>\n<p class=\"aw__sc-1qwuw0s-0 aw__sc-ngllmo-0 epAWpq fzYpjk yle__article__paragraph\">\u2013 Luultavasti t\u00e4\u00e4ll\u00e4 on puoli tusinaa tai kymmenisen raakkupopulaatiota yhteens\u00e4. T\u00e4\u00e4ll\u00e4 on hyv\u00e4\u00e4 potentiaalia ja virtavedet ovat pysyneet aika hyv\u00e4ss\u00e4 kunnossa.<\/p>\n<p class=\"aw__sc-1qwuw0s-0 aw__sc-ngllmo-0 epAWpq fzYpjk yle__article__paragraph\">Koko Suomessa on Ilmosen mukaan noin 160 raakkupopulaatiota. Ruotsissa niit\u00e4 on jopa yli 600.<\/p>\n<p class=\"aw__sc-1qwuw0s-0 aw__sc-ngllmo-0 epAWpq fzYpjk yle__article__paragraph\">Mets\u00e4hallituksen raakkututkimuksia rahoittaa mets\u00e4yhti\u00f6 Stora Enso, jonka hakkuuty\u00f6maalla mets\u00e4koneet <a class=\"aw__sc-ngllmo-1 bTDnwX yle__article__link\" href=\"https:\/\/yle.fi\/a\/74-20106354\" role=\"link\" rel=\"nofollow noopener\" target=\"_blank\">tappoivat tuhansia raakkuja Suomussalmella<\/a> vuonna 2024.<\/p>\n","protected":false},"excerpt":{"rendered":"Suurten sota\u00adharjoitusten n\u00e4ytt\u00e4m\u00f6n\u00e4 toimiva Rovaj\u00e4rvi on my\u00f6s uhanalaisten raakkujen koti. Harjoituksista ei ole ainakaan viel\u00e4 ollut haittaa raakuille.&hellip;\n","protected":false},"author":2,"featured_media":335565,"comment_status":"","ping_status":"","sticky":false,"template":"","format":"standard","meta":{"footnotes":"","_share_on_mastodon":"0"},"categories":[117],"tags":[41642,33,31,30,3481,71,667,961,72,1847,476,41643,118,4098,32,119,872,477,447],"class_list":["post-335564","post","type-post","status-publish","format-standard","has-post-thumbnail","category-luonto","tag-ampuma-alueet","tag-fi","tag-finland","tag-finnish","tag-jokihelmisimpukka","tag-kotimaa","tag-lappi","tag-luonnonsuojelu","tag-luonto","tag-metsahallitus","tag-nature","tag-rovajarven-ampuma-alue","tag-science","tag-suomen-puolustusvoimat","tag-suomi","tag-tiede","tag-vesistot","tag-wildlife","tag-ymparisto"],"share_on_mastodon":{"url":"https:\/\/pubeurope.com\/@fi\/117172045607177489","error":""},"_links":{"self":[{"href":"https:\/\/www.europesays.com\/fi\/wp-json\/wp\/v2\/posts\/335564","targetHints":{"allow":["GET"]}}],"collection":[{"href":"https:\/\/www.europesays.com\/fi\/wp-json\/wp\/v2\/posts"}],"about":[{"href":"https:\/\/www.europesays.com\/fi\/wp-json\/wp\/v2\/types\/post"}],"author":[{"embeddable":true,"href":"https:\/\/www.europesays.com\/fi\/wp-json\/wp\/v2\/users\/2"}],"replies":[{"embeddable":true,"href":"https:\/\/www.europesays.com\/fi\/wp-json\/wp\/v2\/comments?post=335564"}],"version-history":[{"count":0,"href":"https:\/\/www.europesays.com\/fi\/wp-json\/wp\/v2\/posts\/335564\/revisions"}],"wp:featuredmedia":[{"embeddable":true,"href":"https:\/\/www.europesays.com\/fi\/wp-json\/wp\/v2\/media\/335565"}],"wp:attachment":[{"href":"https:\/\/www.europesays.com\/fi\/wp-json\/wp\/v2\/media?parent=335564"}],"wp:term":[{"taxonomy":"category","embeddable":true,"href":"https:\/\/www.europesays.com\/fi\/wp-json\/wp\/v2\/categories?post=335564"},{"taxonomy":"post_tag","embeddable":true,"href":"https:\/\/www.europesays.com\/fi\/wp-json\/wp\/v2\/tags?post=335564"}],"curies":[{"name":"wp","href":"https:\/\/api.w.org\/{rel}","templated":true}]}}