{"id":335654,"date":"2026-08-28T10:38:13","date_gmt":"2026-08-28T10:38:13","guid":{"rendered":"https:\/\/www.europesays.com\/fi\/335654\/"},"modified":"2026-08-28T10:38:13","modified_gmt":"2026-08-28T10:38:13","slug":"tuure-kilpelaisen-kouvolassa-kuvattu-musiikkivideo-on-nyt-julki-katso-video-taalta-paikalliset","status":"publish","type":"post","link":"https:\/\/www.europesays.com\/fi\/335654\/","title":{"rendered":"Tuure Kilpel\u00e4isen Kouvolassa kuvattu musiikkivideo on nyt julki \u2013 Katso video t\u00e4\u00e4lt\u00e4 | Paikalliset"},"content":{"rendered":"<p>T\u00e4n\u00e4\u00e4n perjantaina on mielenkiintoinen p\u00e4iv\u00e4 kouvolalaisesta musiikkiel\u00e4m\u00e4st\u00e4 kiinnostuneille.<\/p>\n<p>Kouvolalaisl\u00e4ht\u00f6iset muusikot <strong>Aleksanteri Hakaniemi <\/strong>ja <strong>Tuure Kilpel\u00e4inen <\/strong>ovat kumpikin julkaisseet uudet kappaleensa.<\/p>\n<p><strong class=\"diks-storyline__impact\">Hakaniemen <\/strong>kappale on nimelt\u00e4\u00e4n Vinojen t\u00e4htien alla.<\/p>\n<p>Kappale syntyi turhautumisesta, Hakaniemi kertoi hiljattain Instagramissa.<\/p>\n<p>\u2013\u2009Viimeiset vuodet oon tehnyt kymmeni\u00e4 biisej\u00e4 muille, ja biisien tekemisest\u00e4 on tullut tavallaan helppoa. Mutta nyt se ei sit\u00e4 ollut, kun piti tehd\u00e4 itselle. Se ei meinannut mill\u00e4\u00e4n tuntua miss\u00e4\u00e4n, h\u00e4n kirjoitti.<\/p>\n<p>H\u00e4nt\u00e4 turhauttivat my\u00f6s paikallaan polkeva ura ja aina vain vaikealta tuntuva rakkausel\u00e4m\u00e4.<\/p>\n<p>\u2013\u2009Vinojen t\u00e4htien alla on monella tapaa 10 vuoden urani ympyr\u00e4n sulkeva laulu.<\/p>\n<p>\t\t<a class=\"diks-gallery__link\" href=\"https:\/\/i.media.fi\/incoming\/454kij\/11447492.jpg\/alternates\/FREE_1440\/11447492.jpg\" data-thumbnail=\"\" data-sub-html=\"Aleksanteri Hakaniemi esiintym\u00e4ss\u00e4 KooKoon mitalijuhlissa viime kev\u00e4\u00e4n\u00e4. Jussi Lopperi\" aria-label=\"Katso isompi kuva\" rel=\"nofollow noopener\" target=\"_blank\"><br \/>\n\t\t\t\t<img class=\"diks-figure__image\" src=\"https:\/\/www.europesays.com\/fi\/wp-content\/uploads\/2026\/08\/11447492.jpg\" loading=\"lazy\" decoding=\"sync\" alt=\"\"\/><\/p>\n<p>\t\t\t<\/a><br \/>\n\t\t\t\t\tAleksanteri Hakaniemi esiintym\u00e4ss\u00e4 KooKoon mitalijuhlissa viime kev\u00e4\u00e4n\u00e4. Jussi Lopperi<\/p>\n<p>Kuuntele kappale t\u00e4st\u00e4:<\/p>\n<p><strong class=\"diks-storyline__impact\">Perjantaina <\/strong>julkaistiin my\u00f6s <strong>Tuure Kilpel\u00e4isen <\/strong>single Suomalaisii unelmii.<\/p>\n<p>Samalla n\u00e4ht\u00e4ville tuli biisist\u00e4 tehty musiikkivideo, joka on kuvattu Kouvolassa.<\/p>\n<p>Kouvolan Sanomat seurasi videon kuvauksia elokuun alussa.<\/p>\n<p>Laulun sanat k\u00e4sittelev\u00e4t unelmia, tulevaisuutta ja toivoa. Videon tarina sijoittuu koulumaailmaan. Se on kuvattu Kankaan koulussa, jossa toimii nykyisin Kouvolan yhteiskoulu.<\/p>\n<p>\u2013\u2009Koko biisi on inspiroitunut Suomen taantumasta. Haluamme nostaa apatian vastapainoksi esiin nuorta joukkovoimaa, Kilpel\u00e4inen kertoi kuvausten keskell\u00e4.<\/p>\n<p>Musiikkivideon voit katsoa t\u00e4st\u00e4:<\/p>\n<p><strong class=\"diks-storyline__impact\">Molemmat <\/strong>kappaleet p\u00e4\u00e4ssee kuulemaan liven\u00e4 Kouvolassa syksyll\u00e4.<\/p>\n<p>Aleksanteri Hakaniemi saapuu keikalle Galleria Loivaan lauantaina 19.9. Tuure Kilpel\u00e4isen kiertue tulee puolestaan Pato Areenalle sunnuntaina 4.10.<\/p>\n","protected":false},"excerpt":{"rendered":"T\u00e4n\u00e4\u00e4n perjantaina on mielenkiintoinen p\u00e4iv\u00e4 kouvolalaisesta musiikkiel\u00e4m\u00e4st\u00e4 kiinnostuneille. Kouvolalaisl\u00e4ht\u00f6iset muusikot Aleksanteri Hakaniemi ja Tuure Kilpel\u00e4inen ovat kumpikin julkaisseet&hellip;\n","protected":false},"author":2,"featured_media":335655,"comment_status":"","ping_status":"","sticky":false,"template":"","format":"standard","meta":{"footnotes":"","_share_on_mastodon":"0"},"categories":[136],"tags":[138,407,137,33,31,30,2675,408,737,3764,47,1311,32,484,109],"class_list":["post-335654","post","type-post","status-publish","format-standard","has-post-thumbnail","category-julkkikset","tag-audio","tag-celebrities","tag-entertainment","tag-fi","tag-finland","tag-finnish","tag-instagram","tag-julkkikset","tag-kouvola","tag-kouvolan-seutukunta","tag-musiikki","tag-rakkaus","tag-suomi","tag-taiteellinen-ilmaisu-ja-mediat","tag-viihde"],"share_on_mastodon":{"url":"https:\/\/pubeurope.com\/@fi\/117172706586824800","error":""},"_links":{"self":[{"href":"https:\/\/www.europesays.com\/fi\/wp-json\/wp\/v2\/posts\/335654","targetHints":{"allow":["GET"]}}],"collection":[{"href":"https:\/\/www.europesays.com\/fi\/wp-json\/wp\/v2\/posts"}],"about":[{"href":"https:\/\/www.europesays.com\/fi\/wp-json\/wp\/v2\/types\/post"}],"author":[{"embeddable":true,"href":"https:\/\/www.europesays.com\/fi\/wp-json\/wp\/v2\/users\/2"}],"replies":[{"embeddable":true,"href":"https:\/\/www.europesays.com\/fi\/wp-json\/wp\/v2\/comments?post=335654"}],"version-history":[{"count":0,"href":"https:\/\/www.europesays.com\/fi\/wp-json\/wp\/v2\/posts\/335654\/revisions"}],"wp:featuredmedia":[{"embeddable":true,"href":"https:\/\/www.europesays.com\/fi\/wp-json\/wp\/v2\/media\/335655"}],"wp:attachment":[{"href":"https:\/\/www.europesays.com\/fi\/wp-json\/wp\/v2\/media?parent=335654"}],"wp:term":[{"taxonomy":"category","embeddable":true,"href":"https:\/\/www.europesays.com\/fi\/wp-json\/wp\/v2\/categories?post=335654"},{"taxonomy":"post_tag","embeddable":true,"href":"https:\/\/www.europesays.com\/fi\/wp-json\/wp\/v2\/tags?post=335654"}],"curies":[{"name":"wp","href":"https:\/\/api.w.org\/{rel}","templated":true}]}}