{"id":335666,"date":"2026-08-28T10:50:12","date_gmt":"2026-08-28T10:50:12","guid":{"rendered":"https:\/\/www.europesays.com\/fi\/335666\/"},"modified":"2026-08-28T10:50:12","modified_gmt":"2026-08-28T10:50:12","slug":"kiovassa-kuultiin-ennatysmaara-ilmahalytyksia-torstaina-yle","status":"publish","type":"post","link":"https:\/\/www.europesays.com\/fi\/335666\/","title":{"rendered":"Kiovassa kuultiin enn\u00e4tysm\u00e4\u00e4r\u00e4 ilmah\u00e4lytyksi\u00e4 torstaina &#8211; Yle"},"content":{"rendered":"<ol>\n<li><a href=\"https:\/\/news.google.com\/rss\/articles\/CBMiUkFVX3lxTE84cE5HU3JaSV9vbmVFZVh0LTMzZlM0YXJmWU9NQ2p6VkpoMlZVTE1CTHVENGZfMFFsRHpVSUdFNDhsZGdtOW1oZFA4OVZ6VzlPZkE?oc=5\" target=\"_blank\" rel=\"nofollow noopener\">Kiovassa kuultiin enn\u00e4tysm\u00e4\u00e4r\u00e4 ilmah\u00e4lytyksi\u00e4 torstaina<\/a>&nbsp;&nbsp;Yle<\/li>\n<li><a href=\"https:\/\/news.google.com\/rss\/articles\/CBMiXkFVX3lxTE96Unlab3oyNVYtNDJIZ1Q3VzhORU9zWng5VXVVcVB0dUtVN0pKMU9zNkI0S2syZUdHTEhCN3VWRWFsRUdyWUJtVHlJS2F2dXRMSUV1Yk00U2lQOERFQkE?oc=5\" target=\"_blank\" rel=\"nofollow noopener\">Kiovalainen Olena, 75, esittelee kotinsa, joka tuhoutui Ven\u00e4j\u00e4n iskussa \u2013 \u201dOtan l\u00e4\u00e4kkeit\u00e4, jotta pysyn tyynen\u00e4\u201d<\/a>&nbsp;&nbsp;Ilta-Sanomat<\/li>\n<li><a href=\"https:\/\/news.google.com\/rss\/articles\/CBMiZ0FVX3lxTFA5ZXBhX3E3ZGpEdTY4TThNZ3ZlSnV3M0x2VW5YWkRueW91UUYzVWVWUnE0OHd5MnZXbVkzaFZxSndMQU5DTkZoVmlLaGlEdnQ4LUNleGpwX1Y3RVRfVHZ2cDFjRno0UGc?oc=5\" target=\"_blank\" rel=\"nofollow noopener\">Ukraina juuri nyt | Ukrainan isku lamautti \u00f6ljy-yhti\u00f6n toiminnan Ven\u00e4j\u00e4ll\u00e4<\/a>&nbsp;&nbsp;Aamulehti<\/li>\n<li><a href=\"https:\/\/news.google.com\/rss\/articles\/CBMiVkFVX3lxTFBzaTBVOGVDdXdHQkVMcHR3VjE4bUh1WURBUGFEd0RESGRkc2lCVmR5RHV5UkJObUV4NGpCTTEyZDZvYTFfWlFUNHNZWks5VW1NaHhRdld3?oc=5\" target=\"_blank\" rel=\"nofollow noopener\">Ven\u00e4j\u00e4n iskut Hersonissa kiihtyneet \u2013 siviilej\u00e4 kehotettu poistumaan kodeistaan<\/a>&nbsp;&nbsp;Etel\u00e4-Suomen Sanomat<\/li>\n<li><a href=\"https:\/\/news.google.com\/rss\/articles\/CBMie0FVX3lxTE82eDM0Z0tSU2RseTNoNlJVZDY5RTZqZ1BqY2lHOEQ2T2dhdTZLczNaVjBZRnB3M3FWWmQxMXE3M2piWXFaczJNMUQ0WUx1RWhCd2huSnM2NGVxUjVKWDBoc19Sdkp0cjU1NWI1RzFpUUtyME5EUVNKMmtqaw?oc=5\" target=\"_blank\" rel=\"nofollow noopener\">Isku Ven\u00e4j\u00e4n sis\u00e4ll\u00e4: Wildberries-t\u00e4ystuho julistettu, myrkytysvaara alueella<\/a>&nbsp;&nbsp;Uusi Suomi<\/li>\n<\/ol>\n","protected":false},"excerpt":{"rendered":"Kiovassa kuultiin enn\u00e4tysm\u00e4\u00e4r\u00e4 ilmah\u00e4lytyksi\u00e4 torstaina&nbsp;&nbsp;Yle Kiovalainen Olena, 75, esittelee kotinsa, joka tuhoutui Ven\u00e4j\u00e4n iskussa \u2013 \u201dOtan l\u00e4\u00e4kkeit\u00e4, jotta&hellip;\n","protected":false},"author":2,"featured_media":335667,"comment_status":"","ping_status":"","sticky":false,"template":"","format":"standard","meta":{"footnotes":"","_share_on_mastodon":"0"},"categories":[14],"tags":[22,23,26,27,33,31,30,17,70,24,25,28,29,15,18,21,32,19,20,1303,56,16,547,987,59,60,61],"class_list":["post-335666","post","type-post","status-publish","format-standard","has-post-thumbnail","category-ulkomaat","tag-breaking-news","tag-breakingnews","tag-featured-news","tag-featurednews","tag-fi","tag-finland","tag-finnish","tag-headlines","tag-kansainvalinen-politiikka","tag-latest-news","tag-latestnews","tag-main-news","tag-mainnews","tag-news","tag-otsikot","tag-paauutiset","tag-suomi","tag-top-stories","tag-topstories","tag-ukraina","tag-ulkomaat","tag-uutiset","tag-venaja","tag-venajan-hyokkays","tag-world","tag-world-news","tag-worldnews"],"share_on_mastodon":{"url":"https:\/\/pubeurope.com\/@fi\/117172753112790625","error":""},"_links":{"self":[{"href":"https:\/\/www.europesays.com\/fi\/wp-json\/wp\/v2\/posts\/335666","targetHints":{"allow":["GET"]}}],"collection":[{"href":"https:\/\/www.europesays.com\/fi\/wp-json\/wp\/v2\/posts"}],"about":[{"href":"https:\/\/www.europesays.com\/fi\/wp-json\/wp\/v2\/types\/post"}],"author":[{"embeddable":true,"href":"https:\/\/www.europesays.com\/fi\/wp-json\/wp\/v2\/users\/2"}],"replies":[{"embeddable":true,"href":"https:\/\/www.europesays.com\/fi\/wp-json\/wp\/v2\/comments?post=335666"}],"version-history":[{"count":0,"href":"https:\/\/www.europesays.com\/fi\/wp-json\/wp\/v2\/posts\/335666\/revisions"}],"wp:featuredmedia":[{"embeddable":true,"href":"https:\/\/www.europesays.com\/fi\/wp-json\/wp\/v2\/media\/335667"}],"wp:attachment":[{"href":"https:\/\/www.europesays.com\/fi\/wp-json\/wp\/v2\/media?parent=335666"}],"wp:term":[{"taxonomy":"category","embeddable":true,"href":"https:\/\/www.europesays.com\/fi\/wp-json\/wp\/v2\/categories?post=335666"},{"taxonomy":"post_tag","embeddable":true,"href":"https:\/\/www.europesays.com\/fi\/wp-json\/wp\/v2\/tags?post=335666"}],"curies":[{"name":"wp","href":"https:\/\/api.w.org\/{rel}","templated":true}]}}