{"id":335672,"date":"2026-08-28T11:04:14","date_gmt":"2026-08-28T11:04:14","guid":{"rendered":"https:\/\/www.europesays.com\/fi\/335672\/"},"modified":"2026-08-28T11:04:14","modified_gmt":"2026-08-28T11:04:14","slug":"kari-hirvonen-laulaa-nyt-laheisen-menettamisesta-yhteiset-muistot-ovat-lahella-sydanta","status":"publish","type":"post","link":"https:\/\/www.europesays.com\/fi\/335672\/","title":{"rendered":"Kari Hirvonen laulaa nyt l\u00e4heisen menett\u00e4misest\u00e4: \u201dYhteiset muistot ovat l\u00e4hell\u00e4 syd\u00e4nt\u00e4\u201d"},"content":{"rendered":"<p class=\"wp-block-paragraph\"><strong>Kari Hirvonen<\/strong> on tanssilavoilta, konserteista ja teatterista tuttu\u00a0tangokuningas. Nyt Kari julkaisi loppukes\u00e4n kunniaksi uutta musiikkia. Suositun tanssiartistin odotettu uutuussingle on nimelt\u00e4\u00e4n Pieni enkeli.<\/p>\n<p class=\"wp-block-paragraph\">Kappaleen on s\u00e4velt\u00e4nyt ja sanoittanut\u00a0<strong>Mikael Kienokoski<\/strong>. Sovituksesta vastaa\u00a0<strong>Pertti Jalonen<\/strong>.<\/p>\n<p class=\"wp-block-paragraph\">Hirvosen mukaan Pieni enkeli liikkuu suurten ja monelle tuttujen tunteiden \u00e4\u00e4rell\u00e4.<\/p>\n<p class=\"wp-block-paragraph\">\u201dPieni enkeli on herkk\u00e4 ja tunteikas kappale, joka k\u00e4sittelee rakkautta, v\u00e4litt\u00e4mist\u00e4 ja l\u00e4heisen ihmisen merkityst\u00e4.\u201d<\/p>\n<p class=\"wp-block-paragraph\"><strong>Lue my\u00f6s:<\/strong> <a href=\"https:\/\/www.tanssiin.fi\/kari-hirvonen-perui-akisti-keikkansa-syyna-vauvaonni-isin-pieni-prinsessa\/\" title=\"Kari Hirvonen perui \u00e4kisti keikkansa \u2013 syyn\u00e4 vauvaonni: \u201dIsin pieni prinsessa\u201d\" rel=\"nofollow noopener\" target=\"_blank\">Kari Hirvonen perui \u00e4kisti keikkansa \u2013 syyn\u00e4 vauvaonni: \u201dIsin pieni prinsessa\u201d<\/a><\/p>\n<p class=\"wp-block-paragraph\">Voit kuunnella koskettavan uutuuden t\u00e4m\u00e4n artikkelin<strong> lopusta<\/strong>.<\/p>\n<p class=\"wp-block-paragraph\">Laulussa ovat l\u00e4sn\u00e4 my\u00f6s kaipaus ja menetys. Kari korostaa kuitenkin, ettei kyse ole tunnelmaltaan synk\u00e4st\u00e4 kappaleesta.<\/p>\n<p class=\"wp-block-paragraph\">\u201dVaikka laulu kertoo kaipauksesta ja menetyksest\u00e4, kappaleen tunnelma on l\u00e4mmin ja koskettava. Sen sanoma puhuttelee erityisesti niit\u00e4, joille t\u00e4rke\u00e4t ihmiset ja yhteiset muistot ovat l\u00e4hell\u00e4 syd\u00e4nt\u00e4.\u201d<\/p>\n<p>\u201dRakas ihminen voi tuoda el\u00e4m\u00e4\u00e4n valtavasti iloa ja valoa\u201d<\/p>\n<p class=\"wp-block-paragraph\">Pieni enkeli ei j\u00e4\u00e4 vain menetyksen ja kaipauksen \u00e4\u00e4relle. <a href=\"https:\/\/www.tanssiin.fi\/tag\/kari-hirvonen\/\" title=\"kari hirvonen\" rel=\"nofollow noopener\" target=\"_blank\">Hirvosen<\/a> mukaan kappaleessa on vahvasti mukana my\u00f6s toivo.<\/p>\n<p class=\"wp-block-paragraph\">\u201dKappaleessa korostuu toiveikkuus sek\u00e4 ajatus siit\u00e4, ett\u00e4 rakas ihminen voi tuoda el\u00e4m\u00e4\u00e4n valtavasti iloa ja valoa.\u201d<\/p>\n<p class=\"wp-block-paragraph\">Kappaleen ydinsanoma liittyy l\u00e4heisten ihmisten merkitykseen \u2013 my\u00f6s silloin, kun he eiv\u00e4t en\u00e4\u00e4 ole fyysisesti vierell\u00e4mme.<\/p>\n<p class=\"wp-block-paragraph\">\u201dPieni enkeli on ennen kaikkea kappale, joka muistuttaa rakkauden ja l\u00e4heisten t\u00e4rkeydest\u00e4 \u2013 ovatpa he sitten l\u00e4sn\u00e4 el\u00e4m\u00e4ss\u00e4mme tai muistoissamme\u201d, Kari kertoo.<\/p>\n<p class=\"wp-block-paragraph\"><strong>Lue my\u00f6s: <\/strong><a href=\"https:\/\/www.tanssiin.fi\/kari-hirvonen-palkittiin-tunnustus-tangokuninkaan-sydamen-palosta\/\" title=\"Kari Hirvonen palkittiin \u2013 tunnustus tangokuninkaan \u201dsyd\u00e4men palosta\u201d\" rel=\"nofollow noopener\" target=\"_blank\">Kari Hirvonen palkittiin \u2013 tunnustus tangokuninkaan \u201dsyd\u00e4men palosta\u201d<\/a><\/p>\n<p>Mukana tuttuja huippumuusikoita<\/p>\n<p class=\"wp-block-paragraph\">Pieni enkeli -singlen sovituksesta, miksauksesta ja masteroinnista vastaa Pertti Jalonen, joka soittaa kappaleella my\u00f6s bassoa ja koskettimia sek\u00e4 vastaa ohjelmoinnista ja taustalaulusta.<\/p>\n<p class=\"wp-block-paragraph\">Sopraanosaksofonia soittaa\u00a0<strong>Henri Haapakoski<\/strong>\u00a0ja kitaroita\u00a0<strong>Ville Nurmi<\/strong>. Tuotannosta vastaa Jalonen ja Itkelm\u00e4 Tuotanto.<\/p>\n<p class=\"wp-block-paragraph\">Katso Kari Hirvosen &amp; Onnent\u00e4hti aina ajantasainen <a href=\"https:\/\/www.tanssiin.fi\/artistit\/miestahdet\/kari-hirvonen\/\" title=\"\" rel=\"nofollow noopener\" target=\"_blank\">keikkakalenteri t\u00e4st\u00e4<\/a>.<\/p>\n<p class=\"wp-block-paragraph\"><strong>Kuuntele<\/strong> Kari Hirvonen Pieni enkeli 2026:<\/p>\n<p><img decoding=\"async\" class=\"aioseo-author-bio-compact-image\" src=\"https:\/\/www.europesays.com\/fi\/wp-content\/uploads\/2026\/08\/1787915054_544_cropped-tanssiin-logo.jpg\" alt=\"author avatar\"\/><br \/>\nTanssi- ja iskelm\u00e4musiikin uutiset asiantuntevasti.<\/p>\n<p>100%<br \/>\nIhana<\/p>\n<p>0%<br \/>\nHauska<\/p>\n<p>0%<br \/>\nVau<\/p>\n<p>0%<br \/>\nSurullinen<\/p>\n<p>0%<br \/>\nVihainen\n<\/p>\n<p>Post navigation<\/p>\n","protected":false},"excerpt":{"rendered":"Kari Hirvonen on tanssilavoilta, konserteista ja teatterista tuttu\u00a0tangokuningas. Nyt Kari julkaisi loppukes\u00e4n kunniaksi uutta musiikkia. Suositun tanssiartistin odotettu&hellip;\n","protected":false},"author":2,"featured_media":335673,"comment_status":"","ping_status":"","sticky":false,"template":"","format":"standard","meta":{"footnotes":"","_share_on_mastodon":"0"},"categories":[136],"tags":[407,137,33,31,30,408,41649,14805,17088,47,1243,1311,1244,8193,32,3111,4049,16,109],"class_list":["post-335672","post","type-post","status-publish","format-standard","has-post-thumbnail","category-julkkikset","tag-celebrities","tag-entertainment","tag-fi","tag-finland","tag-finnish","tag-julkkikset","tag-kaiho","tag-kappale","tag-kari-hirvonen","tag-musiikki","tag-musiikkivideo","tag-rakkaus","tag-single","tag-sinkku","tag-suomi","tag-tangokuningas","tag-tanssitahdet","tag-uutiset","tag-viihde"],"share_on_mastodon":{"url":"https:\/\/pubeurope.com\/@fi\/117172808847150874","error":""},"_links":{"self":[{"href":"https:\/\/www.europesays.com\/fi\/wp-json\/wp\/v2\/posts\/335672","targetHints":{"allow":["GET"]}}],"collection":[{"href":"https:\/\/www.europesays.com\/fi\/wp-json\/wp\/v2\/posts"}],"about":[{"href":"https:\/\/www.europesays.com\/fi\/wp-json\/wp\/v2\/types\/post"}],"author":[{"embeddable":true,"href":"https:\/\/www.europesays.com\/fi\/wp-json\/wp\/v2\/users\/2"}],"replies":[{"embeddable":true,"href":"https:\/\/www.europesays.com\/fi\/wp-json\/wp\/v2\/comments?post=335672"}],"version-history":[{"count":0,"href":"https:\/\/www.europesays.com\/fi\/wp-json\/wp\/v2\/posts\/335672\/revisions"}],"wp:featuredmedia":[{"embeddable":true,"href":"https:\/\/www.europesays.com\/fi\/wp-json\/wp\/v2\/media\/335673"}],"wp:attachment":[{"href":"https:\/\/www.europesays.com\/fi\/wp-json\/wp\/v2\/media?parent=335672"}],"wp:term":[{"taxonomy":"category","embeddable":true,"href":"https:\/\/www.europesays.com\/fi\/wp-json\/wp\/v2\/categories?post=335672"},{"taxonomy":"post_tag","embeddable":true,"href":"https:\/\/www.europesays.com\/fi\/wp-json\/wp\/v2\/tags?post=335672"}],"curies":[{"name":"wp","href":"https:\/\/api.w.org\/{rel}","templated":true}]}}