{"id":335728,"date":"2026-08-28T12:14:13","date_gmt":"2026-08-28T12:14:13","guid":{"rendered":"https:\/\/www.europesays.com\/fi\/335728\/"},"modified":"2026-08-28T12:14:13","modified_gmt":"2026-08-28T12:14:13","slug":"tahdet-ja-avaruus-ruotsalaiset-tutkijat-etsivat-merkkeja-vieraiden-sivilisaatioiden-teknologiasta","status":"publish","type":"post","link":"https:\/\/www.europesays.com\/fi\/335728\/","title":{"rendered":"T\u00e4hdet ja avaruus: Ruotsalaiset tutkijat etsiv\u00e4t merkkej\u00e4 vieraiden sivilisaatioiden teknologiasta"},"content":{"rendered":"<p>T\u00e4htitieteilij\u00e4t tarkastelivat kahta himme\u00e4\u00e4 t\u00e4hte\u00e4, joista havaittiin tulevan poikkeuksellisen paljon infrapunas\u00e4teily\u00e4. Ominaisuuksiensa puolesta ne olisivat voineet olleet Dysonin kehien ymp\u00e4r\u00f6imi\u00e4.&#13;<\/p>\n<p class=\"bodytext\">Uppsalan yliopiston vet\u00e4m\u00e4 tutkimusryhm\u00e4 k\u00e4ytti Webb-avaruusteleskooppia etsi\u00e4kseen niin sanottuja Dysonin kehi\u00e4. Ne ovat t\u00e4hti\u00e4 ymp\u00e4r\u00f6ivi\u00e4 megarakennelmia, joita meit\u00e4 huomattavasti edistyneemm\u00e4t sivilisaatiot voisivat rakentaa energiantuotantoa varten.\u00a0\n<\/p>\n<p>Dysonin keh\u00e4 v\u00e4hent\u00e4isi t\u00e4hdest\u00e4 tulevaa n\u00e4kyv\u00e4n valon m\u00e4\u00e4r\u00e4\u00e4. Toisaalta keh\u00e4 itse luultavasti s\u00e4teilisi paljon hukkal\u00e4mp\u00f6\u00e4 ja olisi siten havaittavissa ylim\u00e4\u00e4r\u00e4isen\u00e4 infrapunas\u00e4teilyn\u00e4.\u00a0\n<\/p>\n<p>T\u00e4htitieteilij\u00e4t tutkivat kahta himme\u00e4\u00e4 t\u00e4hte\u00e4, joiden suunnalta Wise-teleskooppi havaitsi tulevan tavallista enemm\u00e4n infrapunas\u00e4teily\u00e4. Ominaisuuksiensa puolesta ne siis sopisivat hyvin Dysonin kehien profiiliin, ja siksi niit\u00e4 haluttiin kuvata tarkemmin Webb-teleskoopilla.\n<\/p>\n<p>&#8221;Havaitsimme, ett\u00e4 ylim\u00e4\u00e4r\u00e4inen infrapunavalo ei tule Dysonin megarakennelmista tai mist\u00e4\u00e4n muustakaan s\u00e4teilyl\u00e4hteest\u00e4 t\u00e4hden l\u00e4helt\u00e4, vaan taustalla olevista galakseista&#8221;, tutkijat kirjoittavat tiedeartikkelissaan.\n<\/p>\n<p>Heid\u00e4n mukaansa Wise-teleskooppi antaa vain karkean kuvan. Siksi taustagalaksin ja meit\u00e4 l\u00e4hemp\u00e4n\u00e4 olevan k\u00e4\u00e4pi\u00f6t\u00e4hden valo sekoittuivat. Webbin avulla kohteet pystyttiin erottamaan.\n<\/p>\n<p>Tulos on hyv\u00e4 esimerkki siit\u00e4, miten haastavaa Dysonin kehien etsiminen on nykykalustolla. Ongelman uskotaan ratkeavan vasta ensi vuosikymmenell\u00e4, kun uudet ja tarkemmat infrapunateleskoopit saadaan k\u00e4ytt\u00f6\u00f6n.\n<\/p>\n<p><a href=\"https:\/\/arxiv.org\/abs\/2607.25701\" target=\"_blank\" rel=\"noreferrer nofollow noopener\">Aiheesta julkaistu tutkimus<\/a> (englanniksi)<\/p>\n","protected":false},"excerpt":{"rendered":"T\u00e4htitieteilij\u00e4t tarkastelivat kahta himme\u00e4\u00e4 t\u00e4hte\u00e4, joista havaittiin tulevan poikkeuksellisen paljon infrapunas\u00e4teily\u00e4. Ominaisuuksiensa puolesta ne olisivat voineet olleet Dysonin&hellip;\n","protected":false},"author":2,"featured_media":335729,"comment_status":"","ping_status":"","sticky":false,"template":"","format":"standard","meta":{"footnotes":"","_share_on_mastodon":"0"},"categories":[114],"tags":[453,33,31,30,118,452,32,119],"class_list":["post-335728","post","type-post","status-publish","format-standard","has-post-thumbnail","category-avaruus","tag-avaruus","tag-fi","tag-finland","tag-finnish","tag-science","tag-space","tag-suomi","tag-tiede"],"share_on_mastodon":{"url":"https:\/\/pubeurope.com\/@fi\/117173083649722264","error":""},"_links":{"self":[{"href":"https:\/\/www.europesays.com\/fi\/wp-json\/wp\/v2\/posts\/335728","targetHints":{"allow":["GET"]}}],"collection":[{"href":"https:\/\/www.europesays.com\/fi\/wp-json\/wp\/v2\/posts"}],"about":[{"href":"https:\/\/www.europesays.com\/fi\/wp-json\/wp\/v2\/types\/post"}],"author":[{"embeddable":true,"href":"https:\/\/www.europesays.com\/fi\/wp-json\/wp\/v2\/users\/2"}],"replies":[{"embeddable":true,"href":"https:\/\/www.europesays.com\/fi\/wp-json\/wp\/v2\/comments?post=335728"}],"version-history":[{"count":0,"href":"https:\/\/www.europesays.com\/fi\/wp-json\/wp\/v2\/posts\/335728\/revisions"}],"wp:featuredmedia":[{"embeddable":true,"href":"https:\/\/www.europesays.com\/fi\/wp-json\/wp\/v2\/media\/335729"}],"wp:attachment":[{"href":"https:\/\/www.europesays.com\/fi\/wp-json\/wp\/v2\/media?parent=335728"}],"wp:term":[{"taxonomy":"category","embeddable":true,"href":"https:\/\/www.europesays.com\/fi\/wp-json\/wp\/v2\/categories?post=335728"},{"taxonomy":"post_tag","embeddable":true,"href":"https:\/\/www.europesays.com\/fi\/wp-json\/wp\/v2\/tags?post=335728"}],"curies":[{"name":"wp","href":"https:\/\/api.w.org\/{rel}","templated":true}]}}