{"id":335732,"date":"2026-08-28T12:22:15","date_gmt":"2026-08-28T12:22:15","guid":{"rendered":"https:\/\/www.europesays.com\/fi\/335732\/"},"modified":"2026-08-28T12:22:15","modified_gmt":"2026-08-28T12:22:15","slug":"tiia-elg-on-saanut-vauvan","status":"publish","type":"post","link":"https:\/\/www.europesays.com\/fi\/335732\/","title":{"rendered":"Tiia Elg on saanut vauvan"},"content":{"rendered":"<p class=\"wp-block-paragraph\">Muun muassa\u00a0Salatut el\u00e4m\u00e4t\u00a0-saippuasarjan Eva Tammisena tunnettu n\u00e4yttelij\u00e4\u00a0sek\u00e4 Tanssii t\u00e4htien kanssa -ohjelman tanssinopettajana kaudella 14 n\u00e4hty <strong>Tiia Elg<\/strong>, 40, on saanut lapsen.<\/p>\n<p class=\"wp-block-paragraph\">Elgill\u00e4 ja h\u00e4nen tanssijamiehell\u00e4\u00e4n <strong>Alexey Smolyaninovilla<\/strong> on t\u00e4t\u00e4 nyky\u00e4 kolme lasta. Parin aikaisemmat lapset ovat syntyneet vuosina 2019 ja 2020.<\/p>\n<p>Lue my\u00f6s: <a href=\"https:\/\/www.voice.fi\/viihde\/laura-lepistolta-hurjia-kuvia-arjesta-shitshow-era\" title=\"Laura Lepist\u00f6lt\u00e4 hurjia kuvia arjesta \u2013 \u201dShitshow era\u201d\" class=\"underline-custom !font-heading !font-bold !underline-offset-4 !decoration-4 !decoration-accent !text-md\" rel=\"nofollow noopener\" target=\"_blank\">Laura Lepist\u00f6lt\u00e4 hurjia kuvia arjesta \u2013 \u201dShitshow era\u201d<\/a><\/p>\n<p>Lue my\u00f6s: <a href=\"https:\/\/www.voice.fi\/viihde\/iivo-ja-saana-niskanen-ilmoittivat-iloisia-uutisia-pieni-rakas\" title=\"Iivo ja Saana Niskanen ilmoittivat iloisia uutisia \u2013 \u201dpieni rakas\u201d\" class=\"underline-custom !font-heading !font-bold !underline-offset-4 !decoration-4 !decoration-accent !text-md\" rel=\"nofollow noopener\" target=\"_blank\">Iivo ja Saana Niskanen ilmoittivat iloisia uutisia \u2013 \u201dpieni rakas\u201d<\/a><\/p>\n<p class=\"wp-block-paragraph\">Elg kertoo asiasta Instagram-tililleen julkaisemallaan suloisella videolla, jossa h\u00e4n tanssii pikkuinen kuopuksensa syliss\u00e4\u00e4n.<\/p>\n<p class=\"wp-block-paragraph\">\u2013 T\u00e4\u00e4ll\u00e4 me ollaan ja odotetaan Tanssii t\u00e4htien kanssa -kauden alkua, videon saatetekstiss\u00e4 lukee.<\/p>\n<p class=\"wp-block-paragraph\">Julkaisu on ker\u00e4nnyt hurjasti kommentteja:<\/p>\n<p class=\"wp-block-paragraph\">\u2013 Niin PAL onnea ihanat! kirjoittaa Salatuissa el\u00e4miss\u00e4 Sallaa n\u00e4yttelev\u00e4 <strong>Hanna Kinnunen<\/strong>.<\/p>\n<p class=\"wp-block-paragraph\">\u2013 Paljon onnea! toivottaa laulaja <strong>Krista Siegfrids<\/strong>.<\/p>\n<p>Lue my\u00f6s: <a href=\"https:\/\/www.voice.fi\/viihde\/janne-ja-krista-katajan-lapsi-on-syntynyt-uusi-pelaaja-saapui-seuraan-erittain-vahaisella-pelikokemuksella\" title=\"Janne ja Krista Katajan lapsi on syntynyt \u2013 \u201dUusi pelaaja saapui seuraan eritt\u00e4in v\u00e4h\u00e4isell\u00e4 pelikokemuksella\u201d\" class=\"underline-custom !font-heading !font-bold !underline-offset-4 !decoration-4 !decoration-accent !text-md\" rel=\"nofollow noopener\" target=\"_blank\">Janne ja Krista Katajan lapsi on syntynyt \u2013 \u201dUusi pelaaja saapui seuraan eritt\u00e4in v\u00e4h\u00e4isell\u00e4 pelikokemuksella\u201d<\/a><\/p>\n<p>Lue my\u00f6s: <a href=\"https:\/\/www.voice.fi\/viihde\/ttk-opettaja-anniina-koivuniemi-ilmoitti-ilouutisen-vauva\" title=\"TTK-opettaja Anniina Koivuniemi ilmoitti ilouutisen: vauva!\" class=\"underline-custom !font-heading !font-bold !underline-offset-4 !decoration-4 !decoration-accent !text-md\" rel=\"nofollow noopener\" target=\"_blank\">TTK-opettaja Anniina Koivuniemi ilmoitti ilouutisen: vauva!<\/a><\/p>\n<p class=\"wp-block-paragraph\">\u2013 Voi el\u00e4m\u00e4. M\u00e4 en kest\u00e4 et en oo viel\u00e4 ehtiny tulla k\u00e4ym\u00e4\u00e4n. H\u00e4n on IHANA ja \u00e4iti my\u00f6s, kommentoi TTK-opettaja <strong>Saana Akiola<\/strong>.<\/p>\n<p class=\"wp-block-paragraph\">\u2013 Voihan rakkaus. Niin paljon onnea! hihkuu my\u00f6s entinen Salkkarin\u00e4yttelij\u00e4 <strong>Sara Parikka<\/strong>.<\/p>\n<p class=\"wp-block-paragraph\">\u2013 Onnea rakkaat, toivottaa vaatesuunnittelija <strong>Riikka Ik\u00e4heimo<\/strong>.<\/p>\n","protected":false},"excerpt":{"rendered":"Muun muassa\u00a0Salatut el\u00e4m\u00e4t\u00a0-saippuasarjan Eva Tammisena tunnettu n\u00e4yttelij\u00e4\u00a0sek\u00e4 Tanssii t\u00e4htien kanssa -ohjelman tanssinopettajana kaudella 14 n\u00e4hty Tiia Elg, 40,&hellip;\n","protected":false},"author":2,"featured_media":335733,"comment_status":"","ping_status":"","sticky":false,"template":"","format":"standard","meta":{"footnotes":"","_share_on_mastodon":"0"},"categories":[136],"tags":[407,137,33,31,30,408,41651,32,18315,1461,6394,109],"class_list":["post-335732","post","type-post","status-publish","format-standard","has-post-thumbnail","category-julkkikset","tag-celebrities","tag-entertainment","tag-fi","tag-finland","tag-finnish","tag-julkkikset","tag-lapsen-syntyma","tag-suomi","tag-tiia-elg","tag-vauva","tag-vauvauutinen","tag-viihde"],"share_on_mastodon":{"url":"https:\/\/pubeurope.com\/@fi\/117173115067951370","error":""},"_links":{"self":[{"href":"https:\/\/www.europesays.com\/fi\/wp-json\/wp\/v2\/posts\/335732","targetHints":{"allow":["GET"]}}],"collection":[{"href":"https:\/\/www.europesays.com\/fi\/wp-json\/wp\/v2\/posts"}],"about":[{"href":"https:\/\/www.europesays.com\/fi\/wp-json\/wp\/v2\/types\/post"}],"author":[{"embeddable":true,"href":"https:\/\/www.europesays.com\/fi\/wp-json\/wp\/v2\/users\/2"}],"replies":[{"embeddable":true,"href":"https:\/\/www.europesays.com\/fi\/wp-json\/wp\/v2\/comments?post=335732"}],"version-history":[{"count":0,"href":"https:\/\/www.europesays.com\/fi\/wp-json\/wp\/v2\/posts\/335732\/revisions"}],"wp:featuredmedia":[{"embeddable":true,"href":"https:\/\/www.europesays.com\/fi\/wp-json\/wp\/v2\/media\/335733"}],"wp:attachment":[{"href":"https:\/\/www.europesays.com\/fi\/wp-json\/wp\/v2\/media?parent=335732"}],"wp:term":[{"taxonomy":"category","embeddable":true,"href":"https:\/\/www.europesays.com\/fi\/wp-json\/wp\/v2\/categories?post=335732"},{"taxonomy":"post_tag","embeddable":true,"href":"https:\/\/www.europesays.com\/fi\/wp-json\/wp\/v2\/tags?post=335732"}],"curies":[{"name":"wp","href":"https:\/\/api.w.org\/{rel}","templated":true}]}}