{"id":335798,"date":"2026-08-28T14:14:12","date_gmt":"2026-08-28T14:14:12","guid":{"rendered":"https:\/\/www.europesays.com\/fi\/335798\/"},"modified":"2026-08-28T14:14:12","modified_gmt":"2026-08-28T14:14:12","slug":"martina-aitolehti-levin-asunto-myyty-seiska","status":"publish","type":"post","link":"https:\/\/www.europesays.com\/fi\/335798\/","title":{"rendered":"Martina Aitolehti: Levin-asunto myyty | Seiska"},"content":{"rendered":"<p>\n            Martina Aitolehti ja Hajji Muhis Suomen Kultareservin liikkeen avajaiset 29.7.2026Fredrikinkatu 35<br \/>\n            Jani Korpela\n        <\/p>\n<p class=\"subtitle \">Martina Aitolehti hehkutti viel\u00e4 kaksi vuotta sitten omistavansa Levill\u00e4 loma-asunnon, mik\u00e4 tosin ei aivan pit\u00e4nyt paikkaansa.<\/p>\n<p class=\"article-content article-content-width !bg-background\">Kaksi vuotta sitten  hehkutti<br \/>\nInstagramissaan tekemi\u00e4\u00e4n<br \/>\nkauppoja Levill\u00e4 sijaitsevasta loma-asunnosta.<\/p>\n<p class=\"font-weight-bold m-font-weight-bold article-content article-content-width !bg-background\">Videolla Martina Aitolehti paljastaa itsevarmuutensa salaisuuden.<\/p>\n<p class=\"article-content article-content-width !bg-background\">\u2013 Unelmat on tehty toteutettaviksi, Martina muistutti seuraajiaan Instagramissa.<\/p>\n<p class=\"article-content article-content-width !bg-background\">\u2013 T\u00e4n\u00e4\u00e4n toteutui yksi mun pitk\u00e4aikaisesta<br \/>\nunelmasta omistaa kiinteist\u00f6, Martina iloitsi Levin loma-asunnostaan.<\/p>\n<p class=\"article-content article-content-width !bg-background\">\u2013 Usein<br \/>\nne ei tule helpolla, mutta kun olet valmis tekem\u00e4\u00e4n t\u00f6it\u00e4 ja jatkamaan niin<br \/>\nkauan kunnes tavoite on saavutettu, se palkitsee moninkertaisesti.<\/p>\n<p class=\"article-content article-content-width !bg-background\">Seiska selvitti tuoreeltaan<br \/>\nMartinan loma-asuntokaupat, jotka eiv\u00e4t olleet ihan sit\u00e4, mit\u00e4 h\u00e4nen somessaan esitti.<\/p>\n<p class=\"article-content article-content-width !bg-background\">Kaupparekisterin kiinteist\u00f6sivuilta<br \/>\npaljastui, ett\u00e4 todellisuudessa kiinteist\u00f6n<br \/>\nomistajaksi oli merkitty Palaci Capital Oy, joka oli Martinan Australiasta<br \/>\nkotoisin olevan rakkaan konsultointi- ja sijoitusfirma.<\/p>\n<p>Uudet omistajat<\/p>\n<p class=\"article-content article-content-width !bg-background\">Kun Martinan<br \/>\nja aussirakkaan suhde p\u00e4\u00e4ttyi syksyll\u00e4 2025, Martinalta h\u00e4ipyi my\u00f6s Levin unelma-asunto.\n<\/p>\n<p class=\"article-content article-content-width !bg-background\">Maanmittauslaitoksen<br \/>\nyll\u00e4pit\u00e4m\u00e4st\u00e4 kiinteist\u00f6rekisterist\u00e4 paljastuu, ett\u00e4 jossain vaiheessa<br \/>\nkiinteist\u00f6n omistajuus on siirtynyt takaisin kiinteist\u00f6n rakennuttajalle. <\/p>\n<p class=\"article-content article-content-width !bg-background\">Kes\u00e4kuun 23.<br \/>\np\u00e4iv\u00e4n\u00e4 2026 kiinteist\u00f6 on saanut uudet omistajat. Uudet omistajat ovat ostaneet kiinteist\u00f6n rakennuttajalta.\u00a0<\/p>\n<p class=\"article-content article-content-width !bg-background\">N\u00e4in ollen<br \/>\nMartinan \u201domistama kiinteist\u00f6\u201d ei en\u00e4\u00e4 ole h\u00e4nen omistuksessaan, mit\u00e4 se ei<br \/>\ntosin alun perin ollutkaan.\u00a0<\/p>\n<p>        <a itemprop=\"url\" href=\"https:\/\/www.seiska.fi\/vain-seiskassa\/martina-aitolehden-firma-haastettiin-karajille-taustalla-outo-rahasotku\/1637629\" rel=\"nofollow noopener\" target=\"_blank\"><\/p>\n<p>\nOuto rahasotku\n<\/p>\n<p class=\"section-date\">\n        <strong class=\"article-section\" data-section=\"vain seiskassa\"><br \/>\n            vain seiskassa<br \/>\n        <\/strong><br \/>\n        13.3.2025 05:00\n    <\/p>\n<p>Martina Aitolehden firma haastettiin k\u00e4r\u00e4jille \u2013 taustalla outo rahasotku\n    <\/p>\n<p itemprop=\"description\" class=\"subtitle \">\n    Martinan ja aussirakkaan firmalla on seitsem\u00e4n maksuh\u00e4iri\u00f6merkint\u00e4\u00e4.\n<\/p>\n<p>        <\/a><\/p>\n<p>Firmojen tulos sakkaa<\/p>\n<p class=\"article-content article-content-width !bg-background\">Martina<br \/>\nAitolehti on ollut jo jonkin aikaa otsikoissa taloustilanteensa vuoksi.\u00a0Muutama<br \/>\nviikko sitten h\u00e4n kertoi hakeneensa PTTP Company Oy:ta konkurssiin.<\/p>\n<p class=\"article-content article-content-width !bg-background\">Konkurssia<br \/>\nkummeksuttiin, sill\u00e4 vaikuttaa silt\u00e4, ett\u00e4 Martina tyhjensi firman kassaan<br \/>\nennen konkurssihakemusta. Yksi suurin velkojista oli verohallinto, joka perii 36\u00a0323<br \/>\neuron saataviaan. <\/p>\n<p>Lainmukaiset merkinn\u00e4t puutuvat<\/p>\n<p class=\"article-content article-content-width !bg-background\">My\u00f6s Aitolehti Capital Oy:n tuorein tilinp\u00e4\u00e4t\u00f6s kertoo karua<br \/>\nkielt\u00e4 siit\u00e4, ett\u00e4 t\u00e4ll\u00e4kin firmalla on vaikeaa.\u00a0<\/p>\n<p>        <a itemprop=\"url\" href=\"https:\/\/www.seiska.fi\/kotimaa\/martina-aitolehden-yritys-konkurssiin-1\/2226990\" rel=\"nofollow noopener\" target=\"_blank\"><\/p>\n<p>\nMartina Aitolehti\n<\/p>\n<p class=\"section-date\">\n        <strong class=\"article-section\" data-section=\"kotimaa\"><br \/>\n            kotimaa<br \/>\n        <\/strong><br \/>\n        5.8. 10:08\n    <\/p>\n<p>Martina Aitolehden yritys konkurssiin\n    <\/p>\n<p itemprop=\"description\" class=\"subtitle \">\n    Martina Aitolehden yritys on haettu konkurssiin.\n<\/p>\n<p>        <\/a><\/p>\n<p>                <img decoding=\"async\" src=\"https:\/\/www.europesays.com\/fi\/wp-content\/uploads\/2026\/08\/107080.webp\" width=\"576\" height=\"274\" alt=\"Suomessa ollessaan aussirakas hoiti Martinan Nala-koiraa sek\u00e4 biletti Stefu Thermanin kanssa.\" loading=\"lazy\" \/>            <\/p>\n<p>\n            Suomessa ollessaan aussirakas hoiti Martinan Nala-koiraa sek\u00e4 biletti Stefu Thermanin kanssa.<br \/>\n            Panu H\u00f6rkk\u00f6\n        <\/p>\n<p class=\"article-content article-content-width !bg-background\">Firman omap\u00e4\u00e4oma on miinuksella<br \/>\n101\u00a0894 euron verran, eik\u00e4 Martina ole tehnyt siit\u00e4 lainmukaista<br \/>\nilmoitusta Patentti- ja rekisterihallitukseen. <\/p>\n<p class=\"article-content article-content-width !bg-background\">Firmalla on lyhytaikaista<br \/>\nlainaa yhteens\u00e4 431\u00a0780 euroa. T\u00e4st\u00e4 summasta ostovelkoja on 26\u00a0467.<br \/>\nTilanne on erityisen huolestuttava, sill\u00e4 yrityksen liikevaihto on ollut nolla<br \/>\neuroa. <\/p>\n<p class=\"article-content article-content-width !bg-background\">N\u00e4in ollen maksukyky lainojen lyhennyksiin on heikko.<\/p>\n<p class=\"article-content article-content-width !bg-background\">Ei ihme,<br \/>\nett\u00e4 <a href=\"https:\/\/www.iltalehti.fi\/viihdeuutiset\/a\/4a54ef35-d7a5-435d-9cbc-a1b51b8b3103\" target=\"_blank\" rel=\"nofollow noopener\">Iltalehden<\/a> analyytikko  luonnehti t\u00e4t\u00e4kin yrityst\u00e4 \u201dkonkurssikyps\u00e4ksi\u201d.<\/p>\n<p>        <a itemprop=\"url\" href=\"https:\/\/www.seiska.fi\/vain-seiskassa\/seiska-selvitti-totuuden-martina-aitolehden-levi-kaupoista-ostajana-onkin-aussirakas\/1460353\" rel=\"nofollow noopener\" target=\"_blank\"><\/p>\n<p class=\"section-date\">\n        <strong class=\"article-section\" data-section=\"vain seiskassa\"><br \/>\n            vain seiskassa<br \/>\n        <\/strong><br \/>\n        17.9.2024 06:00\n    <\/p>\n<p>Seiska selvitti totuuden Martina Aitolehden Levi-kaupoista \u2013 ostajana onkin aussirakas\n    <\/p>\n<p itemprop=\"description\" class=\"subtitle \">\n    Martina hehkutti ostamaansa Levin loma-asuntoa, vaikka totuus on hieman toisenlainen.\n<\/p>\n<p>        <\/a><\/p>\n<p>Mystinen rahalaina<\/p>\n<p class=\"article-content article-content-width !bg-background\">Martinan toinen uusi firma, Aito Creative Oy, on my\u00f6s julkaissut<br \/>\nvuoden 2025 tilinp\u00e4\u00e4t\u00f6stiedot. <\/p>\n<p class=\"article-content article-content-width !bg-background\">T\u00e4m\u00e4nk\u00e4\u00e4n firman osalta talousluvut eiv\u00e4t n\u00e4yt\u00e4 hyvilt\u00e4,<br \/>\nvaikkakin firma sai nostettua liikevaihtoa ja sit\u00e4 kautta k\u00e4\u00e4nnetty\u00e4 tappiollisen<br \/>\ntuloksen voitolliseksi. Firma tuotti voittoa 13\u00a0632 euroa liikevaihdon<br \/>\nollessa 103 470 euroa. <\/p>\n<p class=\"article-content article-content-width !bg-background\">T\u00e4st\u00e4 firmasta Martina maksoi itselleen palkkaa 56\u00a0251 euroa.<br \/>\nFirmalla oli lyhytaikaista velkaa 36\u00a0979 euroa, mutta omap\u00e4\u00e4oma oli 2\u00a0236<br \/>\neuroa plussan puolella.<\/p>\n<p class=\"article-content article-content-width !bg-background\">Lis\u00e4ksi yhti\u00f6n on antanut lainaa 32\u00a0800 euroa. Sit\u00e4, kenelle<br \/>\nMartina on yrityksest\u00e4\u00e4n rahaa lainannut, ei ole selvill\u00e4. Lainasaamista<br \/>\nvoidaan pit\u00e4\u00e4 osakeyhti\u00f6lain varojenjakos\u00e4\u00e4nn\u00f6sten vastaisena, ellei sille<br \/>\nl\u00f6ydy liiketaloudellista perustetta.<\/p>\n<p>                <img decoding=\"async\" src=\"https:\/\/www.europesays.com\/fi\/wp-content\/uploads\/2026\/08\/1787926452_741_2232274.webp\" width=\"576\" height=\"274\" alt=\"Martina Aitolehti nousee nyrkkeilykeh\u00e4\u00e4n, vastustajanaan Nanna Karalahti.\" loading=\"lazy\" \/>            <\/p>\n<p>\n            Martina Aitolehti nousee nyrkkeilykeh\u00e4\u00e4n, vastustajanaan Nanna Karalahti.<br \/>\n            Timo Korhonen\n        <\/p>\n<p>Kuusinumeroinen summa?<\/p>\n<p class=\"article-content article-content-width !bg-background\">Nyt Martina on suostunut nyrkkeilykeh\u00e4\u00e4n  vastaan Immu Fight Night -kamppailutapahtumassa 12.9. <\/p>\n<p class=\"article-content article-content-width !bg-background\">Julkisuudessa esiintyneiden spekulaatioiden mukaan Martina<br \/>\ntienaisi jopa 90\u00a0000 euroa nyrkkeilyottelusta. Summa voi olla jopa enemm\u00e4n, sill\u00e4 <a href=\"https:\/\/www.instagram.com\/martinaaitolehtiofficial\/\" target=\"_blank\" rel=\"nofollow noopener\">Martina julkaisi Instagramissa videon<\/a> itsest\u00e4\u00e4n nyrkkeilyvarusteissa ja mainitsi &#8221;kuusinumeroisesta tilisiirrosta&#8221;.<\/p>\n<p class=\"article-content article-content-width !bg-background\">N\u00e4ht\u00e4v\u00e4ksi j\u00e4\u00e4, saako<br \/>\nMartina pian firmansa talousasiat kuntoon ja toteutuuko Levin unelma t\u00e4ll\u00e4 kertaa oikeasti.\n<\/p>\n<p>        <a itemprop=\"url\" href=\"https:\/\/www.seiska.fi\/vain-seiskassa\/martina-aitolehti-ja-mysteerimiljonaari-viihtyvat-yhdessa\/1668652\" rel=\"nofollow noopener\" target=\"_blank\"><\/p>\n<p>\nMartina Aitolehti\n<\/p>\n<p class=\"section-date\">\n        <strong class=\"article-section\" data-section=\"vain seiskassa\"><br \/>\n            vain seiskassa<br \/>\n        <\/strong><br \/>\n        10.4.2025 06:30\n    <\/p>\n<p>Martina Aitolehti ja mysteerimiljon\u00e4\u00e4ri viihtyv\u00e4t yhdess\u00e4\n    <\/p>\n<p itemprop=\"description\" class=\"subtitle \">\n    Aussirakkaan poissaollessa Martina on viihtynyt yh\u00e4 useammin \u00f6kyrikkaan suomalaisen hevosmiehen seurassa.\n<\/p>\n<p>        <\/a><\/p>\n<p><script async src=\"\/\/www.instagram.com\/embed.js\"><\/script><\/p>\n","protected":false},"excerpt":{"rendered":"Martina Aitolehti ja Hajji Muhis Suomen Kultareservin liikkeen avajaiset 29.7.2026Fredrikinkatu 35 Jani Korpela Martina Aitolehti hehkutti viel\u00e4 kaksi&hellip;\n","protected":false},"author":2,"featured_media":335799,"comment_status":"","ping_status":"","sticky":false,"template":"","format":"standard","meta":{"footnotes":"","_share_on_mastodon":"0"},"categories":[130],"tags":[6684,137,33,31,30,7478,1167,1568,41654,2878,1240,32,10171,109],"class_list":["post-335798","post","type-post","status-publish","format-standard","has-post-thumbnail","category-viihde","tag-aussirakas","tag-entertainment","tag-fi","tag-finland","tag-finnish","tag-firma","tag-konkurssi","tag-levi","tag-loma-asunto","tag-martina-aitolehti","tag-raha","tag-suomi","tag-talousongelmat","tag-viihde"],"share_on_mastodon":{"url":"https:\/\/pubeurope.com\/@fi\/117173555383574234","error":""},"_links":{"self":[{"href":"https:\/\/www.europesays.com\/fi\/wp-json\/wp\/v2\/posts\/335798","targetHints":{"allow":["GET"]}}],"collection":[{"href":"https:\/\/www.europesays.com\/fi\/wp-json\/wp\/v2\/posts"}],"about":[{"href":"https:\/\/www.europesays.com\/fi\/wp-json\/wp\/v2\/types\/post"}],"author":[{"embeddable":true,"href":"https:\/\/www.europesays.com\/fi\/wp-json\/wp\/v2\/users\/2"}],"replies":[{"embeddable":true,"href":"https:\/\/www.europesays.com\/fi\/wp-json\/wp\/v2\/comments?post=335798"}],"version-history":[{"count":0,"href":"https:\/\/www.europesays.com\/fi\/wp-json\/wp\/v2\/posts\/335798\/revisions"}],"wp:featuredmedia":[{"embeddable":true,"href":"https:\/\/www.europesays.com\/fi\/wp-json\/wp\/v2\/media\/335799"}],"wp:attachment":[{"href":"https:\/\/www.europesays.com\/fi\/wp-json\/wp\/v2\/media?parent=335798"}],"wp:term":[{"taxonomy":"category","embeddable":true,"href":"https:\/\/www.europesays.com\/fi\/wp-json\/wp\/v2\/categories?post=335798"},{"taxonomy":"post_tag","embeddable":true,"href":"https:\/\/www.europesays.com\/fi\/wp-json\/wp\/v2\/tags?post=335798"}],"curies":[{"name":"wp","href":"https:\/\/api.w.org\/{rel}","templated":true}]}}