{"id":335832,"date":"2026-08-28T15:06:08","date_gmt":"2026-08-28T15:06:08","guid":{"rendered":"https:\/\/www.europesays.com\/fi\/335832\/"},"modified":"2026-08-28T15:06:08","modified_gmt":"2026-08-28T15:06:08","slug":"apu-sielta-loytyi-jotakin-seela-sella-sai-tahystyksessa-huolestuttavia-uutisia","status":"publish","type":"post","link":"https:\/\/www.europesays.com\/fi\/335832\/","title":{"rendered":"Apu: &#8221;Sielt\u00e4 l\u00f6ytyi jotakin&#8221; \u2013 Seela Sella sai t\u00e4hystyksess\u00e4 huolestuttavia uutisia"},"content":{"rendered":"<p class=\"wp-block-paragraph\">N\u00e4yttelij\u00e4legenda\u00a0<strong>Seela Sella<\/strong>, 89, on ollut keskiviikkona t\u00e4hystyksess\u00e4, kertoo <a href=\"https:\/\/www.apu.fi\/artikkelit\/seela-sella-en-usko-etta-jaksan-enaa-uutta-hoitokierrosta\" target=\"_blank\" rel=\"noreferrer noopener nofollow\">Apu<\/a>.<\/p>\n<p class=\"wp-block-paragraph\">T\u00e4hystys liittyy Sellan sy\u00f6p\u00e4hoitojen j\u00e4lkeen lis\u00e4\u00e4ntyneisiin kipuihin. H\u00e4nelt\u00e4 l\u00f6ydettiin kev\u00e4\u00e4ll\u00e4 alanielun sy\u00f6p\u00e4, jota on hoidettu kes\u00e4n ajan.<\/p>\n<p>Lue my\u00f6s: <a href=\"https:\/\/www.voice.fi\/viihde\/il-sellainen-kasitys-etta-seela-on-terve-on-kaukana-seela-sella-palasi-lavalle\" title=\"IL: \u201dSellainen k\u00e4sitys, ett\u00e4 Seela on terve, on kaukana\u201d \u2013 Seela Sella palasi lavalle\" class=\"underline-custom !font-heading !font-bold !underline-offset-4 !decoration-4 !decoration-accent !text-md\" rel=\"nofollow noopener\" target=\"_blank\">IL: \u201dSellainen k\u00e4sitys, ett\u00e4 Seela on terve, on kaukana\u201d \u2013 Seela Sella palasi lavalle<\/a><\/p>\n<p>Lue my\u00f6s: <a href=\"https:\/\/www.voice.fi\/viihde\/il-seela-sella-on-joutunut-sairaalaan\" title=\"IL: Seela Sella on joutunut sairaalaan\" class=\"underline-custom !font-heading !font-bold !underline-offset-4 !decoration-4 !decoration-accent !text-md\" rel=\"nofollow noopener\" target=\"_blank\">IL: Seela Sella on joutunut sairaalaan<\/a><\/p>\n<p class=\"wp-block-paragraph\">Sella <a href=\"https:\/\/www.voice.fi\/viihde\/il-sellainen-kasitys-etta-seela-on-terve-on-kaukana-seela-sella-palasi-lavalle\" target=\"_blank\" rel=\"noreferrer noopener nofollow\">palasi jo hetkellisesti n\u00e4ytt\u00e4m\u00f6lle<\/a> <strong>Esko Roineen<\/strong> kanssa Rakkauskirjeit\u00e4-n\u00e4ytelm\u00e4n tiimoilta, mutta tulevia esityksi\u00e4 on Sellan voinnin vuoksi jouduttu perumaan.<\/p>\n<p class=\"wp-block-paragraph\">Sella kertoo Avun haastattelussa, ett\u00e4 h\u00e4nen kurkkuunsa sattuu enemm\u00e4n kuin kes\u00e4n lopulla.<\/p>\n<p class=\"wp-block-paragraph\">\u2013 Kaikki asiat ovat nyt huonosti.<\/p>\n<p class=\"wp-block-paragraph\">T\u00e4hystyksest\u00e4 saadut uutiset olivat huolestuttavia:<\/p>\n<p class=\"wp-block-paragraph\">\u2013 L\u00e4\u00e4k\u00e4ri sanoi, ett\u00e4 sielt\u00e4 l\u00f6ytyi jotakin, mutta ei tiedet\u00e4 viel\u00e4 mit\u00e4. Eilen otettiin koepala, Sella kertoo Avulle.<\/p>\n<p>Lue my\u00f6s: <a href=\"https:\/\/www.voice.fi\/ilmiot\/poliisin-etalamauttama-kehitysvammainen-mies-kuoli-poliisia-epaillaan-rikoksista\" title=\"Poliisin et\u00e4lamauttama kehitysvammainen mies kuoli \u2013 poliisia ep\u00e4ill\u00e4\u00e4n rikoksista\" class=\"underline-custom !font-heading !font-bold !underline-offset-4 !decoration-4 !decoration-accent !text-md\" rel=\"nofollow noopener\" target=\"_blank\">Poliisin et\u00e4lamauttama kehitysvammainen mies kuoli \u2013 poliisia ep\u00e4ill\u00e4\u00e4n rikoksista<\/a><\/p>\n<p>Lue my\u00f6s: <a href=\"https:\/\/www.voice.fi\/viihde\/ihan-hirveet-traumat-rita-ja-aki-manninen-pohtivat-koululiikunnan-jattamia-jalkia\" title=\"\u201dIhan hirveet traumat\u201d \u2013\u00a0Rita ja Aki Manninen pohtivat koululiikunnan j\u00e4tt\u00e4mi\u00e4 j\u00e4lki\u00e4\" class=\"underline-custom !font-heading !font-bold !underline-offset-4 !decoration-4 !decoration-accent !text-md\" rel=\"nofollow noopener\" target=\"_blank\">\u201dIhan hirveet traumat\u201d \u2013\u00a0Rita ja Aki Manninen pohtivat koululiikunnan j\u00e4tt\u00e4mi\u00e4 j\u00e4lki\u00e4<\/a><\/p>\n<p class=\"wp-block-paragraph\">H\u00e4n sanoo, ettei usko jaksavansa en\u00e4\u00e4 uutta hoitokierrosta, mik\u00e4li sy\u00f6p\u00e4 on uusiutunut.<\/p>\n<p class=\"wp-block-paragraph\">\u2013 Mutta katsotaan nyt; ensi viikko n\u00e4ytt\u00e4\u00e4, mihin p\u00e4in menn\u00e4\u00e4n, Sella toteaa.<\/p>\n","protected":false},"excerpt":{"rendered":"N\u00e4yttelij\u00e4legenda\u00a0Seela Sella, 89, on ollut keskiviikkona t\u00e4hystyksess\u00e4, kertoo Apu. T\u00e4hystys liittyy Sellan sy\u00f6p\u00e4hoitojen j\u00e4lkeen lis\u00e4\u00e4ntyneisiin kipuihin. H\u00e4nelt\u00e4 l\u00f6ydettiin&hellip;\n","protected":false},"author":2,"featured_media":335833,"comment_status":"","ping_status":"","sticky":false,"template":"","format":"standard","meta":{"footnotes":"","_share_on_mastodon":"0"},"categories":[130],"tags":[137,33,31,30,10494,32,1469,41660,109],"class_list":["post-335832","post","type-post","status-publish","format-standard","has-post-thumbnail","category-viihde","tag-entertainment","tag-fi","tag-finland","tag-finnish","tag-seela-sella","tag-suomi","tag-syopa","tag-tahystys","tag-viihde"],"share_on_mastodon":{"url":"https:\/\/pubeurope.com\/@fi\/117173759853113838","error":""},"_links":{"self":[{"href":"https:\/\/www.europesays.com\/fi\/wp-json\/wp\/v2\/posts\/335832","targetHints":{"allow":["GET"]}}],"collection":[{"href":"https:\/\/www.europesays.com\/fi\/wp-json\/wp\/v2\/posts"}],"about":[{"href":"https:\/\/www.europesays.com\/fi\/wp-json\/wp\/v2\/types\/post"}],"author":[{"embeddable":true,"href":"https:\/\/www.europesays.com\/fi\/wp-json\/wp\/v2\/users\/2"}],"replies":[{"embeddable":true,"href":"https:\/\/www.europesays.com\/fi\/wp-json\/wp\/v2\/comments?post=335832"}],"version-history":[{"count":0,"href":"https:\/\/www.europesays.com\/fi\/wp-json\/wp\/v2\/posts\/335832\/revisions"}],"wp:featuredmedia":[{"embeddable":true,"href":"https:\/\/www.europesays.com\/fi\/wp-json\/wp\/v2\/media\/335833"}],"wp:attachment":[{"href":"https:\/\/www.europesays.com\/fi\/wp-json\/wp\/v2\/media?parent=335832"}],"wp:term":[{"taxonomy":"category","embeddable":true,"href":"https:\/\/www.europesays.com\/fi\/wp-json\/wp\/v2\/categories?post=335832"},{"taxonomy":"post_tag","embeddable":true,"href":"https:\/\/www.europesays.com\/fi\/wp-json\/wp\/v2\/tags?post=335832"}],"curies":[{"name":"wp","href":"https:\/\/api.w.org\/{rel}","templated":true}]}}