{"id":335844,"date":"2026-08-28T15:16:12","date_gmt":"2026-08-28T15:16:12","guid":{"rendered":"https:\/\/www.europesays.com\/fi\/335844\/"},"modified":"2026-08-28T15:16:12","modified_gmt":"2026-08-28T15:16:12","slug":"nasan-avaruusteleskoopin-pelastaminen-meni-pieleen","status":"publish","type":"post","link":"https:\/\/www.europesays.com\/fi\/335844\/","title":{"rendered":"Nasan avaruusteleskoopin pelastaminen meni pieleen"},"content":{"rendered":"<p><strong class=\"typography-bold\">Pelastusoperaatio Nasan Swift-avaruusteleskoopin pelastamiseksi on ep\u00e4onnistunut.<\/strong><\/p>\n<p>Nasan Swift -avaruusteleskoopin pelastusoperaatio on ep\u00e4onnistunut. T\u00e4m\u00e4 tarkoittaa sit\u00e4, ett\u00e4 teleskooppi tulee putoamaan hallitsemattomasti Maahan l\u00e4hitulevaisuudessa.<\/p>\n<p>Swift-avaruusteleskooppi laukaistiin Maata kiert\u00e4v\u00e4lle radalle vuonna 2004 ja se on siit\u00e4 l\u00e4htien tutkinut muun muassa avaruuden gammas\u00e4teily\u00e4.<\/p>\n<p>Yksityisen Katalyst Space -yhti\u00f6n kehitt\u00e4m\u00e4 miehitt\u00e4m\u00e4t\u00f6n LINK -pelastusalus l\u00e4hti pelastamaan ik\u00e4\u00e4ntyv\u00e4\u00e4 Swift-teleskooppia, jotta se ei alkaisi putoamaan kiertoradaltaan.\u00a0<\/p>\n<p>Tavoitteena oli tankata Swift-teleskooppia ja antaa sille lis\u00e4potkua kiertoradalla kulkemiseen.<\/p>\n<p>Pelastusalus joutui kuitenkin itse ongelmiin avaruudessa aiemmin kes\u00e4ll\u00e4. LINK-alus alkoi py\u00f6r\u00e4hdell\u00e4 kiertoradalla yll\u00e4tt\u00e4v\u00e4sti. Aluksen holtiton py\u00f6riminen sai alkunsa alusta kontrolloivien laitteiden s\u00e4hk\u00f6ongelmista.<\/p>\n<p><a class=\"underline\" data-testid=\"external-link\" href=\"https:\/\/www.space.com\/space-exploration\/missions\/after-failure-of-private-rescue-mission-nasas-swift-space-telescope-will-crash-back-to-earth-but-when-and-where\" rel=\"noopener nofollow\" target=\"_blank\">Space.com-avaruussivusto<\/a> uutisoi, ett\u00e4 Swift tulee nyt v\u00e4ist\u00e4m\u00e4tt\u00e4 putoamaan Maahan. Toistaiseksi ei ole kuitenkaan tarkkaa tietoa siit\u00e4, milloin putoaminen lopulta tapahtuu ja minne se tulee putoamaan.<\/p>\n<p>\u2013 Kyll\u00e4, Swift tulee putoamaan hallitsemattomasti Maahan, toteaa Nasan viestint\u00e4asiantuntija <strong class=\"typography-bold\">Alise Fisher<\/strong>.<\/p>\n<p><strong class=\"typography-bold\">Lue my\u00f6s: <\/strong><a class=\"cursor-pointer underline\" data-testid=\"internal-link\" role=\"link\" href=\"https:\/\/www.mtvuutiset.fi\/artikkeli\/nasan-avaruusteleskoopin-pelastaja-joutuikin-itse-kuolonpyoritykseen-emme-luovuta-viela\/9373020\" rel=\"nofollow noopener\" target=\"_blank\"><strong class=\"typography-bold\">Nasan avaruusteleskoopin pelastaja joutuikin itse pulaan<\/strong><\/a><\/p>\n<p>Swiftin ei uskota putoavan ainakaan ennen lokakuuta. Nasa uskoo lis\u00e4ksi, ett\u00e4 valtaosa Swift-teleskoopista tulee palamaan poroksi sen sy\u00f6ksyess\u00e4 Maan ilmakeh\u00e4\u00e4n.<\/p>\n","protected":false},"excerpt":{"rendered":"Pelastusoperaatio Nasan Swift-avaruusteleskoopin pelastamiseksi on ep\u00e4onnistunut. Nasan Swift -avaruusteleskoopin pelastusoperaatio on ep\u00e4onnistunut. T\u00e4m\u00e4 tarkoittaa sit\u00e4, ett\u00e4 teleskooppi tulee&hellip;\n","protected":false},"author":2,"featured_media":335845,"comment_status":"","ping_status":"","sticky":false,"template":"","format":"standard","meta":{"footnotes":"","_share_on_mastodon":"0"},"categories":[114],"tags":[453,33,31,30,118,452,32,119],"class_list":["post-335844","post","type-post","status-publish","format-standard","has-post-thumbnail","category-avaruus","tag-avaruus","tag-fi","tag-finland","tag-finnish","tag-science","tag-space","tag-suomi","tag-tiede"],"share_on_mastodon":{"url":"https:\/\/pubeurope.com\/@fi\/117173799369512513","error":""},"_links":{"self":[{"href":"https:\/\/www.europesays.com\/fi\/wp-json\/wp\/v2\/posts\/335844","targetHints":{"allow":["GET"]}}],"collection":[{"href":"https:\/\/www.europesays.com\/fi\/wp-json\/wp\/v2\/posts"}],"about":[{"href":"https:\/\/www.europesays.com\/fi\/wp-json\/wp\/v2\/types\/post"}],"author":[{"embeddable":true,"href":"https:\/\/www.europesays.com\/fi\/wp-json\/wp\/v2\/users\/2"}],"replies":[{"embeddable":true,"href":"https:\/\/www.europesays.com\/fi\/wp-json\/wp\/v2\/comments?post=335844"}],"version-history":[{"count":0,"href":"https:\/\/www.europesays.com\/fi\/wp-json\/wp\/v2\/posts\/335844\/revisions"}],"wp:featuredmedia":[{"embeddable":true,"href":"https:\/\/www.europesays.com\/fi\/wp-json\/wp\/v2\/media\/335845"}],"wp:attachment":[{"href":"https:\/\/www.europesays.com\/fi\/wp-json\/wp\/v2\/media?parent=335844"}],"wp:term":[{"taxonomy":"category","embeddable":true,"href":"https:\/\/www.europesays.com\/fi\/wp-json\/wp\/v2\/categories?post=335844"},{"taxonomy":"post_tag","embeddable":true,"href":"https:\/\/www.europesays.com\/fi\/wp-json\/wp\/v2\/tags?post=335844"}],"curies":[{"name":"wp","href":"https:\/\/api.w.org\/{rel}","templated":true}]}}