{"id":335892,"date":"2026-08-28T16:31:14","date_gmt":"2026-08-28T16:31:14","guid":{"rendered":"https:\/\/www.europesays.com\/fi\/335892\/"},"modified":"2026-08-28T16:31:14","modified_gmt":"2026-08-28T16:31:14","slug":"luonnonperintosaatio-suojeli-300-kohteensa-kiteella-sijaitseva-metsa-hankittiin-hyvantekevaisyyskonsertin-tuotoilla-pohjois-karjala","status":"publish","type":"post","link":"https:\/\/www.europesays.com\/fi\/335892\/","title":{"rendered":"Luonnon\u00adperint\u00f6\u00ads\u00e4\u00e4ti\u00f6 suojeli 300. kohteensa \u2013 Kiteell\u00e4 sijaitseva mets\u00e4 hankittiin hyv\u00e4n\u00adtekev\u00e4isyys\u00adkonsertin tuotoilla | Pohjois-Karjala"},"content":{"rendered":"<p class=\"aw__sc-1qwuw0s-0 aw__sc-1vg2sqm-0 epAWpq ecELkD yle__article__paragraph\">Mets\u00e4n kerrotaan tarjoavan ravintoa ja suojapaikkoja etenkin p\u00f6lytt\u00e4j\u00e4hy\u00f6nteisille.<\/p>\n<p><img decoding=\"async\" alt=\"Mets\u00e4inen maisema, jossa aurinko paistaa puiden runkojen ja oksien lomasta. Maassa on kuivia oksia ja lehti\u00e4.\" src=\"https:\/\/www.europesays.com\/fi\/wp-content\/uploads\/2026\/08\/1787741068.jpeg\" class=\"aw__sc-dklauk-0 LPzKX\"\/><\/p>\n<p>Avaa kuvien katselu<\/p>\n<p>Kimalaismets\u00e4-nimisen alueen suojelu julkistettiin Suomen luonnon p\u00e4iv\u00e4n\u00e4, 28. elokuuta. Kuva: Harri H\u00f6ltt\u00e4 \/ Luonnonperint\u00f6s\u00e4\u00e4ti\u00f6<\/p>\n<p class=\"aw__sc-1qwuw0s-0 aw__sc-ngllmo-0 epAWpq fzYpjk yle__article__paragraph\">Luonnonperint\u00f6s\u00e4\u00e4ti\u00f6 on suojellut historiansa 300. luontokohteen Suomessa.<\/p>\n<p class=\"aw__sc-1qwuw0s-0 aw__sc-ngllmo-0 epAWpq fzYpjk yle__article__paragraph\">Tasalukuun osunut kohde on Kiteell\u00e4 sijaitseva noin kahden hehtaarin mets\u00e4alue, Kimalaismets\u00e4. Mets\u00e4st\u00e4 l\u00f6ytyy runsaasti raitoja, pajuja ja lahopuuta, jotka tarjoavat ravintoa ja suojapaikkoja hy\u00f6nteisille.<\/p>\n<p class=\"aw__sc-1qwuw0s-0 aw__sc-ngllmo-0 epAWpq fzYpjk yle__article__paragraph\">Alueen suojelu mahdollistui helmikuussa j\u00e4rjestetyn Nouse luonto -konsertin tuotoilla. Helsingin Musiikkitalossa pidetyn hyv\u00e4ntekev\u00e4isyyskonsertin tuotot lahjoitettiin Luonnonperint\u00f6s\u00e4\u00e4ti\u00f6lle.<\/p>\n<p class=\"aw__sc-1qwuw0s-0 aw__sc-ngllmo-0 epAWpq fzYpjk yle__article__paragraph\">Luonnonperint\u00f6s\u00e4\u00e4ti\u00f6 on hankkinut suomalaisia metsi\u00e4 suojeluun vuodesta 1995 l\u00e4htien lahjoitusvaroin.<\/p>\n","protected":false},"excerpt":{"rendered":"Mets\u00e4n kerrotaan tarjoavan ravintoa ja suojapaikkoja etenkin p\u00f6lytt\u00e4j\u00e4hy\u00f6nteisille. Avaa kuvien katselu Kimalaismets\u00e4-nimisen alueen suojelu julkistettiin Suomen luonnon p\u00e4iv\u00e4n\u00e4,&hellip;\n","protected":false},"author":2,"featured_media":335893,"comment_status":"","ping_status":"","sticky":false,"template":"","format":"standard","meta":{"footnotes":"","_share_on_mastodon":"0"},"categories":[117],"tags":[33,31,30,1009,11788,961,2224,72,823,476,1137,118,32,119,477],"class_list":["post-335892","post","type-post","status-publish","format-standard","has-post-thumbnail","category-luonto","tag-fi","tag-finland","tag-finnish","tag-kitee","tag-luonnonperintosaatio","tag-luonnonsuojelu","tag-luonnonsuojelualueet","tag-luonto","tag-metsat","tag-nature","tag-pohjois-karjala","tag-science","tag-suomi","tag-tiede","tag-wildlife"],"share_on_mastodon":{"url":"https:\/\/pubeurope.com\/@fi\/117174094656256264","error":""},"_links":{"self":[{"href":"https:\/\/www.europesays.com\/fi\/wp-json\/wp\/v2\/posts\/335892","targetHints":{"allow":["GET"]}}],"collection":[{"href":"https:\/\/www.europesays.com\/fi\/wp-json\/wp\/v2\/posts"}],"about":[{"href":"https:\/\/www.europesays.com\/fi\/wp-json\/wp\/v2\/types\/post"}],"author":[{"embeddable":true,"href":"https:\/\/www.europesays.com\/fi\/wp-json\/wp\/v2\/users\/2"}],"replies":[{"embeddable":true,"href":"https:\/\/www.europesays.com\/fi\/wp-json\/wp\/v2\/comments?post=335892"}],"version-history":[{"count":0,"href":"https:\/\/www.europesays.com\/fi\/wp-json\/wp\/v2\/posts\/335892\/revisions"}],"wp:featuredmedia":[{"embeddable":true,"href":"https:\/\/www.europesays.com\/fi\/wp-json\/wp\/v2\/media\/335893"}],"wp:attachment":[{"href":"https:\/\/www.europesays.com\/fi\/wp-json\/wp\/v2\/media?parent=335892"}],"wp:term":[{"taxonomy":"category","embeddable":true,"href":"https:\/\/www.europesays.com\/fi\/wp-json\/wp\/v2\/categories?post=335892"},{"taxonomy":"post_tag","embeddable":true,"href":"https:\/\/www.europesays.com\/fi\/wp-json\/wp\/v2\/tags?post=335892"}],"curies":[{"name":"wp","href":"https:\/\/api.w.org\/{rel}","templated":true}]}}