{"id":335930,"date":"2026-08-28T17:46:15","date_gmt":"2026-08-28T17:46:15","guid":{"rendered":"https:\/\/www.europesays.com\/fi\/335930\/"},"modified":"2026-08-28T17:46:15","modified_gmt":"2026-08-28T17:46:15","slug":"yhdysvaltain-keskuspankin-johtaja-varoitteli-inflaatiosta-ja-koronnostosta-uutisia-lyhyesti","status":"publish","type":"post","link":"https:\/\/www.europesays.com\/fi\/335930\/","title":{"rendered":"Yhdysvaltain keskuspankin johtaja varoitteli inflaatiosta ja koronnostosta | Uutisia lyhyesti"},"content":{"rendered":"<p class=\"aw__sc-1qwuw0s-0 aw__sc-1vg2sqm-0 epAWpq ecELkD yle__article__paragraph\">Keskuspankin johtaja Kevin Warsh on ankarissa ristipaineissa.<\/p>\n<p><img decoding=\"async\" alt=\"Tummahiuksinen mies seisoo puhujakorokkeen takana, taustalla Yhdysvaltain keskuspankin tunnuksilla varustetut liput.\" src=\"https:\/\/www.europesays.com\/fi\/wp-content\/uploads\/2026\/08\/1787930584.jpeg\" class=\"aw__sc-dklauk-0 LPzKX\"\/><\/p>\n<p>Avaa kuvien katselu<\/p>\n<p>Fedin p\u00e4\u00e4johtaja Kevin Warsh on vaikeassa tilanteessa, sill\u00e4 presidentti Donald Trump vaatii korkojen alentamista. Kuva: Win McNamee \/ AFP<\/p>\n<p>18:07\u2022P\u00e4ivitetty 18:16<\/p>\n<p class=\"aw__sc-1qwuw0s-0 aw__sc-ngllmo-0 epAWpq fzYpjk yle__article__paragraph\">Yhdysvaltain keskuspankin Fedin p\u00e4\u00e4johtaja <strong class=\"aw__sc-ngllmo-2 gdRrun yle__article__strong\">Kevin Warsh<\/strong> on pit\u00e4nyt linjapuheen pankin vuosikokouksessa.<\/p>\n<p class=\"aw__sc-1qwuw0s-0 aw__sc-ngllmo-0 epAWpq fzYpjk yle__article__paragraph\">Warsh totesi, ett\u00e4 vaikka Yhdysvaltain inflaatio on hieman laskenut toukokuun huippuluvuista, hintojen nousu on edelleen huolestuttavalla tasolla. Hintoja nostavat pohjatrendit eiv\u00e4t ole olennaisesti muuttuneet, h\u00e4n totesi.<\/p>\n<p class=\"aw__sc-1qwuw0s-0 aw__sc-ngllmo-0 epAWpq fzYpjk yle__article__paragraph\">\u2013 Meid\u00e4n pit\u00e4\u00e4 kyet\u00e4 luottamaan siihen, ett\u00e4 pohjainflaatio liikkuu haluamaamme suuntaan selv\u00e4sti ja riitt\u00e4v\u00e4n nopeasti. Muuten meill\u00e4 on ty\u00f6t\u00e4 teht\u00e4v\u00e4n\u00e4, h\u00e4n lausui.<\/p>\n<p class=\"aw__sc-1qwuw0s-0 aw__sc-ngllmo-0 epAWpq fzYpjk yle__article__paragraph\">H\u00e4n lis\u00e4si, ettei nykyinen korkotaso ole haitannut talouden toimintaa.<\/p>\n<p class=\"aw__sc-1qwuw0s-0 aw__sc-ngllmo-0 epAWpq fzYpjk yle__article__paragraph\">Analyytikoiden mukaan t\u00e4m\u00e4 on Warshin toukokuussa alkaneen p\u00e4\u00e4johtajakauden selkein varoitus, ett\u00e4 Fed saattaa nostaa ohjauskorkoa.<\/p>\n<p class=\"aw__sc-1qwuw0s-0 aw__sc-ngllmo-0 epAWpq fzYpjk yle__article__paragraph\">Fedin tavoite on pit\u00e4\u00e4 inflaatio kahdessa prosentissa. Hein\u00e4kuun lukema oli 3,7 prosenttia. Korkojen nosto on t\u00e4rkein keino hillit\u00e4 inflaatiota. Sen haittapuoli on, ett\u00e4 se voi heikent\u00e4\u00e4 talouskasvua.<\/p>\n<p class=\"aw__sc-1qwuw0s-0 aw__sc-ngllmo-0 epAWpq fzYpjk yle__article__paragraph\">Warsh on vaikeassa tilanteessa, sill\u00e4 presidentti <strong class=\"aw__sc-ngllmo-2 gdRrun yle__article__strong\">Donald Trump<\/strong> vaatii korkojen alentamista, jotta talouskasvu kiihtyisi. Samaan aikaan Trumpin aloittama Iranin sota ja sen tuoma polttoaineiden, lannoitteiden ja muiden raaka-aineiden hinnannousu kiihdytt\u00e4\u00e4 inflaatiota.<\/p>\n<p class=\"aw__sc-1qwuw0s-0 aw__sc-ngllmo-0 epAWpq fzYpjk yle__article__paragraph\">L\u00e4hteet: AP, Reuters<\/p>\n","protected":false},"excerpt":{"rendered":"Keskuspankin johtaja Kevin Warsh on ankarissa ristipaineissa. Avaa kuvien katselu Fedin p\u00e4\u00e4johtaja Kevin Warsh on vaikeassa tilanteessa, sill\u00e4&hellip;\n","protected":false},"author":2,"featured_media":335931,"comment_status":"","ping_status":"","sticky":false,"template":"","format":"standard","meta":{"footnotes":"","_share_on_mastodon":"0"},"categories":[76],"tags":[79,77,33,31,30,3245,6474,2458,2619,32,78,56,619,6475,4669],"class_list":["post-335930","post","type-post","status-publish","format-standard","has-post-thumbnail","category-talous","tag-business","tag-economy","tag-fi","tag-finland","tag-finnish","tag-inflaatio","tag-keskuspankit","tag-korko","tag-makrotalous-ja-talouspolitiikka","tag-suomi","tag-talous","tag-ulkomaat","tag-yhdysvallat","tag-yhdysvaltain-keskuspankki","tag-yhdysvaltain-talous"],"share_on_mastodon":{"url":"https:\/\/pubeurope.com\/@fi\/117174389657256516","error":""},"_links":{"self":[{"href":"https:\/\/www.europesays.com\/fi\/wp-json\/wp\/v2\/posts\/335930","targetHints":{"allow":["GET"]}}],"collection":[{"href":"https:\/\/www.europesays.com\/fi\/wp-json\/wp\/v2\/posts"}],"about":[{"href":"https:\/\/www.europesays.com\/fi\/wp-json\/wp\/v2\/types\/post"}],"author":[{"embeddable":true,"href":"https:\/\/www.europesays.com\/fi\/wp-json\/wp\/v2\/users\/2"}],"replies":[{"embeddable":true,"href":"https:\/\/www.europesays.com\/fi\/wp-json\/wp\/v2\/comments?post=335930"}],"version-history":[{"count":0,"href":"https:\/\/www.europesays.com\/fi\/wp-json\/wp\/v2\/posts\/335930\/revisions"}],"wp:featuredmedia":[{"embeddable":true,"href":"https:\/\/www.europesays.com\/fi\/wp-json\/wp\/v2\/media\/335931"}],"wp:attachment":[{"href":"https:\/\/www.europesays.com\/fi\/wp-json\/wp\/v2\/media?parent=335930"}],"wp:term":[{"taxonomy":"category","embeddable":true,"href":"https:\/\/www.europesays.com\/fi\/wp-json\/wp\/v2\/categories?post=335930"},{"taxonomy":"post_tag","embeddable":true,"href":"https:\/\/www.europesays.com\/fi\/wp-json\/wp\/v2\/tags?post=335930"}],"curies":[{"name":"wp","href":"https:\/\/api.w.org\/{rel}","templated":true}]}}