{"id":335992,"date":"2026-08-28T19:31:12","date_gmt":"2026-08-28T19:31:12","guid":{"rendered":"https:\/\/www.europesays.com\/fi\/335992\/"},"modified":"2026-08-28T19:31:12","modified_gmt":"2026-08-28T19:31:12","slug":"jyvaskylalaislahtoinen-sisallontuottaja-tomas-grekov-tekee-uuden-aluevaltauksen-dream-come-true-keski-suomi","status":"publish","type":"post","link":"https:\/\/www.europesays.com\/fi\/335992\/","title":{"rendered":"Jyv\u00e4skyl\u00e4l\u00e4isl\u00e4ht\u00f6inen sis\u00e4ll\u00f6ntuottaja Tomas Grekov tekee uuden aluevaltauksen \u2013 &#8221;Dream come true&#8221; | Keski-Suomi"},"content":{"rendered":"<p>Jyv\u00e4skyl\u00e4l\u00e4isl\u00e4ht\u00f6inen sis\u00e4ll\u00f6ntuottaja <strong>Tomas Grekov<\/strong> tekee uuden aluevaltauksen: h\u00e4n aloittaa radiokanava Loopin aamujuontajana yhdess\u00e4 radiojuontaja <strong>Mia &#8221;Millu&#8221; Haatajan<\/strong> kanssa maanantaista 31. elokuuta alkaen.<\/p>\n<p>\u2013\u2009T\u00e4\u00e4 on ihan dream come true, Grekov hehkuttaa Instagramin tarinat-osiossa.<\/p>\n","protected":false},"excerpt":{"rendered":"Jyv\u00e4skyl\u00e4l\u00e4isl\u00e4ht\u00f6inen sis\u00e4ll\u00f6ntuottaja Tomas Grekov tekee uuden aluevaltauksen: h\u00e4n aloittaa radiokanava Loopin aamujuontajana yhdess\u00e4 radiojuontaja Mia &#8221;Millu&#8221; Haatajan kanssa&hellip;\n","protected":false},"author":2,"featured_media":335993,"comment_status":"","ping_status":"","sticky":false,"template":"","format":"standard","meta":{"footnotes":"","_share_on_mastodon":"0"},"categories":[76],"tags":[3177,79,77,33,31,30,2675,1511,425,2923,979,32,78,139],"class_list":["post-335992","post","type-post","status-publish","format-standard","has-post-thumbnail","category-talous","tag-amazing-race-suomi","tag-business","tag-economy","tag-fi","tag-finland","tag-finnish","tag-instagram","tag-joukkoviestinta","tag-jyvaskyla","tag-podcast","tag-sahkoinen-media","tag-suomi","tag-talous","tag-tv-ohjelmat"],"share_on_mastodon":{"url":"https:\/\/pubeurope.com\/@fi\/117174802076617707","error":""},"_links":{"self":[{"href":"https:\/\/www.europesays.com\/fi\/wp-json\/wp\/v2\/posts\/335992","targetHints":{"allow":["GET"]}}],"collection":[{"href":"https:\/\/www.europesays.com\/fi\/wp-json\/wp\/v2\/posts"}],"about":[{"href":"https:\/\/www.europesays.com\/fi\/wp-json\/wp\/v2\/types\/post"}],"author":[{"embeddable":true,"href":"https:\/\/www.europesays.com\/fi\/wp-json\/wp\/v2\/users\/2"}],"replies":[{"embeddable":true,"href":"https:\/\/www.europesays.com\/fi\/wp-json\/wp\/v2\/comments?post=335992"}],"version-history":[{"count":0,"href":"https:\/\/www.europesays.com\/fi\/wp-json\/wp\/v2\/posts\/335992\/revisions"}],"wp:featuredmedia":[{"embeddable":true,"href":"https:\/\/www.europesays.com\/fi\/wp-json\/wp\/v2\/media\/335993"}],"wp:attachment":[{"href":"https:\/\/www.europesays.com\/fi\/wp-json\/wp\/v2\/media?parent=335992"}],"wp:term":[{"taxonomy":"category","embeddable":true,"href":"https:\/\/www.europesays.com\/fi\/wp-json\/wp\/v2\/categories?post=335992"},{"taxonomy":"post_tag","embeddable":true,"href":"https:\/\/www.europesays.com\/fi\/wp-json\/wp\/v2\/tags?post=335992"}],"curies":[{"name":"wp","href":"https:\/\/api.w.org\/{rel}","templated":true}]}}