{"id":336016,"date":"2026-08-28T20:20:11","date_gmt":"2026-08-28T20:20:11","guid":{"rendered":"https:\/\/www.europesays.com\/fi\/336016\/"},"modified":"2026-08-28T20:20:11","modified_gmt":"2026-08-28T20:20:11","slug":"sami-pajari-porhalsi-paraguayn-mm-rallin-karkipaikalle-rajut-soratiet-koettelevat-kuljettajia-urheilua-lyhyesti","status":"publish","type":"post","link":"https:\/\/www.europesays.com\/fi\/336016\/","title":{"rendered":"Sami Pajari porhalsi Paraguayn MM-rallin k\u00e4rkipaikalle \u2013 rajut soratiet koettelevat kuljettajia | Urheilua lyhyesti"},"content":{"rendered":"<p class=\"aw__sc-1qwuw0s-0 aw__sc-1vg2sqm-0 epAWpq ecELkD yle__article__paragraph\">Rengasrikot pudottivat ensin Hayden Paddonin ja sitten Elfyn Evansin Paraguayn MM-rallin k\u00e4rjest\u00e4.<\/p>\n<p>Rallin MM: Sami Pajari nousi Paraguayn MM-rallin k\u00e4rkeen 7. erikoiskokeella<\/p>\n<p>21:50\u2022P\u00e4ivitetty 22:52<\/p>\n<p class=\"aw__sc-1qwuw0s-0 aw__sc-16t12w3-0 epAWpq ilisRd yle__accessibilityText\">Osa artikkelin sis\u00e4ll\u00f6st\u00e4 ei ole v\u00e4ltt\u00e4m\u00e4tt\u00e4 saavutettavissa esimerkiksi ruudunlukuohjelmalla.<\/p>\n<p class=\"aw__sc-1qwuw0s-0 aw__sc-ngllmo-0 epAWpq fzYpjk yle__article__paragraph\">Paraguayn MM-rallin k\u00e4rkipaikka vaihtui kuudennella erikoiskokeella, kun keulassa viilett\u00e4neen Hyundain <strong class=\"aw__sc-ngllmo-2 gdRrun yle__article__strong\">Hayden Paddonin<\/strong> rengas tyhjeni kesken p\u00e4tk\u00e4n.<\/p>\n<p class=\"aw__sc-1qwuw0s-0 aw__sc-ngllmo-0 epAWpq fzYpjk yle__article__paragraph\">Uusiseelantilainen sinnitteli EK:n maaliin, mutta putosi 0,5 sekunnilla kokonaistuloksissa Toyotan <strong class=\"aw__sc-ngllmo-2 gdRrun yle__article__strong\">Elfyn Evansin<\/strong> taakse. Samalla Toyotan <strong class=\"aw__sc-ngllmo-2 gdRrun yle__article__strong\">Sami Pajari<\/strong> nousi Fordin <strong class=\"aw__sc-ngllmo-2 gdRrun yle__article__strong\">Josh McErleanin<\/strong> ohi kolmanneksi, 8,9 sekunnin p\u00e4\u00e4h\u00e4n Evansista.<\/p>\n<p class=\"aw__sc-1qwuw0s-0 aw__sc-ngllmo-0 epAWpq fzYpjk yle__article__paragraph\">MM-sarjan k\u00e4rkimiehen Evansin rengas tyhjeni rallin pisimm\u00e4ll\u00e4, 34 kilometrin mittaisella seiskap\u00e4tk\u00e4ll\u00e4 ja walesilaiselle tuli urakalla takkiin. Pajari kepitti tallikaverinsa minuutilla ja viidell\u00e4 sekunnilla.<\/p>\n<p class=\"aw__sc-1qwuw0s-0 aw__sc-ngllmo-0 epAWpq fzYpjk yle__article__paragraph\">Pohja-ajan seitsem\u00e4nnell\u00e4 erikoiskokeella kellottanut suomalaist\u00e4hti johtaa rallia 12,4 sekunnilla ennen Paddonia. Evans on kolmantena 56,2 sekunnin takamatkalla.<\/p>\n<p class=\"aw__sc-1qwuw0s-0 aw__sc-ngllmo-0 epAWpq fzYpjk yle__article__paragraph\">\u2013 Sujui todella puhtaasti. On aika lottoa saako rengasrikon vai ei. Pit\u00e4\u00e4 olla tyytyv\u00e4inen pariin viimeiseen erikoiskokeeseen. Mit\u00e4 tahansa voi tapahtua, Pajari tuumi.<\/p>\n<p class=\"aw__sc-1qwuw0s-0 aw__sc-ngllmo-0 epAWpq fzYpjk yle__article__paragraph\">T\u00e4n\u00e4\u00e4n ajetaan viel\u00e4 2,5 kilometrin mittainen kahdeksas erikoiskoe kello 23.18 alkaen.<\/p>\n<p class=\"aw__sc-1qwuw0s-0 aw__sc-ngllmo-0 epAWpq fzYpjk yle__article__paragraph\">Paraguayn kiviset soratiet ovat koetelleet kuljettajia. <strong class=\"aw__sc-ngllmo-2 gdRrun yle__article__strong\">Oliver Solberg<\/strong> putosi kolmannen erikoiskokeen ulosajon j\u00e4lkeen nelj\u00e4n minuutin takamatkalle ja <strong class=\"aw__sc-ngllmo-2 gdRrun yle__article__strong\">Adrien Fourmaux<\/strong> on k\u00e4rsinyt lukuisista rengasrikoista.<\/p>\n<p class=\"aw__sc-1qwuw0s-0 aw__sc-ngllmo-0 epAWpq fzYpjk yle__article__paragraph\"><strong class=\"aw__sc-ngllmo-2 gdRrun yle__article__strong\">Sebastien Ogier<\/strong>, <strong class=\"aw__sc-ngllmo-2 gdRrun yle__article__strong\">Thierry Neuville<\/strong> ja <strong class=\"aw__sc-ngllmo-2 gdRrun yle__article__strong\">Takamoto Katsuta<\/strong> joutuivat keskeytt\u00e4m\u00e4\u00e4n aamup\u00e4iv\u00e4n lenkill\u00e4.<\/p>\n<p class=\"aw__sc-1qwuw0s-0 aw__sc-ngllmo-0 epAWpq fzYpjk yle__article__paragraph\">Alla rallin tilanne seitsem\u00e4n erikoiskokeen j\u00e4lkeen. Ralliseuranta <a class=\"aw__sc-ngllmo-1 bTDnwX yle__article__link\" href=\"https:\/\/yle.fi\/aihe\/tekstitv?P=205\" role=\"link\" rel=\"nofollow noopener\" target=\"_blank\">teksti-tv:n sivulla 205.<\/a><\/p>\n","protected":false},"excerpt":{"rendered":"Rengasrikot pudottivat ensin Hayden Paddonin ja sitten Elfyn Evansin Paraguayn MM-rallin k\u00e4rjest\u00e4. Rallin MM: Sami Pajari nousi Paraguayn&hellip;\n","protected":false},"author":2,"featured_media":336017,"comment_status":"","ping_status":"","sticky":false,"template":"","format":"standard","meta":{"footnotes":"","_share_on_mastodon":"0"},"categories":[158],"tags":[33,31,30,3241,3540,5803,159,32,160],"class_list":["post-336016","post","type-post","status-publish","format-standard","has-post-thumbnail","category-urheilu","tag-fi","tag-finland","tag-finnish","tag-ralliautoilu","tag-rallin-mm-sarja","tag-sami-pajari","tag-sports","tag-suomi","tag-urheilu"],"share_on_mastodon":{"url":"https:\/\/pubeurope.com\/@fi\/117174994747553327","error":""},"_links":{"self":[{"href":"https:\/\/www.europesays.com\/fi\/wp-json\/wp\/v2\/posts\/336016","targetHints":{"allow":["GET"]}}],"collection":[{"href":"https:\/\/www.europesays.com\/fi\/wp-json\/wp\/v2\/posts"}],"about":[{"href":"https:\/\/www.europesays.com\/fi\/wp-json\/wp\/v2\/types\/post"}],"author":[{"embeddable":true,"href":"https:\/\/www.europesays.com\/fi\/wp-json\/wp\/v2\/users\/2"}],"replies":[{"embeddable":true,"href":"https:\/\/www.europesays.com\/fi\/wp-json\/wp\/v2\/comments?post=336016"}],"version-history":[{"count":0,"href":"https:\/\/www.europesays.com\/fi\/wp-json\/wp\/v2\/posts\/336016\/revisions"}],"wp:featuredmedia":[{"embeddable":true,"href":"https:\/\/www.europesays.com\/fi\/wp-json\/wp\/v2\/media\/336017"}],"wp:attachment":[{"href":"https:\/\/www.europesays.com\/fi\/wp-json\/wp\/v2\/media?parent=336016"}],"wp:term":[{"taxonomy":"category","embeddable":true,"href":"https:\/\/www.europesays.com\/fi\/wp-json\/wp\/v2\/categories?post=336016"},{"taxonomy":"post_tag","embeddable":true,"href":"https:\/\/www.europesays.com\/fi\/wp-json\/wp\/v2\/tags?post=336016"}],"curies":[{"name":"wp","href":"https:\/\/api.w.org\/{rel}","templated":true}]}}