{"id":336032,"date":"2026-08-28T20:50:14","date_gmt":"2026-08-28T20:50:14","guid":{"rendered":"https:\/\/www.europesays.com\/fi\/336032\/"},"modified":"2026-08-28T20:50:14","modified_gmt":"2026-08-28T20:50:14","slug":"matkailu-viru-hotellin-omistaja-avaa-uuden-hotellin-tallinnaan-teemat","status":"publish","type":"post","link":"https:\/\/www.europesays.com\/fi\/336032\/","title":{"rendered":"Matkailu | Viru-hotellin omistaja avaa uuden hotellin Tallinnaan | Teemat"},"content":{"rendered":"<p>S-ryhm\u00e4n hotelliyhti\u00f6 Sokotel on sopinut uuden merellisen keskustahotellin avaamisesta Tallinnaan. Uusi hotelli valmistuu Tallinnan matkustajasataman kupeeseen rakentuvaan Talsinki-kortteliin.<\/p>\n<p><strong class=\"diks-storyline__impact\">Viime vuosina<\/strong> Sokotel on investoinut erityisesti p\u00e4\u00e4kaupunkiseudun hotellimarkkinaan.<\/p>\n<p>\u2013 Nyt on aika suunnata katseet my\u00f6s Tallinnaan. Sokotel on operoinut Original Sokos Hotel Virua menestyksekk\u00e4\u00e4sti jo yli 20 vuoden ajan, ja haluamme nyt tuoda lis\u00e4\u00e4 kiinnostavia vaihtoehtoja Tallinnan-matkailijoille, Sokotelin toimitusjohtaja <strong>Jari Annala<\/strong> kertoo tiedotteessa.<\/p>\n<p>\t\t<a class=\"diks-gallery__link\" href=\"https:\/\/i.media.fi\/incoming\/t79uj5\/11636463.jpg\/alternates\/FREE_1440\/11636463.jpg\" data-thumbnail=\"\" data-sub-html=\"Hotelli sijaitsee l\u00e4hell\u00e4 Tallinnan matkustajasatamaa. Sokotel\" aria-label=\"Katso isompi kuva\" rel=\"nofollow noopener\" target=\"_blank\"><br \/>\n\t\t\t\t<img class=\"diks-figure__image\" src=\"https:\/\/www.europesays.com\/fi\/wp-content\/uploads\/2026\/08\/11636463.jpg\" loading=\"lazy\" decoding=\"sync\" alt=\"\"\/><\/p>\n<p>\t\t\t<\/a><br \/>\n\t\t\t\t\tHotelli sijaitsee l\u00e4hell\u00e4 Tallinnan matkustajasatamaa. Sokotel<\/p>\n<p>Uusi hotelli avautuu alkuvuodesta 2029 <a href=\"https:\/\/www.helsinginuutiset.fi\/teemat\/9346681\" rel=\"nofollow noopener\" target=\"_blank\">Talsinki-kortteliin<\/a>, joka on vasta rakenteilla. Korttelin rakennuttamisesta vastaa virolaisen liikemiehen<strong> Urmas S\u00f5\u00f5rumaan<\/strong> yritys US Real Estate.<\/p>\n<p>Talsinki on Viron ensimm\u00e4inen longevity-ajatteluun perustuva kaupunkikortteli, jonka l\u00e4ht\u00f6kohtana on ymp\u00e4rist\u00f6, joka tukee terveytt\u00e4, hyvinvointia ja hyv\u00e4\u00e4 el\u00e4m\u00e4\u00e4.<\/p>\n<p>\u2013 Talsinkiin haluttiin hotellin lis\u00e4ksi kumppani, joka ymm\u00e4rt\u00e4\u00e4 koko korttelin ajatuksen. Hotelli on t\u00e4rke\u00e4 osa Talsingin el\u00e4m\u00e4\u00e4 ja palvelukokonaisuutta. Olen erityisen iloinen siit\u00e4, ett\u00e4 hotellikumppaniksi tulee tunnettu suomalainen toimija, jolla on pitk\u00e4 historia my\u00f6s Virossa, S\u00f5\u00f5rumaa sanoo tiedotteessa.<\/p>\n<p>Original Sokos Hotel Talsinkiin tulee 222 sisustettua huonetta, baarialue terasseineen, kaksi kokoustilaa ja aamiaisravintola. Hotellivieraat voivat hy\u00f6dynt\u00e4\u00e4 my\u00f6s Talsinki-korttelin kuntosali- ja spa-palveluita.<\/p>\n<p>Hotellista on lyhyt matka niin matkustajasatamaan kuin Rotermannin kortteliin, joka on nyky\u00e4\u00e4n yksi Tallinnan suosituista ravintola-, ostos- ja kulttuurikeskittymist\u00e4.<\/p>\n","protected":false},"excerpt":{"rendered":"S-ryhm\u00e4n hotelliyhti\u00f6 Sokotel on sopinut uuden merellisen keskustahotellin avaamisesta Tallinnaan. Uusi hotelli valmistuu Tallinnan matkustajasataman kupeeseen rakentuvaan Talsinki-kortteliin.&hellip;\n","protected":false},"author":2,"featured_media":336033,"comment_status":"","ping_status":"","sticky":false,"template":"","format":"standard","meta":{"footnotes":"","_share_on_mastodon":"0"},"categories":[76],"tags":[4362,79,77,33,31,30,2353,923,6304,32,3129,3593,78,4029],"class_list":["post-336032","post","type-post","status-publish","format-standard","has-post-thumbnail","category-talous","tag-baltia","tag-business","tag-economy","tag-fi","tag-finland","tag-finnish","tag-hotellit-ja-majoitus","tag-matkustaminen","tag-s-ryhma","tag-suomi","tag-tallinna","tag-tallinna24","tag-talous","tag-viro"],"share_on_mastodon":{"url":"https:\/\/pubeurope.com\/@fi\/117175113114510034","error":""},"_links":{"self":[{"href":"https:\/\/www.europesays.com\/fi\/wp-json\/wp\/v2\/posts\/336032","targetHints":{"allow":["GET"]}}],"collection":[{"href":"https:\/\/www.europesays.com\/fi\/wp-json\/wp\/v2\/posts"}],"about":[{"href":"https:\/\/www.europesays.com\/fi\/wp-json\/wp\/v2\/types\/post"}],"author":[{"embeddable":true,"href":"https:\/\/www.europesays.com\/fi\/wp-json\/wp\/v2\/users\/2"}],"replies":[{"embeddable":true,"href":"https:\/\/www.europesays.com\/fi\/wp-json\/wp\/v2\/comments?post=336032"}],"version-history":[{"count":0,"href":"https:\/\/www.europesays.com\/fi\/wp-json\/wp\/v2\/posts\/336032\/revisions"}],"wp:featuredmedia":[{"embeddable":true,"href":"https:\/\/www.europesays.com\/fi\/wp-json\/wp\/v2\/media\/336033"}],"wp:attachment":[{"href":"https:\/\/www.europesays.com\/fi\/wp-json\/wp\/v2\/media?parent=336032"}],"wp:term":[{"taxonomy":"category","embeddable":true,"href":"https:\/\/www.europesays.com\/fi\/wp-json\/wp\/v2\/categories?post=336032"},{"taxonomy":"post_tag","embeddable":true,"href":"https:\/\/www.europesays.com\/fi\/wp-json\/wp\/v2\/tags?post=336032"}],"curies":[{"name":"wp","href":"https:\/\/api.w.org\/{rel}","templated":true}]}}