{"id":336088,"date":"2026-08-29T02:20:38","date_gmt":"2026-08-29T02:20:38","guid":{"rendered":"https:\/\/www.europesays.com\/fi\/336088\/"},"modified":"2026-08-29T02:20:38","modified_gmt":"2026-08-29T02:20:38","slug":"en-ole-nahnyt-yhta-tuhoisaa-kertoo-avustustyontekija-tulvien-runtelemasta-nepalista-ulkomaat","status":"publish","type":"post","link":"https:\/\/www.europesays.com\/fi\/336088\/","title":{"rendered":"En ole n\u00e4hnyt yht\u00e4 tuhoisaa, kertoo avustusty\u00f6ntekij\u00e4 tulvien runtelemasta Nepalista | Ulkomaat"},"content":{"rendered":"<p class=\"aw__sc-1qwuw0s-0 aw__sc-1vg2sqm-0 epAWpq ecELkD yle__article__paragraph\">Satoja ihmisi\u00e4 on kuollut ja l\u00e4hemm\u00e4s tuhat on edelleen kateissa. Avustusty\u00f6t paikan p\u00e4\u00e4ll\u00e4 ovat k\u00e4ynniss\u00e4<\/p>\n<p>Tulvat ovat pyyhkineet alleen kokonaisia kyli\u00e4.<\/p>\n<p>27.8. 18:56\u2022P\u00e4ivitetty 27.8. 18:57<\/p>\n<p class=\"aw__sc-1qwuw0s-0 aw__sc-ngllmo-0 epAWpq fzYpjk yle__article__paragraph\">Fidan Nepalin maaohjelmap\u00e4\u00e4llikk\u00f6 <strong class=\"aw__sc-ngllmo-2 gdRrun yle__article__strong\">Kalu Ram Chaudhary<\/strong> toteaa tilanteen Nepalin tulva-alueella olevan eritt\u00e4in haastava.<\/p>\n<p class=\"aw__sc-1qwuw0s-0 aw__sc-ngllmo-0 epAWpq fzYpjk yle__article__paragraph\">\u2013 Verkko-ongelmien takia yhteydenpito on eritt\u00e4in vaikeaa, varsinkin kun s\u00e4hk\u00f6\u00e4 ei ole, joten se vaikeuttaa todella paljon tiedon ker\u00e4\u00e4mist\u00e4 paikan p\u00e4\u00e4lt\u00e4, Chaudhary kertoo.<\/p>\n<p class=\"aw__sc-1qwuw0s-0 aw__sc-ngllmo-0 epAWpq fzYpjk yle__article__paragraph\">Chaudhary on tehnyt Nepalissa avustusty\u00f6t\u00e4 noin 20 vuotta. H\u00e4n sanoo, ettei ole uransa aikana n\u00e4hnyt yht\u00e4 tuhoisaa j\u00e4\u00e4tik\u00f6n romahduksen aiheuttamaa tulvaa.<\/p>\n<p class=\"aw__sc-1qwuw0s-0 aw__sc-ngllmo-0 epAWpq fzYpjk yle__article__paragraph\">Tulva-alue sijaitsee noin 70 kilometri\u00e4 Nepalin p\u00e4\u00e4kaupungista Kathmandusta, josta Yle tavoitti Chaudharyn.<\/p>\n<p class=\"aw__sc-1qwuw0s-0 aw__sc-ngllmo-0 epAWpq fzYpjk yle__article__paragraph\">Tulvat osuivat h\u00e4nen mukaansa yhteens\u00e4 kolmeen Nepalin piirikuntaan ja huuhtoivat useita siltoja menness\u00e4\u00e4n. Tilanteen vuoksi monet paikalliset ovat j\u00e4\u00e4neet joen taakse jumiin ilman s\u00e4hk\u00f6\u00e4.<\/p>\n<p><img decoding=\"async\" alt=\"Tulvivaa vett\u00e4 asutuksen l\u00e4hell\u00e4.\" src=\"https:\/\/www.europesays.com\/fi\/wp-content\/uploads\/2026\/08\/1787829552.jpeg\" loading=\"lazy\" class=\"aw__sc-dklauk-0 LPzKX\"\/><\/p>\n<p>Avaa kuvien katselu<\/p>\n<p>Tulvat ovat tuhonneet useita siltoja. Kuva: Silminn\u00e4kij\u00e4kuva \/ Fida<img decoding=\"async\" alt=\"Osittain sortuneita taloja, joiden edess\u00e4 virtaa tulvivaa vett\u00e4.\" src=\"https:\/\/www.europesays.com\/fi\/wp-content\/uploads\/2026\/08\/1787829563.jpeg\" loading=\"lazy\" class=\"aw__sc-dklauk-0 LPzKX\"\/><\/p>\n<p>Avaa kuvien katselu<\/p>\n<p>Useita taloja sortui tulvissa. Kuva: Silminn\u00e4kij\u00e4kuva \/ Fida<\/p>\n<p class=\"aw__sc-1qwuw0s-0 aw__sc-ngllmo-0 epAWpq fzYpjk yle__article__paragraph\">Vaikeuksista huolimatta Nepalin viranomaiset ovat jatkaneet pelastus- ja etsint\u00e4operaatioita paikan p\u00e4\u00e4ll\u00e4.<\/p>\n<p class=\"aw__sc-1qwuw0s-0 aw__sc-ngllmo-0 epAWpq fzYpjk yle__article__paragraph\">Chaudharyn mukaan toistaiseksi ei ole tarkkaa arviota siit\u00e4, kuinka moni paikallinen on menett\u00e4nyt kotinsa tulvissa. Alueella, jonne tulvat osuivat, sijaitsee kuitenkin kymmeni\u00e4 tuhansia asuinrakennuksia.<\/p>\n<p>Huoli vastaavien luonnonkatastrofien yleistymisest\u00e4<\/p>\n<p class=\"aw__sc-1qwuw0s-0 aw__sc-ngllmo-0 epAWpq fzYpjk yle__article__paragraph\">Nepalin ja Kiinan raja-alueella tapahtuneissa massiivisissa tulvissa on kuollut arviolta satoja ihmisi\u00e4.<\/p>\n<p class=\"aw__sc-1qwuw0s-0 aw__sc-ngllmo-0 epAWpq fzYpjk yle__article__paragraph\">Kuolonuhrien lis\u00e4ksi ainakin l\u00e4hemm\u00e4s tuhat ihmist\u00e4 on edelleen kadoksissa. Suurin osa kadonneista on ulkomaalaisia.<\/p>\n<p class=\"aw__sc-1qwuw0s-0 aw__sc-ngllmo-0 epAWpq fzYpjk yle__article__paragraph\">Alun perin viranomaiset kertoivat virheellisesti, ett\u00e4 raja-alueella tapahtui maanj\u00e4ristys.<\/p>\n<p class=\"aw__sc-1qwuw0s-0 aw__sc-ngllmo-0 epAWpq fzYpjk yle__article__paragraph\"><a class=\"aw__sc-ngllmo-1 bTDnwX yle__article__link\" href=\"https:\/\/earthquake.usgs.gov\/earthquakes\/eventpage\/us7000tbwb\/executive\" role=\"link\" rel=\"nofollow noopener\" target=\"_blank\">Yhdysvaltain geologisen tutkimuslaitoksen mukaan tulvat johtuivat j\u00e4\u00e4tik\u00f6n romahduksesta<\/a>, joka rekister\u00f6itiin magnitudiltaan 5,2:n suuruisena seismisen\u00e4 tapahtumana. Varsinaista maanj\u00e4ristyst\u00e4 ei tutkimuslaitoksen mukaan tapahtunut.<\/p>\n<p class=\"aw__sc-1qwuw0s-0 aw__sc-ngllmo-0 epAWpq fzYpjk yle__article__paragraph\">Chaudhary painottaa kansainv\u00e4lisen yhteisty\u00f6n merkityst\u00e4 mahdollisen ennakkovaroitusj\u00e4rjestelm\u00e4n luomiseksi vastaavien tulvien varalta. H\u00e4nen mukaansa ilmastonmuutos uhkaa yleist\u00e4\u00e4 vastaavien luonnonkatastrofien tapahtumista Nepalissa ja Kiinassa.<\/p>\n<p class=\"aw__sc-1qwuw0s-0 aw__sc-ngllmo-0 epAWpq fzYpjk yle__article__paragraph\">\u2013 Suuri riski t\u00e4lle on olemassa t\u00e4ll\u00e4 hetkell\u00e4 ja my\u00f6s tulevaisuudessa.<\/p>\n<p class=\"aw__sc-1qwuw0s-0 aw__sc-ngllmo-0 epAWpq fzYpjk yle__article__paragraph\">Chaudharyn suurin huoli kohdistuu niiden Nepalin alueiden asukkaisiin, jotka asuvat jokien ja vuorenrinteiden juurilla.<\/p>\n<p><img decoding=\"async\" alt=\"Tulvivaa vett\u00e4, jonka keskell\u00e4 tuhoutuneita rakennuksia.\" src=\"https:\/\/www.europesays.com\/fi\/wp-content\/uploads\/2026\/08\/1787970038_675_1787829552.jpeg\" loading=\"lazy\" class=\"aw__sc-dklauk-0 LPzKX\"\/><\/p>\n<p>Avaa kuvien katselu<\/p>\n<p>Monet jokien varrella asuvat paikalliset ovat ilman ruokaa ja s\u00e4hk\u00f6\u00e4. Kuva: Silminn\u00e4kij\u00e4kuva \/ FidaAvustusty\u00f6t ovat k\u00e4ynniss\u00e4<\/p>\n<p class=\"aw__sc-1qwuw0s-0 aw__sc-ngllmo-0 epAWpq fzYpjk yle__article__paragraph\">Chaudharyn mukaan h\u00e4t\u00e4avun j\u00e4rjestelyt tulva-alueelle on jo aloitettu. Fida <a class=\"aw__sc-ngllmo-1 bTDnwX yle__article__link\" href=\"https:\/\/fida.fi\/uutinen\/fidalta-30-000-eurolla-hataapua-nepaliin\/\" role=\"link\" rel=\"nofollow noopener\" target=\"_blank\">kertoo<\/a> toimittavansa alueelle muun muassa telttoja ja muita h\u00e4t\u00e4majoitustarvikkeita sek\u00e4 valmiita aterioita ja kuivaruokaa.<\/p>\n<p class=\"aw__sc-1qwuw0s-0 aw__sc-ngllmo-0 epAWpq fzYpjk yle__article__paragraph\">\u2013 T\u00e4ll\u00e4 hetkell\u00e4 meid\u00e4n on varmistettava, ett\u00e4 ihmisill\u00e4 on turvallinen majapaikka ja jotain sy\u00f6t\u00e4v\u00e4\u00e4, Chaudhary sanoo.<\/p>\n","protected":false},"excerpt":{"rendered":"Satoja ihmisi\u00e4 on kuollut ja l\u00e4hemm\u00e4s tuhat on edelleen kateissa. Avustusty\u00f6t paikan p\u00e4\u00e4ll\u00e4 ovat k\u00e4ynniss\u00e4 Tulvat ovat pyyhkineet&hellip;\n","protected":false},"author":2,"featured_media":336089,"comment_status":"","ping_status":"","sticky":false,"template":"","format":"standard","meta":{"footnotes":"","_share_on_mastodon":"0"},"categories":[113],"tags":[446,33,41664,31,30,10513,837,118,32,119,56,447],"class_list":["post-336088","post","type-post","status-publish","format-standard","has-post-thumbnail","category-ymparisto","tag-environment","tag-fi","tag-fida-international","tag-finland","tag-finnish","tag-nepal","tag-onnettomuudet","tag-science","tag-suomi","tag-tiede","tag-ulkomaat","tag-ymparisto"],"share_on_mastodon":{"url":"https:\/\/pubeurope.com\/@fi\/117176411790356595","error":""},"_links":{"self":[{"href":"https:\/\/www.europesays.com\/fi\/wp-json\/wp\/v2\/posts\/336088","targetHints":{"allow":["GET"]}}],"collection":[{"href":"https:\/\/www.europesays.com\/fi\/wp-json\/wp\/v2\/posts"}],"about":[{"href":"https:\/\/www.europesays.com\/fi\/wp-json\/wp\/v2\/types\/post"}],"author":[{"embeddable":true,"href":"https:\/\/www.europesays.com\/fi\/wp-json\/wp\/v2\/users\/2"}],"replies":[{"embeddable":true,"href":"https:\/\/www.europesays.com\/fi\/wp-json\/wp\/v2\/comments?post=336088"}],"version-history":[{"count":0,"href":"https:\/\/www.europesays.com\/fi\/wp-json\/wp\/v2\/posts\/336088\/revisions"}],"wp:featuredmedia":[{"embeddable":true,"href":"https:\/\/www.europesays.com\/fi\/wp-json\/wp\/v2\/media\/336089"}],"wp:attachment":[{"href":"https:\/\/www.europesays.com\/fi\/wp-json\/wp\/v2\/media?parent=336088"}],"wp:term":[{"taxonomy":"category","embeddable":true,"href":"https:\/\/www.europesays.com\/fi\/wp-json\/wp\/v2\/categories?post=336088"},{"taxonomy":"post_tag","embeddable":true,"href":"https:\/\/www.europesays.com\/fi\/wp-json\/wp\/v2\/tags?post=336088"}],"curies":[{"name":"wp","href":"https:\/\/api.w.org\/{rel}","templated":true}]}}